{"id":331426,"date":"2025-08-20T11:08:10","date_gmt":"2025-08-20T11:08:10","guid":{"rendered":"https:\/\/www.europesays.com\/fr\/331426\/"},"modified":"2025-08-20T11:08:10","modified_gmt":"2025-08-20T11:08:10","slug":"gante-encagoule-et-porteur-dune-disqueuse-un-cambrioleur-roumain-arrete-en-flagrant-delit-devant-un-magasin-botanic-pres-de-montpellier","status":"publish","type":"post","link":"https:\/\/www.europesays.com\/fr\/331426\/","title":{"rendered":"Gant\u00e9, encagoul\u00e9 et porteur d\u2019une disqueuse\u00a0: un cambrioleur roumain arr\u00eat\u00e9 en flagrant d\u00e9lit devant un magasin Botanic, pr\u00e8s de Montpellier"},"content":{"rendered":"<p>\n                                                                Les faits ont eu lieu dans la nuit de lundi \u00e0 mardi 19\u00a0ao\u00fbt sur la commune de Clapiers, lieu-dit Le Fesquet. Le mis en cause devra r\u00e9pondre de ses actes devant la justice, ce mercredi apr\u00e8s-midi.\n                            <\/p>\n<p>Les gendarmes de la compagnie de Castelnau-le-Lez ont interpell\u00e9 un homme qui s\u2019appr\u00eatait \u00e0 cambrioler le magasin Botanic, implant\u00e9 au lieu-dit Le Fesquet\u00a0\u00e0 Clapiers, au nord de Montpellier, dans la nuit de lundi \u00e0 mardi 19\u00a0ao\u00fbt.<\/p>\n<p>Le suspect, gant\u00e9, encagoul\u00e9 et muni d\u2019une disqueuse, a \u00e9t\u00e9 surpris aux abords de l\u2019enseigne par une patrouille. Il s\u2019agit d\u2019un ressortissant roumain, imm\u00e9diatement plac\u00e9 en garde \u00e0 vue. Pr\u00e9sent\u00e9 ce mercredi matin au parquet de Montpellier, il doit \u00eatre jug\u00e9 en comparution imm\u00e9diate dans la foul\u00e9e.<\/p>\n<p>Deux complices dans la nature<\/p>\n<p>Deux complices pr\u00e9sum\u00e9s, qui l\u2019accompagnaient au moment des faits, ont r\u00e9ussi, pour leur part, \u00e0 prendre la fuite. Ils sont toujours activement recherch\u00e9s par les enqu\u00eateurs.<\/p>\n","protected":false},"excerpt":{"rendered":"Les faits ont eu lieu dans la nuit de lundi \u00e0 mardi 19\u00a0ao\u00fbt sur la commune de Clapiers,&hellip;\n","protected":false},"author":2,"featured_media":331427,"comment_status":"","ping_status":"","sticky":false,"template":"","format":"standard","meta":{"footnotes":""},"categories":[9599],"tags":[1111,11,1777,674,1011,27,2208,12,2680,25],"class_list":{"0":"post-331426","1":"post","2":"type-post","3":"status-publish","4":"format-standard","5":"has-post-thumbnail","7":"category-montpellier","8":"tag-actu","9":"tag-actualites","10":"tag-eu","11":"tag-europe","12":"tag-fr","13":"tag-france","14":"tag-montpellier","15":"tag-news","16":"tag-occitanie","17":"tag-republique-francaise"},"share_on_mastodon":{"url":"https:\/\/pubeurope.com\/@fr\/115060782111508201","error":""},"_links":{"self":[{"href":"https:\/\/www.europesays.com\/fr\/wp-json\/wp\/v2\/posts\/331426","targetHints":{"allow":["GET"]}}],"collection":[{"href":"https:\/\/www.europesays.com\/fr\/wp-json\/wp\/v2\/posts"}],"about":[{"href":"https:\/\/www.europesays.com\/fr\/wp-json\/wp\/v2\/types\/post"}],"author":[{"embeddable":true,"href":"https:\/\/www.europesays.com\/fr\/wp-json\/wp\/v2\/users\/2"}],"replies":[{"embeddable":true,"href":"https:\/\/www.europesays.com\/fr\/wp-json\/wp\/v2\/comments?post=331426"}],"version-history":[{"count":0,"href":"https:\/\/www.europesays.com\/fr\/wp-json\/wp\/v2\/posts\/331426\/revisions"}],"wp:featuredmedia":[{"embeddable":true,"href":"https:\/\/www.europesays.com\/fr\/wp-json\/wp\/v2\/media\/331427"}],"wp:attachment":[{"href":"https:\/\/www.europesays.com\/fr\/wp-json\/wp\/v2\/media?parent=331426"}],"wp:term":[{"taxonomy":"category","embeddable":true,"href":"https:\/\/www.europesays.com\/fr\/wp-json\/wp\/v2\/categories?post=331426"},{"taxonomy":"post_tag","embeddable":true,"href":"https:\/\/www.europesays.com\/fr\/wp-json\/wp\/v2\/tags?post=331426"}],"curies":[{"name":"wp","href":"https:\/\/api.w.org\/{rel}","templated":true}]}}