{"id":331428,"date":"2025-08-20T11:09:12","date_gmt":"2025-08-20T11:09:12","guid":{"rendered":"https:\/\/www.europesays.com\/fr\/331428\/"},"modified":"2025-08-20T11:09:12","modified_gmt":"2025-08-20T11:09:12","slug":"troyes-mhsc-a-quelle-heure-et-sur-quelle-chaine-voir-le-troisieme-match-de-montpellier-en-ligue-2-cette-saison","status":"publish","type":"post","link":"https:\/\/www.europesays.com\/fr\/331428\/","title":{"rendered":"Troyes \u2013 MHSC\u00a0: \u00e0 quelle heure et sur quelle cha\u00eene voir le troisi\u00e8me match de Montpellier en Ligue 2 cette saison\u00a0?"},"content":{"rendered":"<p>\n                                                                Apr\u00e8s un nul inaugural \u00e0 la Mosson, le MHSC a d\u00e9croch\u00e9 sa premi\u00e8re victoire de la saison lundi soir au\u00a0Mans (1-2), offrant enfin un premier succ\u00e8s officiel \u00e0 Zoumana Camara. Les H\u00e9raultais tenteront d\u00e9sormais de confirmer ce samedi 23\u00a0ao\u00fbt face \u00e0 Troyes.\n                            <\/p>\n<p data-end=\"468\" data-start=\"163\">Tenu en \u00e9chec \u00e0 la Mosson par le Red Star lors de la premi\u00e8re journ\u00e9e de Ligue 2 (1-1), le MHSC avait \u00e0 c\u0153ur de d\u00e9bloquer son compteur. Mission accomplie. En cl\u00f4ture de la 2e journ\u00e9e, ce lundi 18\u00a0ao\u00fbt, Montpellier est all\u00e9 s\u2019imposer au stade Marie-Marvingt face au\u00a0Mans (1-2), au terme d\u2019un sc\u00e9nario tardif et haletant.<\/p>\n<p data-end=\"749\" data-start=\"470\">Encore en rodage, les Pailladins ont longtemps pein\u00e9, avant que Coulibaly ne d\u00e9bloque la partie d\u00e8s le retour des vestiaires. L\u2019\u00e9galisation mancelle \u00e0 la 90e +\u00a06 a fait craindre le pire, mais Mendy s\u2019est arrach\u00e9 dans les derni\u00e8res secondes pour offrir un but lib\u00e9rateur \u00e0 Ndiaye.<\/p>\n<p>Une premi\u00e8re pour Camara<\/p>\n<p data-end=\"1036\" data-start=\"751\">Savourant la communion entre son groupe et le parcage h\u00e9raultais, Zoumana Camara a sign\u00e9 sa premi\u00e8re victoire en match officiel depuis son arriv\u00e9e au MHSC en avril. La premi\u00e8re victoire aussi du MHSC depuis le 26\u00a0janvier 2025, \u00e0 l\u2019ext\u00e9rieur, face au TFC. \u00ab\u00a0Fier\u00a0\u00bb du caract\u00e8re affich\u00e9 par son \u00e9quipe, l\u2019entra\u00eeneur esp\u00e8re d\u00e9sormais confirmer cette dynamique.<\/p>\n<p>    \u00c0 quelle heure et sur quelle cha\u00eene suivre la trois\u00e8me journ\u00e9e du MHSC en Ligue 2\u00a0?<\/p>\n<p>Le troisi\u00e8me match de la Paillade\u00a0aura lieu samedi 23\u00a0ao\u00fbt\u00a0face \u00e0 Troyes dans le\u00a0stade de l\u2019Aube. Le coup d\u2019envoi sera donn\u00e9 \u00e0\u00a014h.\u00a0Le match sera diffus\u00e9 sur\u00a0beIN SPORTS 1 et \u00e0 suivre en live sur\u00a0<a href=\"https:\/\/www.midilibre.fr\/sport\/\" target=\"_self\" rel=\"nofollow noopener\">midilibre.fr<\/a>.<\/p>\n","protected":false},"excerpt":{"rendered":"Apr\u00e8s un nul inaugural \u00e0 la Mosson, le MHSC a d\u00e9croch\u00e9 sa premi\u00e8re victoire de la saison lundi&hellip;\n","protected":false},"author":2,"featured_media":331429,"comment_status":"","ping_status":"","sticky":false,"template":"","format":"standard","meta":{"footnotes":""},"categories":[9599],"tags":[1111,11,1777,674,1011,27,2208,12,2680,25],"class_list":{"0":"post-331428","1":"post","2":"type-post","3":"status-publish","4":"format-standard","5":"has-post-thumbnail","7":"category-montpellier","8":"tag-actu","9":"tag-actualites","10":"tag-eu","11":"tag-europe","12":"tag-fr","13":"tag-france","14":"tag-montpellier","15":"tag-news","16":"tag-occitanie","17":"tag-republique-francaise"},"share_on_mastodon":{"url":"https:\/\/pubeurope.com\/@fr\/115060785969571804","error":""},"_links":{"self":[{"href":"https:\/\/www.europesays.com\/fr\/wp-json\/wp\/v2\/posts\/331428","targetHints":{"allow":["GET"]}}],"collection":[{"href":"https:\/\/www.europesays.com\/fr\/wp-json\/wp\/v2\/posts"}],"about":[{"href":"https:\/\/www.europesays.com\/fr\/wp-json\/wp\/v2\/types\/post"}],"author":[{"embeddable":true,"href":"https:\/\/www.europesays.com\/fr\/wp-json\/wp\/v2\/users\/2"}],"replies":[{"embeddable":true,"href":"https:\/\/www.europesays.com\/fr\/wp-json\/wp\/v2\/comments?post=331428"}],"version-history":[{"count":0,"href":"https:\/\/www.europesays.com\/fr\/wp-json\/wp\/v2\/posts\/331428\/revisions"}],"wp:featuredmedia":[{"embeddable":true,"href":"https:\/\/www.europesays.com\/fr\/wp-json\/wp\/v2\/media\/331429"}],"wp:attachment":[{"href":"https:\/\/www.europesays.com\/fr\/wp-json\/wp\/v2\/media?parent=331428"}],"wp:term":[{"taxonomy":"category","embeddable":true,"href":"https:\/\/www.europesays.com\/fr\/wp-json\/wp\/v2\/categories?post=331428"},{"taxonomy":"post_tag","embeddable":true,"href":"https:\/\/www.europesays.com\/fr\/wp-json\/wp\/v2\/tags?post=331428"}],"curies":[{"name":"wp","href":"https:\/\/api.w.org\/{rel}","templated":true}]}}