{"id":331430,"date":"2025-08-20T11:12:15","date_gmt":"2025-08-20T11:12:15","guid":{"rendered":"https:\/\/www.europesays.com\/fr\/331430\/"},"modified":"2025-08-20T11:12:15","modified_gmt":"2025-08-20T11:12:15","slug":"national-la-rencontre-qui-opposera-le-fc-sochaux-a-rouen-se-jouera-a-huis-clos-en-normandie","status":"publish","type":"post","link":"https:\/\/www.europesays.com\/fr\/331430\/","title":{"rendered":"National. La rencontre qui opposera le FC Sochaux \u00e0 Rouen se jouera \u00e0 huis clos en Normandie"},"content":{"rendered":"<p>La troisi\u00e8me journ\u00e9e de National qui verra s\u2019opposer le FC Rouen au FC Sochaux, ce vendredi 22\u00a0ao\u00fbt, se jouera dans un stade Robert-Diochon vide. Le leader apr\u00e8s deux journ\u00e9es effectuera le d\u00e9placement jusqu\u2019en Normandie chez des Rouennais une nouvelle fois priv\u00e9s de leurs supporters. Ils avaient en effet d\u00e9j\u00e0 jou\u00e9 \u00e0 huis clos en entame du championnat contre Fleury 91 (0-0) suite \u00e0 une suite sanction prononc\u00e9e notamment pour \u00ab\u00a0l\u2019utilisation d\u2019engins pyrotechniques et le jet d\u2019un projectile atteignant un officiel\u00a0\u00bb lors du derby contre QRM en avril.<\/p>\n<p>Probablement une bonne chose pour le FCSM, face \u00e0 la sixi\u00e8me \u00e9quipe \u00e0 domicile la saison pass\u00e9e. Et d\u2019autant plus que <a href=\"https:\/\/www.estrepublicain.fr\/sport\/2025\/03\/20\/les-supporters-du-fc-rouen-interdits-de-se-rendre-a-bonal-et-au-centre-ville-de-montbeliard\" target=\"_blank\" rel=\"noopener\">des incidents impressionnants avaient \u00e9clat\u00e9 dans le parcage sochalien \u00e0 l\u2019issue de la derni\u00e8re rencontre<\/a> entre les deux \u00e9quipes \u00e0 Diochon, en octobre\u00a02024. Des dizaines de personnes encagoul\u00e9es et arm\u00e9es de barres de fer avaient p\u00e9n\u00e9tr\u00e9 dans le parcage r\u00e9serv\u00e9 aux supporters du FCSM, sans qu\u2019un affrontement n\u2019ait finalement lieu.<\/p>\n","protected":false},"excerpt":{"rendered":"La troisi\u00e8me journ\u00e9e de National qui verra s\u2019opposer le FC Rouen au FC Sochaux, ce vendredi 22\u00a0ao\u00fbt, se&hellip;\n","protected":false},"author":2,"featured_media":331431,"comment_status":"","ping_status":"","sticky":false,"template":"","format":"standard","meta":{"footnotes":""},"categories":[9587],"tags":[1111,11,10332,1777,674,14186,63,1011,27,8027,18279,12,5161,25,9590,517,14185],"class_list":{"0":"post-331430","1":"post","2":"type-post","3":"status-publish","4":"format-standard","5":"has-post-thumbnail","7":"category-rouen","8":"tag-actu","9":"tag-actualites","10":"tag-edition-belfort-hericourt-montbeliard","11":"tag-eu","12":"tag-europe","13":"tag-fc-sochaux-montbeliard","14":"tag-football","15":"tag-fr","16":"tag-france","17":"tag-montbeliard","18":"tag-montbeliard-ville-25b","19":"tag-news","20":"tag-normandie","21":"tag-republique-francaise","22":"tag-rouen","23":"tag-sport","24":"tag-sport-franc-comtois"},"share_on_mastodon":{"url":"https:\/\/pubeurope.com\/@fr\/115060797789359449","error":""},"_links":{"self":[{"href":"https:\/\/www.europesays.com\/fr\/wp-json\/wp\/v2\/posts\/331430","targetHints":{"allow":["GET"]}}],"collection":[{"href":"https:\/\/www.europesays.com\/fr\/wp-json\/wp\/v2\/posts"}],"about":[{"href":"https:\/\/www.europesays.com\/fr\/wp-json\/wp\/v2\/types\/post"}],"author":[{"embeddable":true,"href":"https:\/\/www.europesays.com\/fr\/wp-json\/wp\/v2\/users\/2"}],"replies":[{"embeddable":true,"href":"https:\/\/www.europesays.com\/fr\/wp-json\/wp\/v2\/comments?post=331430"}],"version-history":[{"count":0,"href":"https:\/\/www.europesays.com\/fr\/wp-json\/wp\/v2\/posts\/331430\/revisions"}],"wp:featuredmedia":[{"embeddable":true,"href":"https:\/\/www.europesays.com\/fr\/wp-json\/wp\/v2\/media\/331431"}],"wp:attachment":[{"href":"https:\/\/www.europesays.com\/fr\/wp-json\/wp\/v2\/media?parent=331430"}],"wp:term":[{"taxonomy":"category","embeddable":true,"href":"https:\/\/www.europesays.com\/fr\/wp-json\/wp\/v2\/categories?post=331430"},{"taxonomy":"post_tag","embeddable":true,"href":"https:\/\/www.europesays.com\/fr\/wp-json\/wp\/v2\/tags?post=331430"}],"curies":[{"name":"wp","href":"https:\/\/api.w.org\/{rel}","templated":true}]}}