{"id":331435,"date":"2025-08-20T11:15:15","date_gmt":"2025-08-20T11:15:15","guid":{"rendered":"https:\/\/www.europesays.com\/fr\/331435\/"},"modified":"2025-08-20T11:15:15","modified_gmt":"2025-08-20T11:15:15","slug":"en-bretagne-le-producteur-dhuiles-elayon-boucle-une-premiere-acquisition","status":"publish","type":"post","link":"https:\/\/www.europesays.com\/fr\/331435\/","title":{"rendered":"En Bretagne, le producteur d\u2019huiles Elayon boucle une premi\u00e8re acquisition"},"content":{"rendered":"<p>Cr\u00e9\u00e9 en 2022 \u00e0 Rennes, le producteur d\u2019huiles et de prot\u00e9ines v\u00e9g\u00e9tales Elayon (ex-Bio Press France) grandit. La petite entreprise, dont le site de production est <a href=\"https:\/\/www.letelegramme.fr\/cotes-d-armor\/loudeac-22600\/de-lhuile-de-colza-et-de-tournesol-made-in-mene-6400790.php\" target=\"_blank\" rel=\"noopener\">install\u00e9 au Men\u00e9 (22)<\/a>, entre Loud\u00e9ac et Lamballe, accueille \u00e0 son capital le fonds r\u00e9gional Re-Sources. Les d\u00e9tails financiers de l\u2019op\u00e9ration, effective depuis le 1er juillet, n\u2019ont pas \u00e9t\u00e9 d\u00e9voil\u00e9s.<\/p>\n<p>Pour Elayon (ex-Bio Press France), l\u2019investissement de Re-Sources \u00e0 son capital est cl\u00e9. Il lui donne les moyens financiers n\u00e9cessaires pour augmenter les capacit\u00e9s de production d\u2019huiles et de tourteaux de colza et de tournesol de son site costarmoricain.<\/p>\n<p>Il lui permet aussi de boucler une premi\u00e8re acquisition (pour un montant confidentiel) : celle de Biolintec, une soci\u00e9t\u00e9 de Granges-sur-Lot (47). Dans un communiqu\u00e9, Elayon indique que ce rachat lui permet \u00ab d\u2019\u00e9largir son portefeuille de produits et de renforcer ses capacit\u00e9s de transformation, notamment sur le segment du soja, strat\u00e9gique pour l\u2019alimentation humaine et animale \u00bb. Avec Biolintec, Elayon compte d\u00e9sormais une trentaine de salari\u00e9s.<\/p>\n","protected":false},"excerpt":{"rendered":"Cr\u00e9\u00e9 en 2022 \u00e0 Rennes, le producteur d\u2019huiles et de prot\u00e9ines v\u00e9g\u00e9tales Elayon (ex-Bio Press France) grandit. La&hellip;\n","protected":false},"author":2,"featured_media":331436,"comment_status":"","ping_status":"","sticky":false,"template":"","format":"standard","meta":{"footnotes":""},"categories":[2821],"tags":[1111,11,5825,829,2171,33,257,1777,674,1011,27,848,46883,2885,12,584,25],"class_list":{"0":"post-331435","1":"post","2":"type-post","3":"status-publish","4":"format-standard","5":"has-post-thumbnail","7":"category-rennes","8":"tag-actu","9":"tag-actualites","10":"tag-agroalimentaire","11":"tag-bretagne","12":"tag-cotes-darmor","13":"tag-economie","14":"tag-entreprise","15":"tag-eu","16":"tag-europe","17":"tag-fr","18":"tag-france","19":"tag-ille-et-vilaine","20":"tag-le-mene","21":"tag-loudeac","22":"tag-news","23":"tag-rennes","24":"tag-republique-francaise"},"share_on_mastodon":{"url":"https:\/\/pubeurope.com\/@fr\/115060809710133701","error":""},"_links":{"self":[{"href":"https:\/\/www.europesays.com\/fr\/wp-json\/wp\/v2\/posts\/331435","targetHints":{"allow":["GET"]}}],"collection":[{"href":"https:\/\/www.europesays.com\/fr\/wp-json\/wp\/v2\/posts"}],"about":[{"href":"https:\/\/www.europesays.com\/fr\/wp-json\/wp\/v2\/types\/post"}],"author":[{"embeddable":true,"href":"https:\/\/www.europesays.com\/fr\/wp-json\/wp\/v2\/users\/2"}],"replies":[{"embeddable":true,"href":"https:\/\/www.europesays.com\/fr\/wp-json\/wp\/v2\/comments?post=331435"}],"version-history":[{"count":0,"href":"https:\/\/www.europesays.com\/fr\/wp-json\/wp\/v2\/posts\/331435\/revisions"}],"wp:featuredmedia":[{"embeddable":true,"href":"https:\/\/www.europesays.com\/fr\/wp-json\/wp\/v2\/media\/331436"}],"wp:attachment":[{"href":"https:\/\/www.europesays.com\/fr\/wp-json\/wp\/v2\/media?parent=331435"}],"wp:term":[{"taxonomy":"category","embeddable":true,"href":"https:\/\/www.europesays.com\/fr\/wp-json\/wp\/v2\/categories?post=331435"},{"taxonomy":"post_tag","embeddable":true,"href":"https:\/\/www.europesays.com\/fr\/wp-json\/wp\/v2\/tags?post=331435"}],"curies":[{"name":"wp","href":"https:\/\/api.w.org\/{rel}","templated":true}]}}