{"id":331437,"date":"2025-08-20T11:16:11","date_gmt":"2025-08-20T11:16:11","guid":{"rendered":"https:\/\/www.europesays.com\/fr\/331437\/"},"modified":"2025-08-20T11:16:11","modified_gmt":"2025-08-20T11:16:11","slug":"le-sporting-cp-accepte-de-vendre-conrad-harder-piste-par-rennes","status":"publish","type":"post","link":"https:\/\/www.europesays.com\/fr\/331437\/","title":{"rendered":"Le Sporting CP accepte de vendre Conrad Harder, pist\u00e9 par Rennes"},"content":{"rendered":"<p>Le d\u00e9part d\u2019Arnaud Kalimuendo vers Nottingham Forest a certes permis d\u2019empocher 30 M\u20ac mais l\u2019attaquant aux 17 r\u00e9alisations la saison pass\u00e9e laisse \u00e9galement un grand vide au Stade Rennais. Il faut recruter un buteur et il ne reste plus qu\u2019une dizaine de jours avant la fermeture du mercato. Les noms ne manquent pas entre Esteban Lepaul, <a href=\"https:\/\/www.footmercato.net\/a3828611201900718664-angers-esteban-lepaul-daccord-avec-rennes\" rel=\"nofollow noopener\" target=\"_blank\">lequel s\u2019est d\u00e9j\u00e0 mis d\u2019accord avec l\u2019\u00e9curie br\u00e9tilienne<\/a>, Brian Brobbey de l\u2019Ajax, Louis Munteanu de Cluj ou encore <a href=\"https:\/\/www.footmercato.net\/joueur\/conrad-harder\/\" rel=\"nofollow noopener\" target=\"_blank\">Conrad Harder<\/a> du <a href=\"https:\/\/www.footmercato.net\/club\/sporting-clube-de-portugal\/\" rel=\"nofollow noopener\" target=\"_blank\">Sporting CP<\/a>.<\/p>\n<p>            La suite apr\u00e8s cette publicit\u00e9<\/p>\n<p>Ce dernier est arriv\u00e9 l\u2019an dernier au Portugal contre 19 M\u20ac. Il devait \u00e0 terme prendre la place de Viktor Gy\u00f6keres, parti \u00e0 Arsenal. Dans un r\u00f4le de 12e homme, le Danois de 20 ans a tout de m\u00eame inscrit 13 buts (en plus de 10 passes d\u00e9cisives) en 54 rencontres toutes comp\u00e9titions confondues mais face \u00e0 l\u2019int\u00e9r\u00eat qu\u2019il suscite, le club lisbo\u00e8te r\u00e9fl\u00e9chit \u00e0 sa vente. D\u2019apr\u00e8s <a href=\"https:\/\/www.record.pt\/futebol\/futebol-nacional\/liga-betclic\/sporting\/detalhe\/sporting-disposto-a-libertar-harder?ref=Sporting_DestaquesPrincipais\" rel=\"nofollow noopener\" target=\"_blank\">Record<\/a>, les Le\u00f5es accepteraient de s\u2019en s\u00e9parer pour au moins 20 M\u20ac. Outre le Stade Rennais, l\u2019AC Milan est int\u00e9ress\u00e9.<\/p>\n<p>\n    Pub. le 20\/08\/2025 12:42<br \/>\n            &#8211; MAJ le 20\/08\/2025 12:53\n    <\/p>\n","protected":false},"excerpt":{"rendered":"Le d\u00e9part d\u2019Arnaud Kalimuendo vers Nottingham Forest a certes permis d\u2019empocher 30 M\u20ac mais l\u2019attaquant aux 17 r\u00e9alisations&hellip;\n","protected":false},"author":2,"featured_media":331438,"comment_status":"","ping_status":"","sticky":false,"template":"","format":"standard","meta":{"footnotes":""},"categories":[2821],"tags":[1111,11,829,1777,674,1011,27,12,584,25],"class_list":{"0":"post-331437","1":"post","2":"type-post","3":"status-publish","4":"format-standard","5":"has-post-thumbnail","7":"category-rennes","8":"tag-actu","9":"tag-actualites","10":"tag-bretagne","11":"tag-eu","12":"tag-europe","13":"tag-fr","14":"tag-france","15":"tag-news","16":"tag-rennes","17":"tag-republique-francaise"},"share_on_mastodon":{"url":"https:\/\/pubeurope.com\/@fr\/115060813635341810","error":""},"_links":{"self":[{"href":"https:\/\/www.europesays.com\/fr\/wp-json\/wp\/v2\/posts\/331437","targetHints":{"allow":["GET"]}}],"collection":[{"href":"https:\/\/www.europesays.com\/fr\/wp-json\/wp\/v2\/posts"}],"about":[{"href":"https:\/\/www.europesays.com\/fr\/wp-json\/wp\/v2\/types\/post"}],"author":[{"embeddable":true,"href":"https:\/\/www.europesays.com\/fr\/wp-json\/wp\/v2\/users\/2"}],"replies":[{"embeddable":true,"href":"https:\/\/www.europesays.com\/fr\/wp-json\/wp\/v2\/comments?post=331437"}],"version-history":[{"count":0,"href":"https:\/\/www.europesays.com\/fr\/wp-json\/wp\/v2\/posts\/331437\/revisions"}],"wp:featuredmedia":[{"embeddable":true,"href":"https:\/\/www.europesays.com\/fr\/wp-json\/wp\/v2\/media\/331438"}],"wp:attachment":[{"href":"https:\/\/www.europesays.com\/fr\/wp-json\/wp\/v2\/media?parent=331437"}],"wp:term":[{"taxonomy":"category","embeddable":true,"href":"https:\/\/www.europesays.com\/fr\/wp-json\/wp\/v2\/categories?post=331437"},{"taxonomy":"post_tag","embeddable":true,"href":"https:\/\/www.europesays.com\/fr\/wp-json\/wp\/v2\/tags?post=331437"}],"curies":[{"name":"wp","href":"https:\/\/api.w.org\/{rel}","templated":true}]}}