{"id":331439,"date":"2025-08-20T11:17:12","date_gmt":"2025-08-20T11:17:12","guid":{"rendered":"https:\/\/www.europesays.com\/fr\/331439\/"},"modified":"2025-08-20T11:17:12","modified_gmt":"2025-08-20T11:17:12","slug":"un-plan-deradication-preventif-lance","status":"publish","type":"post","link":"https:\/\/www.europesays.com\/fr\/331439\/","title":{"rendered":"un plan d\u2019\u00e9radication pr\u00e9ventif lanc\u00e9"},"content":{"rendered":"<p>\u00ab\u00a0On n\u2019arrivera jamais \u00e0 l\u2019\u00e9radiquer, mais il faut limiter sa propagation\u00a0\u00bb, appellent chacun de leur c\u00f4t\u00e9 Olivier Muller et Serge (*), \u00e0 Souffelweyersheim. Tous deux investis dans le plan de lutte contre le frelon asiatique de la municipalit\u00e9, ces habitants en sont m\u00eame \u00e0 l\u2019origine de celui-ci, avec l\u2019\u00e9lue \u00e0 l\u2019action sociale Myriam Joachim. Le premier, apiculteur, voit ses ruches attaqu\u00e9es en ce mois d\u2019ao\u00fbt\u00a0; le second, qui en avait par le pass\u00e9, a attrap\u00e9 depuis mi-juillet pas moins d\u2019une vingtaine de sp\u00e9cimens, dans son jardin.<\/p>\n<p>Depuis ces trois derniers \u00e9t\u00e9s dans l\u2019Eurom\u00e9tropole<\/p>\n<p>\u00ab \u00a0Je l\u2019avais rep\u00e9r\u00e9 pour la premi\u00e8re fois en 2023, c\u2019\u00e9tait encore un peu exceptionnel. Maintenant, l\u2019association d\u2019apiculture [de Strasbourg 1879, dont il est membre, NDLR] ne le recense m\u00eame plus\u00a0\u00bb, retrace Olivier Muller. <a href=\"https:\/\/www.dna.fr\/faits-divers-justice\/2025\/08\/13\/elle-a-ete-piquee-a-cinq-reprises-un-enorme-nid-de-frelons-asiatiques-traite-route-de-bischwiller\" target=\"_blank\" rel=\"noopener\">L\u2019insecte arrive depuis ces trois derniers \u00e9t\u00e9s dans l\u2019Eurom\u00e9tropole<\/a> \u00a0et s\u2019en prend \u00e0 ses abeilles.<\/p>\n<p>Vers le 10\u00a0ao\u00fbt, au verger partag\u00e9 de la commune, deux des quatre ruches install\u00e9es&#8230;<\/p>\n","protected":false},"excerpt":{"rendered":"\u00ab\u00a0On n\u2019arrivera jamais \u00e0 l\u2019\u00e9radiquer, mais il faut limiter sa propagation\u00a0\u00bb, appellent chacun de leur c\u00f4t\u00e9 Olivier Muller&hellip;\n","protected":false},"author":2,"featured_media":331440,"comment_status":"","ping_status":"","sticky":false,"template":"","format":"standard","meta":{"footnotes":""},"categories":[2820],"tags":[1111,11,1867,1984,2880,436,1777,674,107,1011,27,775,12,316,25,71,104,16322,640,3265,1631],"class_list":{"0":"post-331439","1":"post","2":"type-post","3":"status-publish","4":"format-standard","5":"has-post-thumbnail","7":"category-strasbourg","8":"tag-actu","9":"tag-actualites","10":"tag-animaux","11":"tag-conseil-municipal","12":"tag-edition-strasbourg","13":"tag-environnement","14":"tag-eu","15":"tag-europe","16":"tag-fil-info","17":"tag-fr","18":"tag-france","19":"tag-grand-est","20":"tag-news","21":"tag-politique","22":"tag-republique-francaise","23":"tag-sante","24":"tag-societe","25":"tag-souffelweyersheim","26":"tag-strasbourg","27":"tag-strasbourg-nord","28":"tag-vie-associative"},"share_on_mastodon":{"url":"https:\/\/pubeurope.com\/@fr\/115060817500217456","error":""},"_links":{"self":[{"href":"https:\/\/www.europesays.com\/fr\/wp-json\/wp\/v2\/posts\/331439","targetHints":{"allow":["GET"]}}],"collection":[{"href":"https:\/\/www.europesays.com\/fr\/wp-json\/wp\/v2\/posts"}],"about":[{"href":"https:\/\/www.europesays.com\/fr\/wp-json\/wp\/v2\/types\/post"}],"author":[{"embeddable":true,"href":"https:\/\/www.europesays.com\/fr\/wp-json\/wp\/v2\/users\/2"}],"replies":[{"embeddable":true,"href":"https:\/\/www.europesays.com\/fr\/wp-json\/wp\/v2\/comments?post=331439"}],"version-history":[{"count":0,"href":"https:\/\/www.europesays.com\/fr\/wp-json\/wp\/v2\/posts\/331439\/revisions"}],"wp:featuredmedia":[{"embeddable":true,"href":"https:\/\/www.europesays.com\/fr\/wp-json\/wp\/v2\/media\/331440"}],"wp:attachment":[{"href":"https:\/\/www.europesays.com\/fr\/wp-json\/wp\/v2\/media?parent=331439"}],"wp:term":[{"taxonomy":"category","embeddable":true,"href":"https:\/\/www.europesays.com\/fr\/wp-json\/wp\/v2\/categories?post=331439"},{"taxonomy":"post_tag","embeddable":true,"href":"https:\/\/www.europesays.com\/fr\/wp-json\/wp\/v2\/tags?post=331439"}],"curies":[{"name":"wp","href":"https:\/\/api.w.org\/{rel}","templated":true}]}}