{"id":331441,"date":"2025-08-20T11:18:10","date_gmt":"2025-08-20T11:18:10","guid":{"rendered":"https:\/\/www.europesays.com\/fr\/331441\/"},"modified":"2025-08-20T11:18:10","modified_gmt":"2025-08-20T11:18:10","slug":"le-match-strasbourg-brondby-finalement-diffuse-gratuitement","status":"publish","type":"post","link":"https:\/\/www.europesays.com\/fr\/331441\/","title":{"rendered":"Le match Strasbourg-Br\u00f6ndby finalement diffus\u00e9 gratuitement"},"content":{"rendered":"<p>Bonne nouvelle pour les supporters du Racing : le barrage aller de Ligue Conf\u00e9rence entre <a href=\"https:\/\/www.footmercato.net\/club\/rc-strasbourg-alsace\/\" rel=\"nofollow noopener\" target=\"_blank\">Strasbourg<\/a> et Br\u00f6ndby, pr\u00e9vu jeudi \u00e0 20h \u00e0 la Meinau, sera diffus\u00e9 gratuitement. La rencontre sera retransmise sur BFM Alsace ainsi que sur les canaux Twitch et YouTube de RMC Sport, avec un avant-match d\u00e8s 19h30 en direct du stade.<\/p>\n<p>            La suite apr\u00e8s cette publicit\u00e9<\/p>\n<p>Alors que Canal+ ne diffuse la comp\u00e9tition qu\u2019\u00e0 partir de la phase de groupes, un accord a \u00e9t\u00e9 trouv\u00e9 pour permettre aux fans de suivre cette double confrontation europ\u00e9enne. Le match retour, programm\u00e9 le 28 ao\u00fbt au Danemark, sera \u00e9galement disponible gratuitement. Septi\u00e8me de Ligue 1 la saison pass\u00e9e, Strasbourg a manqu\u00e9 de peu une qualification directe en Ligue Europa. Le barrage contre Br\u00f6ndby repr\u00e9sente donc une occasion pr\u00e9cieuse d\u2019accrocher l\u2019Europe et de donner une nouvelle dimension \u00e0 sa saison.<\/p>\n<p>\n    Pub. le 20\/08\/2025 12:50<br \/>\n            &#8211; MAJ le 20\/08\/2025 12:51\n    <\/p>\n","protected":false},"excerpt":{"rendered":"Bonne nouvelle pour les supporters du Racing : le barrage aller de Ligue Conf\u00e9rence entre Strasbourg et Br\u00f6ndby,&hellip;\n","protected":false},"author":2,"featured_media":150184,"comment_status":"","ping_status":"","sticky":false,"template":"","format":"standard","meta":{"footnotes":""},"categories":[2820],"tags":[1111,11,1777,674,1011,27,775,12,25,640],"class_list":{"0":"post-331441","1":"post","2":"type-post","3":"status-publish","4":"format-standard","5":"has-post-thumbnail","7":"category-strasbourg","8":"tag-actu","9":"tag-actualites","10":"tag-eu","11":"tag-europe","12":"tag-fr","13":"tag-france","14":"tag-grand-est","15":"tag-news","16":"tag-republique-francaise","17":"tag-strasbourg"},"share_on_mastodon":{"url":"https:\/\/pubeurope.com\/@fr\/115060821486797833","error":""},"_links":{"self":[{"href":"https:\/\/www.europesays.com\/fr\/wp-json\/wp\/v2\/posts\/331441","targetHints":{"allow":["GET"]}}],"collection":[{"href":"https:\/\/www.europesays.com\/fr\/wp-json\/wp\/v2\/posts"}],"about":[{"href":"https:\/\/www.europesays.com\/fr\/wp-json\/wp\/v2\/types\/post"}],"author":[{"embeddable":true,"href":"https:\/\/www.europesays.com\/fr\/wp-json\/wp\/v2\/users\/2"}],"replies":[{"embeddable":true,"href":"https:\/\/www.europesays.com\/fr\/wp-json\/wp\/v2\/comments?post=331441"}],"version-history":[{"count":0,"href":"https:\/\/www.europesays.com\/fr\/wp-json\/wp\/v2\/posts\/331441\/revisions"}],"wp:featuredmedia":[{"embeddable":true,"href":"https:\/\/www.europesays.com\/fr\/wp-json\/wp\/v2\/media\/150184"}],"wp:attachment":[{"href":"https:\/\/www.europesays.com\/fr\/wp-json\/wp\/v2\/media?parent=331441"}],"wp:term":[{"taxonomy":"category","embeddable":true,"href":"https:\/\/www.europesays.com\/fr\/wp-json\/wp\/v2\/categories?post=331441"},{"taxonomy":"post_tag","embeddable":true,"href":"https:\/\/www.europesays.com\/fr\/wp-json\/wp\/v2\/tags?post=331441"}],"curies":[{"name":"wp","href":"https:\/\/api.w.org\/{rel}","templated":true}]}}