{"id":331442,"date":"2025-08-20T11:19:10","date_gmt":"2025-08-20T11:19:10","guid":{"rendered":"https:\/\/www.europesays.com\/fr\/331442\/"},"modified":"2025-08-20T11:19:10","modified_gmt":"2025-08-20T11:19:10","slug":"je-minterroge-sur-la-conformite-de-loffre-de-la-cci-lattribution-du-port-de-saint-laurent-du-var-devant-le-tribunal","status":"publish","type":"post","link":"https:\/\/www.europesays.com\/fr\/331442\/","title":{"rendered":"\u00ab\u00a0Je m\u2019interroge sur la conformit\u00e9 de l\u2019offre de la CCI\u00a0\u00bb: l\u2019attribution du port de Saint-Laurent-du-Var devant le tribunal"},"content":{"rendered":"<p>\u00ab\u00a0Je m\u2019interroge sur la conformit\u00e9 de l\u2019offre de la CCI, l\u00e2che Philippe Renaudi, \u00e0 la t\u00eate du groupe de BTP Renaudi et un des candidats (1) \u00e0 la d\u00e9l\u00e9gation de service public du port de Saint-Laurent-du-Var. On a pos\u00e9 des questions tr\u00e8s claires \u00e0 la M\u00e9tropole \u00e0 la suite de l&rsquo;attribution du march\u00e9 pour 20 ans \u00e0 la chambre de commerce et d\u2019industrie, le 11 juillet 2025. On n\u2019a re\u00e7u que des r\u00e9ponses g\u00e9n\u00e9rales sans justificatif \u00ab\u00a0, lance Philippe Renaudi.<\/p>\n<p><strong>\u00ab\u00a0On demande les \u00e9l\u00e9ments qui ne nous ont pas \u00e9t\u00e9 communiqu\u00e9s par la M\u00e9tropole\u00a0\u00bb<\/strong><\/p>\n<p>Et le patron du groupe de BTP d\u2019attaquer: \u00ab\u00a0On a d\u00e9cid\u00e9 de faire un recours devant le tribunal administratif. C\u2019est pour cette raison que j\u2019ai d\u00e9missionn\u00e9 de mes mandats de pr\u00e9sident de la CCI Paca et d\u2019\u00e9lu \u00e0 la CCI Nice C\u00f4te d\u2019Azur. On demande les \u00e9l\u00e9ments qui ne nous ont pas \u00e9t\u00e9 communiqu\u00e9s par la M\u00e9tropole, notamment le planning des travaux de la CCI.\u00a0\u00bb<\/p>\n<p>Il faut dire que <a href=\"https:\/\/www.nicematin.com\/economie\/prefet-des-alpes-maritimes-alerte-procureur-bientot-saisi-avis-de-tempete-autour-de-l-octroi-par-la-metropole-de-la-concession-du-port-de-saint-laurent-du-var-a-la-cci-993937\" rel=\"nofollow noopener\" target=\"_blank\">le 11 juillet, lors du conseil m\u00e9tropolitain, Jean-Christophe Picard, \u00e9lu d\u2019opposition Les \u00c9cologistes, a point\u00e9 des incoh\u00e9rences<\/a> dans l\u2019attribution de la concession du port \u00e0 la CCI.<\/p>\n<p>\u00ab\u00a0Pour le sous-crit\u00e8re \u2018\u2018coh\u00e9rence de l\u2019offre financi\u00e8re\u2019\u2019, la CCI obtient la meilleure note\u2026 Pourtant, ce n\u2019est pas elle qui propose le montant d\u2019investissements le plus \u00e9lev\u00e9 (45,4 millions contre 48,9 pour la meilleure offre). C\u2019est curieux. (\u2026) Pour le sous-crit\u00e8re \u2018\u2018m\u00e9thodologie de r\u00e9alisation des travaux\u2019\u2019, la CCI obtient encore la meilleure note&#8230; Pourtant, ce n\u2019est pas elle qui propose la dur\u00e9e des travaux la plus courte (5 ans contre 4 pour les autres offres). C\u2019est \u00e9tonnant. Mais surtout, pourquoi les deux autres candidats proposent-ils une dur\u00e9e de 4 ans? C\u2019est peut-\u00eatre en lien avec le programme technique de travaux qui dispose que le programme d\u2019investissements devra \u00eatre r\u00e9alis\u00e9 dans les 4 premi\u00e8res ann\u00e9es de la concession.\u00a0\u00bb<\/p>\n<p><strong>Une audience le 26 ao\u00fbt au tribunal administratif de Nice<\/strong><\/p>\n<p>L\u2019\u00e9lu d\u2019opposition a fait un signalement au procureur de la R\u00e9publique de Nice au titre de l\u2019article 40 du Code de proc\u00e9dure p\u00e9nale. Un texte permettant \u00e0 \u00ab\u00a0toute autorit\u00e9 constitu\u00e9e, tout officier public ou fonctionnaire qui, dans l\u2019exercice de ses fonctions, acquiert la connaissance d\u2019un crime ou d\u2019un d\u00e9lit\u00a0\u00bb de saisir la justice.<\/p>\n<p>En attendant d\u2019\u00e9ventuelles suites p\u00e9nales, le volet administratif de ce dossier sera \u00e9tudi\u00e9 le mardi 26 ao\u00fbt 2025 devant le tribunal administratif de Nice.<\/p>\n<p>1. Trois candidats \u00e9taient en lice: la chambre de commerce et d\u2019industrie, le groupe de BTP Renaudi et le sp\u00e9cialiste grec de la gestion des ports de plaisance et des marinas D-Marin.<\/p>\n","protected":false},"excerpt":{"rendered":"\u00ab\u00a0Je m\u2019interroge sur la conformit\u00e9 de l\u2019offre de la CCI, l\u00e2che Philippe Renaudi, \u00e0 la t\u00eate du groupe&hellip;\n","protected":false},"author":2,"featured_media":331443,"comment_status":"","ping_status":"","sticky":false,"template":"","format":"standard","meta":{"footnotes":""},"categories":[2819],"tags":[1111,11,33,1777,674,1011,27,303,12,2401,882,25],"class_list":{"0":"post-331442","1":"post","2":"type-post","3":"status-publish","4":"format-standard","5":"has-post-thumbnail","7":"category-nice","8":"tag-actu","9":"tag-actualites","10":"tag-economie","11":"tag-eu","12":"tag-europe","13":"tag-fr","14":"tag-france","15":"tag-justice","16":"tag-news","17":"tag-nice","18":"tag-provence-alpes-cote-dazur","19":"tag-republique-francaise"},"share_on_mastodon":{"url":"https:\/\/pubeurope.com\/@fr\/115060825395938024","error":""},"_links":{"self":[{"href":"https:\/\/www.europesays.com\/fr\/wp-json\/wp\/v2\/posts\/331442","targetHints":{"allow":["GET"]}}],"collection":[{"href":"https:\/\/www.europesays.com\/fr\/wp-json\/wp\/v2\/posts"}],"about":[{"href":"https:\/\/www.europesays.com\/fr\/wp-json\/wp\/v2\/types\/post"}],"author":[{"embeddable":true,"href":"https:\/\/www.europesays.com\/fr\/wp-json\/wp\/v2\/users\/2"}],"replies":[{"embeddable":true,"href":"https:\/\/www.europesays.com\/fr\/wp-json\/wp\/v2\/comments?post=331442"}],"version-history":[{"count":0,"href":"https:\/\/www.europesays.com\/fr\/wp-json\/wp\/v2\/posts\/331442\/revisions"}],"wp:featuredmedia":[{"embeddable":true,"href":"https:\/\/www.europesays.com\/fr\/wp-json\/wp\/v2\/media\/331443"}],"wp:attachment":[{"href":"https:\/\/www.europesays.com\/fr\/wp-json\/wp\/v2\/media?parent=331442"}],"wp:term":[{"taxonomy":"category","embeddable":true,"href":"https:\/\/www.europesays.com\/fr\/wp-json\/wp\/v2\/categories?post=331442"},{"taxonomy":"post_tag","embeddable":true,"href":"https:\/\/www.europesays.com\/fr\/wp-json\/wp\/v2\/tags?post=331442"}],"curies":[{"name":"wp","href":"https:\/\/api.w.org\/{rel}","templated":true}]}}