{"id":331444,"date":"2025-08-20T11:20:10","date_gmt":"2025-08-20T11:20:10","guid":{"rendered":"https:\/\/www.europesays.com\/fr\/331444\/"},"modified":"2025-08-20T11:20:10","modified_gmt":"2025-08-20T11:20:10","slug":"une-course-de-drone-inedite-se-deroule-ce-week-end-pres-de-nice","status":"publish","type":"post","link":"https:\/\/www.europesays.com\/fr\/331444\/","title":{"rendered":"Une course de drone in\u00e9dite se d\u00e9roule ce week-end pr\u00e8s de Nice"},"content":{"rendered":"<p>Le championnat de France Drone racing se d\u00e9roulera, samedi et dimanche, au stade de foot du Mont-Gros de La Gaude. Sur le m\u00eame sch\u00e9ma que la formule 1, les essais libres, la reconnaissance du circuit et les qualifications au chrono se feront le samedi de 8h30 \u00e0 20h.<\/p>\n<p>Dimanche, place \u00e0 la course de 8h \u00e0 16h30. Celle-ci se pr\u00e9sente sur trois tours o\u00f9 les 30 meilleurs pilotes de France vont s\u2019affronter. D\u2019un poids d\u2019un peu moins de 500 grammes, ces engins vont \u00e0 une vitesse de 250 km\/h et atteignent les 100 km\/h en moins d\u2019une demi-seconde.<\/p>\n<p>Parmi les concurrents, on pourra applaudir les organisateurs gaudois Lucas Verdier et Adrien Juan, mais aussi le champion du monde et de France, Kilian Rousseau, \u00e2g\u00e9 de seulement 20 ans. Le spectacle est ouvert \u00e0 tous et gratuit.<\/p>\n<p>Renseignements: <a href=\"http:\/\/Lagaude.fr\" target=\"_blank\" rel=\"noopener nofollow\">Lagaude.fr<\/a><\/p>\n","protected":false},"excerpt":{"rendered":"Le championnat de France Drone racing se d\u00e9roulera, samedi et dimanche, au stade de foot du Mont-Gros de&hellip;\n","protected":false},"author":2,"featured_media":331445,"comment_status":"","ping_status":"","sticky":false,"template":"","format":"standard","meta":{"footnotes":""},"categories":[2819],"tags":[1111,11,1777,674,1011,27,12,2401,882,25,3366],"class_list":{"0":"post-331444","1":"post","2":"type-post","3":"status-publish","4":"format-standard","5":"has-post-thumbnail","7":"category-nice","8":"tag-actu","9":"tag-actualites","10":"tag-eu","11":"tag-europe","12":"tag-fr","13":"tag-france","14":"tag-news","15":"tag-nice","16":"tag-provence-alpes-cote-dazur","17":"tag-republique-francaise","18":"tag-vie-locale"},"share_on_mastodon":{"url":"https:\/\/pubeurope.com\/@fr\/115060829344776321","error":""},"_links":{"self":[{"href":"https:\/\/www.europesays.com\/fr\/wp-json\/wp\/v2\/posts\/331444","targetHints":{"allow":["GET"]}}],"collection":[{"href":"https:\/\/www.europesays.com\/fr\/wp-json\/wp\/v2\/posts"}],"about":[{"href":"https:\/\/www.europesays.com\/fr\/wp-json\/wp\/v2\/types\/post"}],"author":[{"embeddable":true,"href":"https:\/\/www.europesays.com\/fr\/wp-json\/wp\/v2\/users\/2"}],"replies":[{"embeddable":true,"href":"https:\/\/www.europesays.com\/fr\/wp-json\/wp\/v2\/comments?post=331444"}],"version-history":[{"count":0,"href":"https:\/\/www.europesays.com\/fr\/wp-json\/wp\/v2\/posts\/331444\/revisions"}],"wp:featuredmedia":[{"embeddable":true,"href":"https:\/\/www.europesays.com\/fr\/wp-json\/wp\/v2\/media\/331445"}],"wp:attachment":[{"href":"https:\/\/www.europesays.com\/fr\/wp-json\/wp\/v2\/media?parent=331444"}],"wp:term":[{"taxonomy":"category","embeddable":true,"href":"https:\/\/www.europesays.com\/fr\/wp-json\/wp\/v2\/categories?post=331444"},{"taxonomy":"post_tag","embeddable":true,"href":"https:\/\/www.europesays.com\/fr\/wp-json\/wp\/v2\/tags?post=331444"}],"curies":[{"name":"wp","href":"https:\/\/api.w.org\/{rel}","templated":true}]}}