{"id":331446,"date":"2025-08-20T11:21:13","date_gmt":"2025-08-20T11:21:13","guid":{"rendered":"https:\/\/www.europesays.com\/fr\/331446\/"},"modified":"2025-08-20T11:21:13","modified_gmt":"2025-08-20T11:21:13","slug":"prevue-cet-ete-louverture-de-ce-nouvel-hotel-a-ete-reportee","status":"publish","type":"post","link":"https:\/\/www.europesays.com\/fr\/331446\/","title":{"rendered":"pr\u00e9vue cet \u00e9t\u00e9, l&rsquo;ouverture de ce nouvel h\u00f4tel a \u00e9t\u00e9 report\u00e9e"},"content":{"rendered":"<p>            Par<br \/>\n        <strong><br \/>\n            <a href=\"https:\/\/actu.fr\/auteur\/thomas-bernard\" title=\"Consulter tous les articles de Thomas Bernard\" target=\"_blank\" rel=\"noopener\">Thomas Bernard<\/a><br \/>\n        <\/strong><\/p>\n<p>        Publi\u00e9 le<\/p>\n<p>            20 ao\u00fbt 2025 \u00e0 12h16        <\/p>\n<p>Riverains, touristes, habitu\u00e9s de la Ligne 5 de busway et travailleurs ont sans doute d\u00e9j\u00e0 aper\u00e7u les imposants nouveaux b\u00e2timents au 63 boulevard de la Prairie au Duc, sur <strong>l\u2019\u00eele de Nantes<\/strong>. L\u2019op\u00e9ration mixte immobili\u00e8re de 12\u2009000\u00a0m2, baptis\u00e9e<strong> Fusion<\/strong>, pilot\u00e9e par la Samoa (am\u00e9nageur urbain de l\u2019\u00eele de Nantes) est compos\u00e9e de bureaux, de logements et de l\u2019h\u00f4tel Eklo.<\/p>\n<p class=\" wall-content\">L\u2019ouverture de l\u2019h\u00f4tel <a href=\"https:\/\/actu.fr\/pays-de-la-loire\/nantes_44109\/nantes-que-va-devenir-cet-immeuble-en-construction-a-cote-des-machines-de-l-ile_61656033.html\" target=\"_blank\" rel=\"noopener\">pr\u00e9vue pour l\u2019\u00e9t\u00e9 2025, a \u00e9t\u00e9 report\u00e9e<\/a>. Explications.<\/p>\n<p>Ouverture pr\u00e9vue pour janvier\u00a02026<\/p>\n<p class=\" wall-content\">Alert\u00e9e par le compte <a href=\"https:\/\/x.com\/Nanteshype\/status\/1957925582051651956\">Nantes Hype sur X<\/a> (anciennement Twitter), la r\u00e9daction d\u2019<a href=\"https:\/\/actu.fr\/nantes\/\" target=\"_blank\" rel=\"noopener\">actu Nantes<\/a> a contact\u00e9 le groupe Eklo. L\u2019entreprise a <strong>confirm\u00e9 l\u2019ouverture de l\u2019h\u00f4tel pour janvier\u00a02026<\/strong>. L\u2019ouverture a \u00e9t\u00e9 repouss\u00e9e en raison de retards lors des travaux.<\/p>\n<p class=\" wall-content\">Sur son <a href=\"https:\/\/www.eklohotels.com\/fr\/nantes\" target=\"_blank\" rel=\"noopener\">site internet<\/a>, Eklo se pr\u00e9sente comme \u00ab\u2009un concept fran\u00e7ais d\u2019h\u00f4tels \u00e9cologiques, \u00e9conomiques et conviviaux\u2009\u00bb. Le groupe compte plusieurs \u00e9tablissements en France notamment \u00e0 <a href=\"https:\/\/actu.fr\/bordeaux\/\" target=\"_blank\" rel=\"noopener\">Bordeaux<\/a>, <a href=\"https:\/\/actu.fr\/toulouse\/\" target=\"_blank\" rel=\"noopener\">Toulouse<\/a>, <a href=\"https:\/\/actu.fr\/lille\/\" target=\"_blank\" rel=\"noopener\">Lille<\/a> ou encore <a href=\"https:\/\/actu.fr\/lyon\/\" target=\"_blank\" rel=\"noopener\">Lyon<\/a>.<\/p>\n<p class=\" wall-content\">\u00c0 Nantes, l\u2019h\u00f4tel propose <strong>86 chambres et un total de 273 lits<\/strong>. Une offre r\u00e9partie entre 51 chambres doubles, 22 chambres famille et 13 dortoirs. Un bar, un restaurant, une terrasse ext\u00e9rieure, un coffee shop et une salle \u00e9v\u00e9nementielle privatisable sont \u00e9galement pr\u00e9vus.<\/p>\n<p class=\" wall-content\">\u00ab\u2009Je suis persuad\u00e9 que cet h\u00f4tel deviendra un lieu de destination pour les touristes, mais aussi <strong>un rep\u00e8re festif et anim\u00e9 pour les Nantais\u2009\u00bb<\/strong>, avait d\u00e9clar\u00e9 Emmanuel Petit, pr\u00e9sident fondateur d\u2019Eklo, <a href=\"https:\/\/actu.fr\/pays-de-la-loire\/nantes_44109\/nantes-que-va-devenir-cet-immeuble-en-construction-a-cote-des-machines-de-l-ile_61656033.html\" target=\"_blank\" rel=\"noopener\">dans nos colonnes en septembre\u00a02024<\/a>.<\/p>\n<p class=\" wall-content\">Personnalisez votre actualit\u00e9 en ajoutant vos villes et m\u00e9dias en favori avec <a href=\"https:\/\/moncompte.actu.fr\" title=\"D\u00e9couvez Mon Actu\" rel=\"nofollow noopener\" data-trk=\"{&quot;cta&quot;:{&quot;action&quot;:&quot;https:\\\/\\\/moncompte.actu.fr&quot;,&quot;category&quot;:&quot;mon compte&quot;,&quot;from&quot;:&quot;article footer&quot;,&quot;name&quot;:&quot;Mon actu&quot;,&quot;type&quot;:&quot;cta&quot;}}\" target=\"_blank\">Mon Actu<\/a>.<\/p>\n","protected":false},"excerpt":{"rendered":"Par Thomas Bernard Publi\u00e9 le 20 ao\u00fbt 2025 \u00e0 12h16 Riverains, touristes, habitu\u00e9s de la Ligne 5 de&hellip;\n","protected":false},"author":2,"featured_media":331447,"comment_status":"","ping_status":"","sticky":false,"template":"","format":"standard","meta":{"footnotes":""},"categories":[2818],"tags":[1111,11,1777,674,1011,27,1116,766,12,2636,5765,25,104],"class_list":{"0":"post-331446","1":"post","2":"type-post","3":"status-publish","4":"format-standard","5":"has-post-thumbnail","7":"category-nantes","8":"tag-actu","9":"tag-actualites","10":"tag-eu","11":"tag-europe","12":"tag-fr","13":"tag-france","14":"tag-immobilier","15":"tag-nantes","16":"tag-news","17":"tag-pays-de-la-loire","18":"tag-renovation-urbaine","19":"tag-republique-francaise","20":"tag-societe"},"share_on_mastodon":{"url":"https:\/\/pubeurope.com\/@fr\/115060833385499243","error":""},"_links":{"self":[{"href":"https:\/\/www.europesays.com\/fr\/wp-json\/wp\/v2\/posts\/331446","targetHints":{"allow":["GET"]}}],"collection":[{"href":"https:\/\/www.europesays.com\/fr\/wp-json\/wp\/v2\/posts"}],"about":[{"href":"https:\/\/www.europesays.com\/fr\/wp-json\/wp\/v2\/types\/post"}],"author":[{"embeddable":true,"href":"https:\/\/www.europesays.com\/fr\/wp-json\/wp\/v2\/users\/2"}],"replies":[{"embeddable":true,"href":"https:\/\/www.europesays.com\/fr\/wp-json\/wp\/v2\/comments?post=331446"}],"version-history":[{"count":0,"href":"https:\/\/www.europesays.com\/fr\/wp-json\/wp\/v2\/posts\/331446\/revisions"}],"wp:featuredmedia":[{"embeddable":true,"href":"https:\/\/www.europesays.com\/fr\/wp-json\/wp\/v2\/media\/331447"}],"wp:attachment":[{"href":"https:\/\/www.europesays.com\/fr\/wp-json\/wp\/v2\/media?parent=331446"}],"wp:term":[{"taxonomy":"category","embeddable":true,"href":"https:\/\/www.europesays.com\/fr\/wp-json\/wp\/v2\/categories?post=331446"},{"taxonomy":"post_tag","embeddable":true,"href":"https:\/\/www.europesays.com\/fr\/wp-json\/wp\/v2\/tags?post=331446"}],"curies":[{"name":"wp","href":"https:\/\/api.w.org\/{rel}","templated":true}]}}