{"id":331448,"date":"2025-08-20T11:22:12","date_gmt":"2025-08-20T11:22:12","guid":{"rendered":"https:\/\/www.europesays.com\/fr\/331448\/"},"modified":"2025-08-20T11:22:12","modified_gmt":"2025-08-20T11:22:12","slug":"abline-au-bras-de-fer-un-club-de-l1-ne-le-lache-pas","status":"publish","type":"post","link":"https:\/\/www.europesays.com\/fr\/331448\/","title":{"rendered":"Abline au bras de fer, un club de L1 ne le l\u00e2che pas\u00a0!\u00a0"},"content":{"rendered":"<p><strong>Humili\u00e9 par Luis Castro dans le vestiaire du<a href=\"https:\/\/www.butfootballclub.fr\/614426-fc-nantes-les-supporters-ont-impressionne-castro\/\" rel=\"noopener\" target=\"_blank\"> FC Nantes<\/a>, Matthis Abline (22 ans) serait toujours pr\u00eat \u00e0 aller au bras de fer avec sa direction\u2026 en attendant un d\u00e9part au Paris FC\u00a0?<\/strong><\/p>\n<p>Le cas Matthis Abline ne s\u2019arrange pas au <a href=\"https:\/\/www.butfootballclub.fr\/614380-fc-nantes-kita-se-fait-dezinguer-pour-son-hommage-au-psg\/\" rel=\"noopener\" target=\"_blank\">FC Nantes<\/a>. Dans son \u00e9dition du jour, L\u2019\u00c9quipe confirme que l\u2019attaquant des Canaris a \u00e9t\u00e9 pris pour cible par Luis Castro apr\u00e8s la d\u00e9faite contre le PSG (<a href=\"https:\/\/www.butfootballclub.fr\/614260-fc-nantes-psg-paris-parvient-a-faire-rompre-les-canaris-les-tops-flops-et-notes\/\" rel=\"noopener\" target=\"_blank\">0-1<\/a>) en cl\u00f4ture de la 1\u00e8re journ\u00e9e de Ligue 1.\u00ab\u200aUne humiliation\u200a\u00bb, selon son entourage.\u00a0\u00ab\u200aIl a \u00e9t\u00e9 bien cibl\u00e9\u200a\u00bb, admet un autre proche du vestiaire.<strong>\u00a0<\/strong><\/p>\n<p>Le meilleur buteur des Canaris la saison derni\u00e8re (11 r\u00e9alisations toutes comp\u00e9titions confondues), touch\u00e9, n\u2019a pas r\u00e9pondu, et il a re\u00e7u dans la foul\u00e9e des messages de soutien de ses partenaires.<\/p>\n<p><strong>Le Paris FC toujours \u00e0 l\u2019aff\u00fbt pour Abline<\/strong><\/p>\n<p>L\u2019entourage du staff estime surtout avoir \u00e9t\u00e9 d\u00e9\u00e7u par l\u2019entr\u00e9e d\u2019Abline, et pas seulement sur le but encaiss\u00e9, action o\u00f9 il aurait accus\u00e9 du retard. Pas de quoi aider \u00e0 rapprocher les deux parties, alors que se joue toujours en toile de fond le possible d\u00e9part de l\u2019attaquant de 22 ans sous contrat jusqu\u2019en 2028, qui veut partir et qui a\u00a0d\u00e9j\u00e0 eu des sollicitations pouvant d\u00e9sorienter.<\/p>\n<p>Selon Ouest-France, le joueur serait toujours pr\u00eat \u00e0 aller au bras de fer pour forcer son d\u00e9part cet \u00e9t\u00e9. M\u00eame s\u2019il a engag\u00e9 Willem Geubbels, le Paris FC appr\u00e9cie toujours le profil du buteur et pourrait revenir \u00e0 la charge. Mais \u00e0 Nantes, particuli\u00e8rement courrouc\u00e9 par la situation et qui a beaucoup vendu cet \u00e9t\u00e9 (plus de 40\u200aM\u20ac, un record), Franck Kita s\u2019est engag\u00e9 sur un prix de d\u00e9part \u00e0 40\u200aM\u20ac, ce\u00a0qui pourrait contraindre le joueur \u00e0 rester.\u00a0<\/p>\n","protected":false},"excerpt":{"rendered":"Humili\u00e9 par Luis Castro dans le vestiaire du FC Nantes, Matthis Abline (22 ans) serait toujours pr\u00eat \u00e0&hellip;\n","protected":false},"author":2,"featured_media":331449,"comment_status":"","ping_status":"","sticky":false,"template":"","format":"standard","meta":{"footnotes":""},"categories":[2818],"tags":[1111,11,448,1777,674,63,1011,27,66,3388,766,12,2636,25,10662],"class_list":{"0":"post-331448","1":"post","2":"type-post","3":"status-publish","4":"format-standard","5":"has-post-thumbnail","7":"category-nantes","8":"tag-actu","9":"tag-actualites","10":"tag-champions-league","11":"tag-eu","12":"tag-europe","13":"tag-football","14":"tag-fr","15":"tag-france","16":"tag-ligue-1","17":"tag-matchs","18":"tag-nantes","19":"tag-news","20":"tag-pays-de-la-loire","21":"tag-republique-francaise","22":"tag-transferts"},"share_on_mastodon":{"url":"https:\/\/pubeurope.com\/@fr\/115060837361247743","error":""},"_links":{"self":[{"href":"https:\/\/www.europesays.com\/fr\/wp-json\/wp\/v2\/posts\/331448","targetHints":{"allow":["GET"]}}],"collection":[{"href":"https:\/\/www.europesays.com\/fr\/wp-json\/wp\/v2\/posts"}],"about":[{"href":"https:\/\/www.europesays.com\/fr\/wp-json\/wp\/v2\/types\/post"}],"author":[{"embeddable":true,"href":"https:\/\/www.europesays.com\/fr\/wp-json\/wp\/v2\/users\/2"}],"replies":[{"embeddable":true,"href":"https:\/\/www.europesays.com\/fr\/wp-json\/wp\/v2\/comments?post=331448"}],"version-history":[{"count":0,"href":"https:\/\/www.europesays.com\/fr\/wp-json\/wp\/v2\/posts\/331448\/revisions"}],"wp:featuredmedia":[{"embeddable":true,"href":"https:\/\/www.europesays.com\/fr\/wp-json\/wp\/v2\/media\/331449"}],"wp:attachment":[{"href":"https:\/\/www.europesays.com\/fr\/wp-json\/wp\/v2\/media?parent=331448"}],"wp:term":[{"taxonomy":"category","embeddable":true,"href":"https:\/\/www.europesays.com\/fr\/wp-json\/wp\/v2\/categories?post=331448"},{"taxonomy":"post_tag","embeddable":true,"href":"https:\/\/www.europesays.com\/fr\/wp-json\/wp\/v2\/tags?post=331448"}],"curies":[{"name":"wp","href":"https:\/\/api.w.org\/{rel}","templated":true}]}}