{"id":331450,"date":"2025-08-20T11:23:19","date_gmt":"2025-08-20T11:23:19","guid":{"rendered":"https:\/\/www.europesays.com\/fr\/331450\/"},"modified":"2025-08-20T11:23:19","modified_gmt":"2025-08-20T11:23:19","slug":"rives-darcins-fete-ses-30-ans","status":"publish","type":"post","link":"https:\/\/www.europesays.com\/fr\/331450\/","title":{"rendered":"Rives d\u2019Arcins f\u00eate ses 30\u00a0ans\u00a0!"},"content":{"rendered":"<p>Entretien avec Alain Selig<\/p>\n<p>Directeur du centre commercial Rives d\u2019Arcins<\/p>\n<p>    <img decoding=\"async\" src=\"https:\/\/www.europesays.com\/fr\/wp-content\/uploads\/2025\/08\/alain-selig-ok.jpg\" itemprop=\"contentURL\"\/><\/p>\n<p><strong>Depuis 30\u00a0ans, Rives d\u2019Arcins dynamise le territoire, main dans la main avec les acteurs locaux. Un succ\u00e8s sans cesse renouvel\u00e9, comme l\u2019explique son directeur<\/strong><\/p>\n<p>\n<strong>Trente ans, c\u2019est un cap important. Quels sont pour vous les moments marquants de l\u2019histoire du centre commercial Rives d\u2019Arcins ?<\/strong><\/p>\n<p>Rives d\u2019Arcins a \u00e9t\u00e9 con\u00e7u pour revitaliser la rive gauche de la Garonne, en r\u00e9habilitant les berges en un espace commercial moderne. Au fil des ann\u00e9es, le centre a connu plusieurs extensions. En 2010, Les Arches de l\u2019Estey a ouvert ses portes, ajoutant 13 magasins. En 2013, une r\u00e9novation majeure a permis l\u2019ajout de 61 enseignes et la modernisation de l\u2019ensemble du site.<\/p>\n<p><strong>Comment le centre a-t-il \u00e9volu\u00e9 au fil des d\u00e9cennies pour r\u00e9pondre aux attentes des consommateurs\u00a0?<\/strong><\/p>\n<p>Il a toujours eu \u00e0 c\u0153ur de pr\u00e9senter une offre commerciale vari\u00e9e et des services diversifi\u00e9s. Au fil des extensions, le parcours client a \u00e9t\u00e9 fluidifi\u00e9, la signal\u00e9tique et les espaces repos repens\u00e9s. Nous avons souhait\u00e9 un centre conscient des enjeux actuels avec des certifications environnementales (BREEAM Very Good), des \u00e9co-initiatives (r\u00e9duction et suivi des consommations d\u2019\u00e9nergie, traitement optimis\u00e9 des d\u00e9chets) et d\u2019exp\u00e9rimentations innovantes ( en 2019, une Navette autonome \u00e9lectrique est test\u00e9e pour relier les diff\u00e9rents espaces commerciaux). Le post-Covid a marqu\u00e9 l\u2019av\u00e8nement du digital et du phygital. Rives d\u2019Arcins n\u2019a eu de cesse de renforcer son exp\u00e9rience client avec des animations interactives, soutenues par des outils de communication digitaux efficaces.<\/p>\n<p><strong>Comment le centre s\u2019int\u00e8gre-t-il dans son territoire ?<\/strong><\/p>\n<p>De nombreuses actions t\u00e9moignent d\u2019une int\u00e9gration \u00e9conomique et sociale significative. \u00c0 l\u2019image des partenariats avec les institutions et associations locales, avec qui nous sommes fiers de contribuer pour promouvoir la culture, le sport, la pr\u00e9servation de l\u2019environnement, la valorisation de l\u2019\u00e9conomie circulaire. Nous avons aussi \u00e0 c\u0153ur de mettre le centre au service de l\u2019emploi en proposant chaque ann\u00e9e le forum des m\u00e9tiers en uniformes, espace de rencontre privil\u00e9gi\u00e9 entre nos visiteurs et les forces arm\u00e9es. Aussi, nous remercions l\u2019ensemble de nos partenaires qui contribuent avec nous \u00e0 l\u2019accompagnement et \u00e0 la sensibilisation de nos visiteurs face aux enjeux de la soci\u00e9t\u00e9. L\u2019inclusivit\u00e9 est une autre valeur forte : les heures silencieuses permettent aux personnes sensibles de b\u00e9n\u00e9ficier de temps calmes, un partenariat avec ColorAdd \u00e0 destination des personnes daltoniennes leur permet d\u2019acc\u00e9der \u00e0 une signal\u00e9tique adapt\u00e9e via une application mobile d\u00e9velopp\u00e9e par ColorAdd, la visibilit\u00e9 du stationnement PMR a \u00e9t\u00e9 renforc\u00e9e. Rives d\u2019Arcins est un acteur territorial engag\u00e9.<\/p>\n<p><strong>En quoi Rives d\u2019Arcins est-il plus qu\u2019un simple lieu de consommation ?<\/strong><\/p>\n<p>Le centre commercial est un lieu de vie qui rassemble toutes les g\u00e9n\u00e9rations, r\u00e9unies pour un moment shopping, mais pas que ! Espace de partage et d\u2019interactions, Rives d\u2019Arcins a su s\u2019adapter aux tendances en proposant des animations et \u00e9v\u00e9nements pl\u00e9biscit\u00e9s par nos clients. Comme l\u2019initiative Smiley Future Positive, visant \u00e0 inspirer les visiteurs \u00e0 adopter des pratiques de consommation plus durables. De grands noms du divertissement nous font confiance chaque ann\u00e9e pour proposer des animations ludiques et festives (Disney, One Piece, Asterix\u2026). Nous abordons les 30 ans avec la m\u00eame \u00e9nergie, en commen\u00e7ant par Rives en f\u00eate, d\u00e8s le 25 juin, puis une op\u00e9ration de rentr\u00e9e sp\u00e9ciale anniversaire, o\u00f9 la g\u00e9n\u00e9rosit\u00e9 sera le ma\u00eetre mot !<\/p>\n<p><strong>Si vous deviez r\u00eaver les trente prochaines ann\u00e9es de Rives d\u2019Arcins ?<\/strong><\/p>\n<p>Imaginer le futur de Rives d\u2019Arcins, c\u2019est se projeter dans un mod\u00e8le de centre commercial hybride, int\u00e9gr\u00e9 \u00e0 la ville, au mode de vie connect\u00e9. Un centre qui avance avec son temps, et qui reste en phase avec l\u2019attente de ses clients.<\/p>\n<p>Les temps forts de l\u2019ann\u00e9e<\/p>\n<p><strong>Joyeux anniversaire ! Pour c\u00e9l\u00e9brer ses 30 ans, le centre commercial Rives d\u2019Arcins imagine des rendez-vous festifs \u00e0 ne pas manquer.<\/strong><\/p>\n<p><strong>RIVES EN F\u00caTE<\/strong><\/p>\n<p>\nUn rendez-vous annuel en bord de Garonne. Une parenth\u00e8se \u00e9ph\u00e9m\u00e8re, avec une programmation dense offerte par le centre \u00e0 ses clients, des animations enfants, des soir\u00e9es \u00e0 th\u00e8me, des espaces gourmands et un cin\u00e9 plein air&#8230;. Clin d\u2019\u0153il \u00e0 l\u2019anniversaire du centre, le th\u00e9\u00e2tre guignol Guerin, v\u00e9ritable institution Bordelaise, pr\u00e9sent \u00e0 l\u2019inauguration du centre en 1995 est revenu cette ann\u00e9e pour le plus grand bonheur des petits et grands ! Et pour cette 30e ann\u00e9e, les commer\u00e7ants du centre n\u2019ont pas \u00e9t\u00e9 oubli\u00e9s ! Les \u00e9quipes ont particuli\u00e8rement appr\u00e9ci\u00e9 la f\u00eate organis\u00e9e exclusivement pour elles en plein \u00e9t\u00e9.<\/p>\n<p>Venez profiter des offres Pri%vil\u00e8ges !<\/p>\n<p><strong>LES PRIVIL\u00c8GES de rentr\u00e9e du 27 ao\u00fbt au 6 septembre 2025<\/strong><\/p>\n<p>Peu avant la rentr\u00e9e, ne manquez pas Les pri%vil\u00e8ges. Soit 10 jours pour profiter d\u2019offres exclusives, cadeaux et r\u00e9ductions dans de nombreuses boutiques. Parfait pour refaire votre garde-robe, acheter les fournitures, aborder la reprise en toute s\u00e9r\u00e9nit\u00e9.<br \/>\nLe plus : un grand jeu avec 10 000 \u20ac de cadeaux \u00e0 gagner + 1 an de shopping.<\/p>\n<p>D\u00e9couvrez l\u2019\u00e9v\u00e9nement Harry Potter !<\/p>\n<p><strong>HARRY POTTER du 21 au 25 octobre 2025<\/strong><\/p>\n<p>Rives d\u2019Arcins se transforme en d\u00e9cor magique pour accueillir l\u2019\u00e9v\u00e9nement Harry Potter : C\u00e9l\u00e9brons Poudlard, en partenariat avec Warner Bros. Une immersion grandeur nature dans l\u2019univers du jeune sorcier. Montez \u00e0 bord du Poudlard Express, passez le mur du quai 9\u00be, explorez la Grande Salle et laissez le Choixpeau d\u00e9cider de votre maison. Les apprentis sorciers pourront aussi s\u2019initier au Quidditch. Une exp\u00e9rience unique !<\/p>\n<p><strong>PROGRAMME FID\u00c9LIT\u00c9<\/strong><\/p>\n<p>Lanc\u00e9 en 2021, le programme de fid\u00e9lit\u00e9 Rives d\u2019Arcins &amp; Moi rassemble pr\u00e8s de 17 000 membres. Gr\u00e2ce \u00e0 l\u2019application gratuite, les clients b\u00e9n\u00e9ficient d\u2019offres exclusives, propos\u00e9es par les enseignes, et peuvent remporter des cartes cadeaux. D\u00e8s la fin de l\u2019ann\u00e9e, le programme \u00e9volue avec de nouvelles r\u00e9compenses.<\/p>\n<p><strong>D\u00c9CORATION DE NO\u00cbL<\/strong><\/p>\n<p><strong>Rives d\u2019Arcins se pare de magie pour les f\u00eates<\/strong><\/p>\n<p>Le centre commercial Rives d\u2019Arcins rev\u00eatira ses habits de lumi\u00e8re avec une nouvelle d\u00e9coration de No\u00ebl : sapin majestueux, illuminations f\u00e9eriques et surprises enchant\u00e9es ! Une sc\u00e9nographie imagin\u00e9e par un prestataire local, confirmant l\u2019engagement du centre en faveur du territoire.<\/p>\n<p><a href=\"https:\/\/www.rivesdarcins.com\/\" target=\"_blank\" rel=\"nofollow noopener\">Retrouvez tout le programme<\/a><\/p>\n<p>L\u2019histoire du Centre commercial<\/p>\n<p>    <img decoding=\"async\" src=\"https:\/\/www.europesays.com\/fr\/wp-content\/uploads\/2025\/08\/manza-244.jpg\" itemprop=\"contentURL\"\/><\/p>\n<p><strong>Des galeries du XIXe \u00e0 Rives d\u2019Arcins, les centres commerciaux n\u2019ont cess\u00e9 de se r\u00e9inventer. De lieux de consommation, ils deviennent espaces de lien, d\u2019usages et de vie<\/strong><\/p>\n<p>\nL\u2019histoire des centres commerciaux d\u00e9bute bien avant l\u2019\u00e8re du tout-voiture. D\u00e8s 1869, Le Bon March\u00e9, \u00e0 Paris, pens\u00e9 par Aristide Boucicaut, r\u00e9volutionne le commerce en proposant des prix affich\u00e9s, des retours possibles, des catalogues illustr\u00e9s et m\u00eame la vente par correspondance. Les clientes peuvent fl\u00e2ner librement, sans obligation d\u2019achat : le commerce entre dans une nouvelle \u00e8re, celle de l\u2019exp\u00e9rience.<\/p>\n<p>Mais c\u2019est aux \u00c9tats-Unis, dans les ann\u00e9es 1950, que na\u00eet le centre commercial moderne. Architecte visionnaire, Victor Gruen imagine un lieu clos et climatis\u00e9, le Southdale Center, dans le Minnesota, con\u00e7u non seulement pour faire ses courses, mais aussi pour se rencontrer. Un tiers-lieu \u00e0 l\u2019abri des rigueurs climatiques, pens\u00e9 comme un morceau de ville au c\u0153ur des banlieues.<\/p>\n<p>Le mod\u00e8le arrive en France en 1969, \u00e0 Sainte-Genevi\u00e8ve-des-Bois. Rapidement, les grandes surfaces se multiplient en p\u00e9riph\u00e9rie. Confort, centralisation, accessibilit\u00e9 : les centres commerciaux s\u2019imposent comme les temples d\u2019une consommation abondante. \u00c0 Bordeaux, d\u00e8s les ann\u00e9es 1990, la saturation du paysage commercial appelle \u00e0 une nouvelle approche.<\/p>\n<p>C\u2019est dans ce contexte que nait Rives d\u2019Arcins, \u00e0 B\u00e8gles, en 1995. Un projet \u00e0 double ambition : commerciale, bien s\u00fbr, mais aussi politique et paysag\u00e8re. Il ne s\u2019agit plus de juxtaposer des boutiques, mais de r\u00e9concilier la ville avec son fleuve. Le site, longtemps marginal, devient un pivot strat\u00e9gique : r\u00e9habiliter les berges de Garonne, redonner du souffle \u00e0 la ville, redorer l\u2019image d\u2019un territoire d\u00e9laiss\u00e9. D\u00e8s l\u2019origine, le centre revendique une conception innovante, architecturale et environnementale, en rupture avec les \u00ab hangars \u00e0 marchandises \u00bb. Le projet, port\u00e9 par la grande distribution et soutenu par No\u00ebl Mam\u00e8re, alors maire de B\u00e8gles, incarne ce mariage assum\u00e9 entre \u00e9cologie et \u00e9conomie.<\/p>\n<p>C\u2019est cette m\u00eame philosophie que perp\u00e9tue aujourd\u2019hui le groupe Kl\u00e9pierre, gestionnaire du centre. \u00ab Dans une soci\u00e9t\u00e9 consciente de ses responsabilit\u00e9s, nous devons contribuer \u00e0 un d\u00e9veloppement plus harmonieux et plus durable pour les femmes et les hommes impliqu\u00e9s dans nos centres, pour les territoires qui nous accueillent et pour la plan\u00e8te. \u00bb<\/p>\n<p>En trente ans, Rives d\u2019Arcins a su \u00e9voluer sans renier leur ADN. Le centre propose aujourd\u2019hui bien plus qu\u2019une offre commerciale : des animations culturelles, des \u00e9v\u00e9nements f\u00e9d\u00e9rateurs, un ancrage territorial fort. Il mise sur les mobilit\u00e9s douces (parkings \u00e0 v\u00e9los, navette fluviale, station de r\u00e9paration), sur l\u2019accessibilit\u00e9 (signal\u00e9tique inclusive, plain-pied), sur la responsabilit\u00e9 (collectes solidaires, partenariats associatifs). Labellis\u00e9 BREEAM pour sa construction et son exploitation, il conjugue urbanit\u00e9 et conscience \u00e9cologique.<\/p>\n<p>Le centre commercial n\u2019est plus un d\u00e9cor anonyme. Il est devenu un lieu d\u2019usages multiples, un carrefour de vies, o\u00f9 l\u2019on vient pour faire ses courses, mais aussi pour se retrouver, se d\u00e9tendre, s\u2019ancrer. Un espace commun qui n\u2019oppose plus commerce et m\u00e9moire, mais qui, au contraire, les relie \u2013 depuis les berges de la Garonne jusqu\u2019aux c\u0153urs de ceux qui le fr\u00e9quentent.<\/p>\n<p>    <img decoding=\"async\" src=\"https:\/\/www.europesays.com\/fr\/wp-content\/uploads\/2025\/08\/manza-147.jpg\" itemprop=\"contentURL\"\/><\/p>\n<p><strong>Prendre le temps, prendre un moment pour soi.<\/strong><br \/>\n<strong>Avoir un objectif ou se laisser guider par son humeur, le centre commercial est une exp\u00e9rience \u00e0 vivre, sans obligation d\u2019achat<\/strong><\/p>\n<p>L\u2019histoire des centres commerciaux d\u00e9bute bien avant l\u2019\u00e8re du tout-voiture. D\u00e8s 1869, Le Bon March\u00e9, \u00e0 Paris, pens\u00e9 par Aristide Boucicaut, r\u00e9volutionne le commerce en proposant des prix affich\u00e9s, des retours possibles, des catalogues illustr\u00e9s et m\u00eame la vente par correspondance. Les clientes peuvent fl\u00e2ner librement, sans obligation d\u2019achat : le commerce entre dans une nouvelle \u00e8re, celle de l\u2019exp\u00e9rience.<\/p>\n<p>Mais c\u2019est aux \u00c9tats-Unis, dans les ann\u00e9es 1950, que na\u00eet le centre commercial moderne. Architecte visionnaire, Victor Gruen imagine un lieu clos et climatis\u00e9, le Southdale Center, dans le Minnesota, con\u00e7u non seulement pour faire ses courses, mais aussi pour se rencontrer. Un tiers-lieu \u00e0 l\u2019abri des rigueurs climatiques, pens\u00e9 comme un morceau de ville au c\u0153ur des banlieues.<\/p>\n<p>Le mod\u00e8le arrive en France en 1969, \u00e0 Sainte-Genevi\u00e8ve-des-Bois. Rapidement, les grandes surfaces se multiplient en p\u00e9riph\u00e9rie. Confort, centralisation, accessibilit\u00e9 : les centres commerciaux s\u2019imposent comme les temples d\u2019une consommation abondante. \u00c0 Bordeaux, d\u00e8s les ann\u00e9es 1990, la saturation du paysage commercial appelle \u00e0 une nouvelle approche.<\/p>\n<p>C\u2019est dans ce contexte que nait Rives d\u2019Arcins, \u00e0 B\u00e8gles, en 1995. Un projet \u00e0 double ambition : commerciale, bien s\u00fbr, mais aussi politique et paysag\u00e8re. Il ne s\u2019agit plus de juxtaposer des boutiques, mais de r\u00e9concilier la ville avec son fleuve. Le site, longtemps marginal, devient un pivot strat\u00e9gique : r\u00e9habiliter les berges de Garonne, redonner du souffle \u00e0 la ville, redorer l\u2019image d\u2019un territoire d\u00e9laiss\u00e9. D\u00e8s l\u2019origine, le centre revendique une conception innovante, architecturale et environnementale, en rupture avec les \u00ab hangars \u00e0 marchandises \u00bb. Le projet, port\u00e9 par la grande distribution et soutenu par No\u00ebl Mam\u00e8re, alors maire de B\u00e8gles, incarne ce mariage assum\u00e9 entre \u00e9cologie et \u00e9conomie.<\/p>\n<p>C\u2019est cette m\u00eame philosophie que perp\u00e9tue aujourd\u2019hui le groupe Kl\u00e9pierre, gestionnaire du centre. \u00ab Dans une soci\u00e9t\u00e9 consciente de ses responsabilit\u00e9s, nous devons contribuer \u00e0 un d\u00e9veloppement plus harmonieux et plus durable pour les femmes et les hommes impliqu\u00e9s dans nos centres, pour les territoires qui nous accueillent et pour la plan\u00e8te. \u00bb<\/p>\n<p>En trente ans, Rives d\u2019Arcins a su \u00e9voluer sans renier leur ADN. Le centre propose aujourd\u2019hui bien plus qu\u2019une offre commerciale : des animations culturelles, des \u00e9v\u00e9nements f\u00e9d\u00e9rateurs, un ancrage territorial fort. Il mise sur les mobilit\u00e9s douces (parkings \u00e0 v\u00e9los, navette fluviale, station de r\u00e9paration), sur l\u2019accessibilit\u00e9 (signal\u00e9tique inclusive, plain-pied), sur la responsabilit\u00e9 (collectes solidaires, partenariats associatifs). Labellis\u00e9 BREEAM pour sa construction et son exploitation, il conjugue urbanit\u00e9 et conscience \u00e9cologique.<\/p>\n<p>Le centre commercial n\u2019est plus un d\u00e9cor anonyme. Il est devenu un lieu d\u2019usages multiples, un carrefour de vies, o\u00f9 l\u2019on vient pour faire ses courses, mais aussi pour se retrouver, se d\u00e9tendre, s\u2019ancrer. Un espace commun qui n\u2019oppose plus commerce et m\u00e9moire, mais qui, au contraire, les relie \u2013 depuis les berges de la Garonne jusqu\u2019aux c\u0153urs de ceux qui le fr\u00e9quentent.<\/p>\n<p><strong>Un centre commercial \u00e0 taille humaine, convivial et familial, lumineux et a\u00e9r\u00e9, o\u00f9 il fait bon venir travailler. Les commer\u00e7ants sont unanimes : Rives d\u2019Arcins est un lieu de vie \u00e0 part enti\u00e8re<\/strong><\/p>\n<blockquote class=\"image\">\n<p>Jennifer Daian, Directrice Palais des th\u00e9s<\/p>\n<p class=\"author\">La proximit\u00e9 du fleuve participe au bien \u00eatre qui r\u00e8gne \u00e0 Rives d\u2019Arcins. Notre salle de pause, c\u2019est la Garonne ! Je travaille dans la partie sous la verri\u00e8re, avec une belle lumi\u00e8re du jour. L\u2019ext\u00e9rieur est tr\u00e8s v\u00e9g\u00e9talis\u00e9.\u201d Jennifer Darian est arriv\u00e9e en 2023. Elle appr\u00e9cie l\u2019environnement du centre.\u00a0<br \/>\n\u201cIci, les probl\u00e9matiques li\u00e9es \u00e0 la r\u00e9cup\u00e9ration, \u00e0 l\u2019upcycling ne sont pas anecdotiques, nous dit-elle. Des associations locales viennent r\u00e9guli\u00e8rement sensibiliser nos clients \u00e0 l\u2019environnement, avec des explorations en bord de Garonne avec Terre et Oc\u00e9an notamment. Avoir cet espace naturel aux portes du centre est une vraie chance ! J\u2019ai fait beaucoup de centres commerciaux diff\u00e9rents, et Rives d\u2019Arcins est un lieu o\u00f9 l\u2019on se pla\u00eet. C\u2019est quand m\u00eame particuli\u00e8rement sympa de se poser et de boire un verre dans une guinguette en mode afterwork. Il y a de la vie \u00e0 Rives d\u2019Arcins !<\/p>\n<\/blockquote>\n<p><img decoding=\"async\" class=\"circle circle-medium\" src=\"https:\/\/www.europesays.com\/fr\/wp-content\/uploads\/2025\/08\/darian-copie.jpg\" alt=\"\"\/><\/p>\n<blockquote class=\"image\">\n<p>Beno\u00eet Area, G\u00e9rant du magasin D&amp;lice\u201d<\/p>\n<p class=\"author\">\u00ab Je suis install\u00e9 depuis 2008 dans le centre commercial. J\u2019ai vu l\u2019\u00e9volution de la galerie avant l\u2019extension tr\u00e8s positive du centre, l\u2019enrichissement de l\u2019offre clients, l\u2019arriv\u00e9e de nouvelles enseignes, de nouveaux services. M\u00eame si \u00e7a a toujours \u00e9t\u00e9 un beau centre, c\u2019est devenu une \u00e9tape shopping indispensable. L\u2019architecture de qualit\u00e9 y fait beaucoup, avec une possibilit\u00e9 de voir le ciel tout au long de la d\u00e9ambulation. On a des clients fid\u00e8les depuis de nombreuses ann\u00e9es, souvent des habitu\u00e9s qui viennent le matin. Rives d\u2019Arcins cr\u00e9e des rendez-vous auxquels nous r\u00e9pondons toujours pr\u00e9sent. Le but est de faire en sorte que chacun passe un bon moment et qu\u2019il ait envie de revenir. Les 30 ans, c\u2019est un moment important pour un centre commercial. C\u2019est un lieu qui a \u00e9volu\u00e9 dans le bon sens tout au long de ces ann\u00e9es. \u00bb<\/p>\n<\/blockquote>\n<p><img decoding=\"async\" class=\"circle circle-medium\" src=\"https:\/\/www.europesays.com\/fr\/wp-content\/uploads\/2025\/08\/dlices-ok.jpg\" alt=\"\"\/><\/p>\n<blockquote class=\"image\">\n<p>St\u00e9phane Talmon, Directeur du magasin Conforama<\/p>\n<p class=\"author\">\u00ab Ce qui m\u2019impressionne, c\u2019est l\u2019\u00e9tendue g\u00e9ographique du centre, souligne St\u00e9phane Talmon, en poste depuis 2023. L\u2019ouverture du pont Simone-Veil nous a permis de nous rattacher encore plus facilement \u00e0 la rive droite. A travers les diff\u00e9rents codes postaux de nos clients, on note notre capacit\u00e9 \u00e0 descendre tr\u00e8s au sud dans la Gironde, jusqu\u2019\u00e0 Langon. On irrigue tr\u00e8s loin, c\u2019est une vraie zone r\u00e9gionale qui ne s\u2019arr\u00eate pas aux abords de B\u00e8gles ou de Villenave-d\u2019Ornon. Les gens, souvent en famille, viennent tous ensemble acheter et tester nos canap\u00e9s. C\u2019est l\u2019avantage d\u2019avoir un magasin aussi grand que le n\u00f4tre. Les clients arrivent t\u00f4t le matin, le samedi, et restent toute la journ\u00e9e en d\u00e9jeunant sur place. Dans la semaine, on observe d\u2019autres types de client\u00e8le, notamment des couples. C\u2019est un centre qui \u00e9volue avec son temps, que ce soit dans la typologie des enseignes \u00e0 l\u2019int\u00e9rieur de la galerie ou sous Les Arches. La zone s\u2019\u00e9toffe et offre une diversit\u00e9 commerciale pour plaire au plus grand nombre. C\u2019est b\u00e9n\u00e9fique pour tous. \u00bb<\/p>\n<\/blockquote>\n<p><img decoding=\"async\" class=\"circle circle-medium\" src=\"https:\/\/www.europesays.com\/fr\/wp-content\/uploads\/2025\/08\/conforama-ok.jpg\" alt=\"\"\/><\/p>\n<blockquote class=\"image\">\n<p>Matthieu Raffray, Directeur du magasin Acuitis<\/p>\n<p class=\"author\">\u00ab Il y a une association de commer\u00e7ants tr\u00e8s active aux Rives d\u2019Arcins et je suis fier d\u2019en \u00eatre le secr\u00e9taire, s\u2019exclame Matthieu Raffray, install\u00e9 depuis 2013. Nous d\u00e9terminons le budget et l\u2019organisation des animations. Je suis l\u00e0 depuis douze ans et, ayant rejoint le bureau il y a deux ans, je r\u00e9alise \u00e0 quel point nous avons la main sur ces choses-l\u00e0. Nous, commer\u00e7ants, sommes d\u00e9cisionnaires et c\u2019est une vraie chance ! Nous sommes acteurs du centre et nous maintenons le lien local. Notamment en soutenant les associations sportives b\u00e9glaises, par exemple avec le handball f\u00e9minin, le judo ou l\u2019athl\u00e9tisme. Nous choisissons les animations pour les 30 ans de Rives d\u2019Arcins. Nous avons imagin\u00e9 des rendez-vous festifs c\u00f4t\u00e9 Garonne, plein d\u2019id\u00e9es d\u2019animations\u2026 avec bien \u00e9videmment des cadeaux \u00e0 gagner ! J\u2019ai assist\u00e9 \u00e0 l\u2019extension du centre \u00e0 mon arriv\u00e9e. Il est devenu \u00e0 la fois grand, plaisant, facile d\u2019acc\u00e8s. Quand on imagine un centre commercial, on se projette souvent dans un lieu ferm\u00e9 ; c\u2019est tout le contraire ici ! A Rives d\u2019Arcins, il est \u00e0 la fois agr\u00e9able d\u2019y travailler et de venir s\u2019y balader. C\u2019est un v\u00e9ritable lieu de vie. \u00bb<\/p>\n<\/blockquote>\n<p><img decoding=\"async\" class=\"circle circle-medium\" src=\"https:\/\/www.europesays.com\/fr\/wp-content\/uploads\/2025\/08\/acuitis-2.jpg\" alt=\"\"\/><\/p>\n<blockquote class=\"image\">\n<p>Laura Charpentier, Directrice du magasin Sephora<\/p>\n<p class=\"author\">\u00ab Laura Charpentier est arriv\u00e9e en 2022 et ressent toute l\u2019\u00e9nergie que le centre commercial transmet. \u201cIl y a de nombreuses animations mises en place et le r\u00e9sultat de cet \u00e9clectisme donne le sentiment bien r\u00e9el d\u2019une galerie pour tous, adultes comme enfants. Il y a du choix, de quoi se restaurer. L\u2019\u00e9t\u00e9 quand il fait beau, la guinguette est tr\u00e8s agr\u00e9able\u201d. Pour elle, Rives d\u2019arcins est un centre dynamique, convivial et familial. \u201cLes acc\u00e8s se diversifient, notamment avec la mise en place des Bato, souligne-t-elle. Aujourd\u2019hui, en partant de la Bastide, vous pouvez venir via les navettes fluviales TBM. C\u2019est \u00e0 la fois un atout pour les clients du centre-ville de Bordeaux qui font ainsi un voyage paisible et un moyen de transport sympa aux beaux jours. Certains de mes collaborateurs l\u2019utilisent. Cela permet d\u2019allier l\u2019utile \u00e0 l\u2019agr\u00e9able dans une d\u00e9marche \u00e9cologique, totalement align\u00e9e sur les d\u00e9marches RSE de la galerie, tr\u00e8s engag\u00e9e dans les projets environnementaux. \u00bb<\/p>\n<\/blockquote>\n<p><img decoding=\"async\" class=\"circle circle-medium\" src=\"https:\/\/www.europesays.com\/fr\/wp-content\/uploads\/2025\/08\/laura-sephora-ok.jpg\" alt=\"\"\/><\/p>\n<blockquote class=\"image\">\n<p>Quentin Friol, Directeur du magasin Celio<\/p>\n<p class=\"author\">\u00ab Le centre commercial est tr\u00e8s attractif, dynamique, t\u00e9moigne Quentin Friol, arriv\u00e9 cette ann\u00e9e. Il est tr\u00e8s bien situ\u00e9, avec de nombreux emplacements pour se garer. La proposition de boutiques est incroyable, notre magasin Celio est l\u2019un des plus grands de la r\u00e9gion, tr\u00e8s bien class\u00e9 dans le top fran\u00e7ais. L\u2019exp\u00e9rience clients, comme l\u2019exp\u00e9rience collaborateurs, est super ! On le voit bien lors des \u00e9v\u00e9nements. Il y a une belle solidarit\u00e9 entre les commer\u00e7ants, on est tous dans la m\u00eame \u00e9nergie quotidienne et on peut compter les uns sur les autres. M\u00eame quand il y a du monde, l\u2019espace de circulation est suffisamment vaste. On trouve tout, tous les services. C\u2019est tr\u00e8s familial. On sent que les familles viennent pour passer de bons moments, le plus souvent avec un objectif d\u2019achat. Les retours sont tr\u00e8s positifs, et les commentaires clients sont dithyrambiques. C\u2019est un cercle vertueux : les gens sont contents de venir, et on est contents de les accueillir. Je pr\u00e9f\u00e8re quelqu\u2019un qui vient, qui passe un bon moment, sans forc\u00e9ment acheter. Je sais qu\u2019il reviendra et qu\u2019il en gardera un bon souvenir. \u00bb<\/p>\n<\/blockquote>\n<p><img decoding=\"async\" class=\"circle circle-medium\" src=\"https:\/\/www.europesays.com\/fr\/wp-content\/uploads\/2025\/08\/celio-ok.jpg\" alt=\"\"\/><\/p>\n<p>    <img decoding=\"async\" src=\"https:\/\/www.europesays.com\/fr\/wp-content\/uploads\/2025\/08\/plan-des-boutiques-rivesdarcins-ok.jpg\" itemprop=\"contentURL\"\/><\/p>\n<p><a href=\"https:\/\/rives-d-arcins.klepierre.fr\/boutiques\" target=\"_blank\" rel=\"nofollow noopener\"><strong>Venez d\u00e9couvrir toutes les boutiques\u00a0de votre centre commercial<\/strong><\/a><\/p>\n<p>Tous les moyens sont bons pour venir nous voir\u2026 m\u00eame les plus doux<\/p>\n<p><strong>D\u00e9couvrez comment vous d\u00e9placer autrement en optant pour la mobilit\u00e9 douce et en choisissant votre moyen d\u2019acc\u00e9der \u00e0 votre centre pr\u00e9f\u00e9r\u00e9<\/strong><\/p>\n<blockquote class=\"noimage\">\n<p>Venir par la voie verte<\/p>\n<p class=\"author\">\u00c0 v\u00e9lo ou \u00e0 trottinette. Le centre a tout pr\u00e9vu pour vous accueillir avec votre deux-roues. Des parkings \u00e0 v\u00e9los s\u00e9curis\u00e9s jalonnent les entr\u00e9es principales, et des kits de d\u00e9pannage sont \u00e0 votre disposition pour les petites urgences m\u00e9caniques. Cerise sur le guidon : une borne de recharge r\u00e9serv\u00e9e aux mod\u00e8les \u00e9lectriques. Enfourchez votre v\u00e9lo ou montez sur votre trottinette et profitez d\u2019un acc\u00e8s via la voie verte qui longe la Garonne.<br \/>\n\u00c0 pied. Envie de conjuguer shopping et balade ?<br \/>\nOffrez-vous une parenth\u00e8se nature en acc\u00e9dant aux Rives d\u2019Arcins \u00e0 pied. Depuis le centre de B\u00e8gles ou les berges de la Garonne, les itin\u00e9raires pi\u00e9tonniers sont agr\u00e9ables et bien balis\u00e9s. Le parcours devient une promenade urbaine au fil de l\u2019eau et de la v\u00e9g\u00e9tation. Une fois sur place, tout est de plain-pied : un confort absolu pour tous les visiteurs.<\/p>\n<\/blockquote>\n<blockquote class=\"noimage\">\n<p>Venir par la route<\/p>\n<p class=\"author\">Rejoindre Rives d\u2019Arcins en bus. Tr\u00e8s engag\u00e9 sur la mobilit\u00e9, votre centre commercial est accessible via le r\u00e9seau TBM, notamment les lignes de bus 15 (depuis le tram C, arr\u00eat Gare de B\u00e8gles), le bus 23 (en relais du tram C, arr\u00eats Lyc\u00e9e Vaclav Havel et Pont de la Maye), le bus 73 (en relais du tram C, arr\u00eat Stade Musard). Optimiser vos trajets. Pour faciliter vos transports, en lien avec les valeurs de Rives d\u2019Arcins, une aire de covoiturage pouvant accueillir 78 places se trouve au niveau du centre commercial, chemin de Tartifume, 33130 B\u00e8gles.<\/p>\n<\/blockquote>\n<blockquote class=\"noimage\">\n<p>Venir par le fleuve<\/p>\n<p class=\"author\">En navette fluviale du ponton de la Benauge ou belv\u00e9d\u00e8re. L\u2019arriv\u00e9e par le fleuve est la plus po\u00e9tique. Le Bato, navette fluviale de la M\u00e9tropole, vous d\u00e9pose \u00e0 deux pas du centre. En prime, une mini-croisi\u00e8re sur la Garonne, pour changer de perspective et d\u00e9couvrir Bordeaux autrement. Une fa\u00e7on douce et d\u00e9paysante de faire ses emplettes.<br \/>\nArr\u00eat Bato Port de B\u00e8gles.<br \/>\nPlus d\u2019informations : infotbm.com<\/p>\n<\/blockquote>\n<p><strong>Pour vous simplifier la vie, plusieurs services sont \u00e0 votre disposition !<\/strong><\/p>\n<p><a href=\"https:\/\/www.facebook.com\/rivesdarcins\/\" target=\"_blank\" rel=\"nofollow noopener\">D\u00e9couvrez notre page Facebook<\/a><\/p>\n<p class=\"category\">Conception et r\u00e9alisation<\/p>\n<p class=\"author\">Sud Ouest Partenaire et le Centre commercial des Rives d\u2019Arcins<\/p>\n","protected":false},"excerpt":{"rendered":"Entretien avec Alain Selig Directeur du centre commercial Rives d\u2019Arcins Depuis 30\u00a0ans, Rives d\u2019Arcins dynamise le territoire, main&hellip;\n","protected":false},"author":2,"featured_media":331451,"comment_status":"","ping_status":"","sticky":false,"template":"","format":"standard","meta":{"footnotes":""},"categories":[2817],"tags":[1111,11,1997,1777,674,1011,27,12,2219,25],"class_list":{"0":"post-331450","1":"post","2":"type-post","3":"status-publish","4":"format-standard","5":"has-post-thumbnail","7":"category-bordeaux","8":"tag-actu","9":"tag-actualites","10":"tag-bordeaux","11":"tag-eu","12":"tag-europe","13":"tag-fr","14":"tag-france","15":"tag-news","16":"tag-nouvelle-aquitaine","17":"tag-republique-francaise"},"share_on_mastodon":{"url":"https:\/\/pubeurope.com\/@fr\/115060841729912069","error":""},"_links":{"self":[{"href":"https:\/\/www.europesays.com\/fr\/wp-json\/wp\/v2\/posts\/331450","targetHints":{"allow":["GET"]}}],"collection":[{"href":"https:\/\/www.europesays.com\/fr\/wp-json\/wp\/v2\/posts"}],"about":[{"href":"https:\/\/www.europesays.com\/fr\/wp-json\/wp\/v2\/types\/post"}],"author":[{"embeddable":true,"href":"https:\/\/www.europesays.com\/fr\/wp-json\/wp\/v2\/users\/2"}],"replies":[{"embeddable":true,"href":"https:\/\/www.europesays.com\/fr\/wp-json\/wp\/v2\/comments?post=331450"}],"version-history":[{"count":0,"href":"https:\/\/www.europesays.com\/fr\/wp-json\/wp\/v2\/posts\/331450\/revisions"}],"wp:featuredmedia":[{"embeddable":true,"href":"https:\/\/www.europesays.com\/fr\/wp-json\/wp\/v2\/media\/331451"}],"wp:attachment":[{"href":"https:\/\/www.europesays.com\/fr\/wp-json\/wp\/v2\/media?parent=331450"}],"wp:term":[{"taxonomy":"category","embeddable":true,"href":"https:\/\/www.europesays.com\/fr\/wp-json\/wp\/v2\/categories?post=331450"},{"taxonomy":"post_tag","embeddable":true,"href":"https:\/\/www.europesays.com\/fr\/wp-json\/wp\/v2\/tags?post=331450"}],"curies":[{"name":"wp","href":"https:\/\/api.w.org\/{rel}","templated":true}]}}