{"id":331452,"date":"2025-08-20T11:24:15","date_gmt":"2025-08-20T11:24:15","guid":{"rendered":"https:\/\/www.europesays.com\/fr\/331452\/"},"modified":"2025-08-20T11:24:15","modified_gmt":"2025-08-20T11:24:15","slug":"je-ne-suis-ni-sherif-ni-2","status":"publish","type":"post","link":"https:\/\/www.europesays.com\/fr\/331452\/","title":{"rendered":"\u00ab\u00a0Je ne suis ni sh\u00e9rif ni &#8230;"},"content":{"rendered":"<p>Premier intertitreArmes, d\u00e9linquance et nouveau souffle pour la police municipale Bordelaise<\/p>\n<p><b>Pierre Hurmic,<\/b> maire de Bordeaux, a r\u00e9pondu aux questions de Jean-Jacques Bourdin lors d&rsquo;une interview sur Sud Radio. Parmi les sujets abord\u00e9s, celui de la d\u00e9linquance \u00e0 Bordeaux et le choix d'\u00a0\u00bbarmer une partie de sa police municipale\u00a0\u00bb f\u00fbt un des principaux th\u00e8mes. Pierre Hurmic assume ce revirement, notant qu'\u00a0\u00bbCe n\u2019est pas un d\u00e9clic, c\u2019est l\u2019\u00e9preuve du pouvoir\u00a0\u00bb. Pour ce dernier, l&rsquo;\u00e9preuve du pouvoir oblige \u00e0 la pragmatisme, il dit : \u00ab\u00a0Je n\u2019ai ni totem ni tabou. Je ne suis ni sh\u00e9rif ni na\u00eff\u00a0\u00bb.<\/p>\n<p>Le Maire de Bordeaux a confirm\u00e9 la d\u00e9cision d&rsquo;armer un quart de la police municipale tout en renfor\u00e7ant ses rangs. Une prise de position justifi\u00e9e par un besoin d&rsquo;\u00e9quilibre dans la lutte contre la d\u00e9linquance. Il pr\u00e9cise : \u00ab\u00a0J\u2019ai augment\u00e9 le nombre de policiers municipaux de 52% d\u2019ici la fin du mandat. J\u2019ai \u00e9galement augment\u00e9 le nombre de m\u00e9diateurs dans les m\u00eames proportions. Parce qu\u2019une politique de lutte contre la d\u00e9linquance doit \u00eatre \u00e9quilibr\u00e9e. Il faut de la r\u00e9pression et de la pr\u00e9vention\u00a0\u00bb.<\/p>\n<p>Second intertitreJumelage controvers\u00e9 et canicule : le Maire de Bordeaux face aux d\u00e9fis<\/p>\n<p>Un autre point a \u00e9t\u00e9 soulev\u00e9 durant cet entretien : le jumelage avec Ashdod, en Isra\u00ebl, et Ramallah, en Cisjordanie. Pierre Hurmic, face \u00e0 la controverse, a suspendu la coop\u00e9ration avec la ville isra\u00e9lienne. Selon lui, \u00ab\u00a0les \u00e9changes de jumelage doivent promouvoir la paix, l\u2019amiti\u00e9, la solidarit\u00e9. Ces conditions n\u2019\u00e9taient pas r\u00e9unies\u00a0\u00bb. Pour autant, il refuse de faire l&rsquo;amalgame entre une nation et son gouvernement. R\u00e9pondant aux accusations d&rsquo;extr\u00e9misme, il affirme : \u00ab\u00a0On m\u2019a demand\u00e9 de mettre le drapeau palestinien au fronton de l\u2019H\u00f4tel de Ville. Je ne l\u2019ai pas fait. J\u2019ai mis le drapeau de la paix\u00a0\u00bb.<\/p>\n<p>Les effets de la canicule sur la m\u00e9tropole bordelaise ont aussi \u00e9t\u00e9 abord\u00e9s, le Maire en a profit\u00e9 pour mettre en avant son plan de \u00ab\u00a0reconqu\u00eate v\u00e9g\u00e9tale\u00a0\u00bb dans la ville. \u00ab\u00a0J\u2019ai d\u00e9cr\u00e9t\u00e9 l\u2019urgence climatique d\u00e8s le d\u00e9but de mon mandat. Ce n\u2019est pas un slogan, c\u2019est une politique\u00a0\u00bb, explique-t-il. Il dit avoir \u00ab\u00a0multipli\u00e9 par 25 les plantations par rapport \u00e0 mes pr\u00e9d\u00e9cesseurs et doubl\u00e9 la surface des arbres sur l\u2019espace public\u00a0\u00bb.<\/p>\n<p>L&rsquo;entretien complet est \u00e0 r\u00e9\u00e9couter sur <a href=\"https:\/\/www.sudradio.fr\/linvite-politique\/police-municipale-armee-a-bordeaux-je-ne-suis-ni-sherif-ni-naif-affirme-pierre-hurmic\" target=\"_blank\" rel=\"noopener nofollow\">Sud Radio<\/a><\/p>\n","protected":false},"excerpt":{"rendered":"Premier intertitreArmes, d\u00e9linquance et nouveau souffle pour la police municipale Bordelaise Pierre Hurmic, maire de Bordeaux, a r\u00e9pondu&hellip;\n","protected":false},"author":2,"featured_media":331453,"comment_status":"","ping_status":"","sticky":false,"template":"","format":"standard","meta":{"footnotes":""},"categories":[2817],"tags":[1111,11,1997,1777,674,1011,27,12,2219,25],"class_list":{"0":"post-331452","1":"post","2":"type-post","3":"status-publish","4":"format-standard","5":"has-post-thumbnail","7":"category-bordeaux","8":"tag-actu","9":"tag-actualites","10":"tag-bordeaux","11":"tag-eu","12":"tag-europe","13":"tag-fr","14":"tag-france","15":"tag-news","16":"tag-nouvelle-aquitaine","17":"tag-republique-francaise"},"share_on_mastodon":{"url":"https:\/\/pubeurope.com\/@fr\/115060845281679894","error":""},"_links":{"self":[{"href":"https:\/\/www.europesays.com\/fr\/wp-json\/wp\/v2\/posts\/331452","targetHints":{"allow":["GET"]}}],"collection":[{"href":"https:\/\/www.europesays.com\/fr\/wp-json\/wp\/v2\/posts"}],"about":[{"href":"https:\/\/www.europesays.com\/fr\/wp-json\/wp\/v2\/types\/post"}],"author":[{"embeddable":true,"href":"https:\/\/www.europesays.com\/fr\/wp-json\/wp\/v2\/users\/2"}],"replies":[{"embeddable":true,"href":"https:\/\/www.europesays.com\/fr\/wp-json\/wp\/v2\/comments?post=331452"}],"version-history":[{"count":0,"href":"https:\/\/www.europesays.com\/fr\/wp-json\/wp\/v2\/posts\/331452\/revisions"}],"wp:featuredmedia":[{"embeddable":true,"href":"https:\/\/www.europesays.com\/fr\/wp-json\/wp\/v2\/media\/331453"}],"wp:attachment":[{"href":"https:\/\/www.europesays.com\/fr\/wp-json\/wp\/v2\/media?parent=331452"}],"wp:term":[{"taxonomy":"category","embeddable":true,"href":"https:\/\/www.europesays.com\/fr\/wp-json\/wp\/v2\/categories?post=331452"},{"taxonomy":"post_tag","embeddable":true,"href":"https:\/\/www.europesays.com\/fr\/wp-json\/wp\/v2\/tags?post=331452"}],"curies":[{"name":"wp","href":"https:\/\/api.w.org\/{rel}","templated":true}]}}