{"id":331456,"date":"2025-08-20T11:26:13","date_gmt":"2025-08-20T11:26:13","guid":{"rendered":"https:\/\/www.europesays.com\/fr\/331456\/"},"modified":"2025-08-20T11:26:13","modified_gmt":"2025-08-20T11:26:13","slug":"joueur-a-suivre-intersaison-mouvementee-resultats-ou-en-est-toulouse-deuxieme-adversaire-du-stade-brestois-en-ligue-1","status":"publish","type":"post","link":"https:\/\/www.europesays.com\/fr\/331456\/","title":{"rendered":"Joueur \u00e0 suivre, intersaison mouvement\u00e9e, r\u00e9sultats\u2026 o\u00f9 en est Toulouse, deuxi\u00e8me adversaire du Stade Brestois en Ligue\u00a01"},"content":{"rendered":"<p>Ligue 1 (2e journ\u00e9e). Toulouse FC &#8211; Stade Brestois, dimanche (17\u00a0h\u00a015)Premi\u00e8re r\u00e9ussie en Ligue 1 malgr\u00e9 une pr\u00e9pa\u2019compliqu\u00e9e<\/p>\n<p>Djibril Sidib\u00e9 a envoy\u00e9 la foudre. \u00c0 Nice, le Toulouse FC a lanc\u00e9 de la meilleure des mani\u00e8res sa saison, le week-end dernier (0-1), avec une r\u00e9alisation sous la barre du champion du monde fran\u00e7ais en toute fin de match (90\u2019). Plut\u00f4t domin\u00e9s dans la rencontre, les hommes de Carles Martinez Novell ont su faire le dos rond et prouver que les matchs amicaux de pr\u00e9saison ne pr\u00e9valaient en rien. Toulouse n\u2019a, en effet, remport\u00e9 aucun de ses matchs amicaux (2 nuls pour 3 d\u00e9faites). Ils d\u00e9butaient tranquillement face \u00e0 Pau (0-0), pensionnaires de Ligue 2, avant de perdre contre QPR (2-1), une formation de deuxi\u00e8me division anglaise. Les Occitans ont encha\u00een\u00e9 par une d\u00e9faite fleuve 7-0 contre Leipzig (Allemagne), fin juillet avant de tomber face au Al-Nassr (2-1) de Cristiano Ronaldo, auteur d\u2019un but. Contre les Espagnols de S\u00e9ville, ils limitaient la casse en obtenant le nul (1-1), pour leur dernier match de pr\u00e9paration.<\/p>\n<p>Le joueur \u00e0 suivre<\/p>\n<p>Cinq buts, quatre passes d\u00e9cisives, l\u2019an pass\u00e9, Yann Gboho est le d\u00e9tonateur offensif des Toulousains. Virevoltant sur son aile gauche, il a fait du dribble sa sp\u00e9cialit\u00e9. Arriv\u00e9 en janvier 2024 dans la Ville Rose, en provenance du Cercle Brugge (Belgique), pour franchir un palier, il avait v\u00e9cu au pr\u00e9alable une exp\u00e9rience compliqu\u00e9e (2 buts) au Vitesse Arnhem (Pays Bas) en pr\u00eat en 2021-2022. Le cousin de D\u00e9sir\u00e9 Dou\u00e9 avait effectu\u00e9 sa formation \u00e0 Rennes o\u00f9 il a d\u00e9but\u00e9 avec les professionnels. Il aura, cette saison, la lourde t\u00e2che de mener l\u2019attaque des Violets, apr\u00e8s les d\u00e9parts de Zakaria Aboukhlal et de Joshua King. Il sera de toute fa\u00e7on l\u2019un des joueurs \u00e0 suivre, cette ann\u00e9e, en Ligue 1.<\/p>\n<p>Chambardement estival<\/p>\n<p>L\u2019intersaison toulousaine a \u00e9t\u00e9 pour le peu mouvement\u00e9e. Onze jours apr\u00e8s la fin de l\u2019exercice pr\u00e9c\u00e9dent, le pr\u00e9sident Damien Comolli annon\u00e7ait \u00e0 ses salari\u00e9s qu\u2019il quittait le navire apr\u00e8s cinq ans sur les bords de la Garonne. Il a fallu deux mois, pour qu\u2019\u00e0 la mi-juillet, le club Haut-Garonnais officialise la venue de son successeur\u00a0: <a href=\"https:\/\/www.letelegramme.fr\/sports\/football\/olivier-cloarec-devient-le-nouveau-president-du-toulouse-fc-neuf-mois-apres-son-depart-de-rennes-6851524.php\" target=\"_blank\" rel=\"nofollow noopener\">le Finist\u00e9rien Olivier Cloarec<\/a>. Celui-ci conna\u00eet bien son futur adversaire pour y avoir travaill\u00e9 entre 2004 et 2008 puis de 2012 \u00e0 2013. Par la suite, il a \u00e9galement offici\u00e9 comme pr\u00e9sident ex\u00e9cutif du Stade Rennais (2021-2024).<\/p>\n<p>C\u00f4t\u00e9 joueur, le T\u00e9f\u00e9c\u00e9 a perdu sept de ses hommes (et en a pr\u00eat\u00e9 quatre) dont son capitaine Vincent Sierro (Al-Shabab, Arabie Saoudite) et son vice-capitaine Gabriel Suazo (S\u00e9ville FC, Espagne). Mais \u00e9galement deux de ses armes offensives\u00a0: Zakaria Aboukhlal (Torino, Italie) et Joshua King (Al-Khaleej, Arabie Saoudite). Pour l\u2019heure, les Violets ont enregistr\u00e9 trois arriv\u00e9es\u00a0: l\u2019attaquant argentin Santiago Hidalgo (Independiente, Argentine), le milieu de terrain ghan\u00e9en Abu Francis (Cercle Brugge, Belgique) et le milieu offensif slovaque Mario Sauer. En attendant la probable arriv\u00e9e de l\u2019ancien Lyonnais Gift Orban qui pourrait rejoindre Toulouse dans les prochaines heures.<\/p>\n","protected":false},"excerpt":{"rendered":"Ligue 1 (2e journ\u00e9e). Toulouse FC &#8211; Stade Brestois, dimanche (17\u00a0h\u00a015)Premi\u00e8re r\u00e9ussie en Ligue 1 malgr\u00e9 une pr\u00e9pa\u2019compliqu\u00e9e&hellip;\n","protected":false},"author":2,"featured_media":331457,"comment_status":"","ping_status":"","sticky":false,"template":"","format":"standard","meta":{"footnotes":""},"categories":[2816],"tags":[1111,11,3166,1777,674,63,1011,27,66,12,2680,25,60,4449,2312],"class_list":{"0":"post-331456","1":"post","2":"type-post","3":"status-publish","4":"format-standard","5":"has-post-thumbnail","7":"category-toulouse","8":"tag-actu","9":"tag-actualites","10":"tag-en-continu-sports","11":"tag-eu","12":"tag-europe","13":"tag-football","14":"tag-fr","15":"tag-france","16":"tag-ligue-1","17":"tag-news","18":"tag-occitanie","19":"tag-republique-francaise","20":"tag-sports","21":"tag-stade-brestois","22":"tag-toulouse"},"share_on_mastodon":{"url":"https:\/\/pubeurope.com\/@fr\/115060852813286217","error":""},"_links":{"self":[{"href":"https:\/\/www.europesays.com\/fr\/wp-json\/wp\/v2\/posts\/331456","targetHints":{"allow":["GET"]}}],"collection":[{"href":"https:\/\/www.europesays.com\/fr\/wp-json\/wp\/v2\/posts"}],"about":[{"href":"https:\/\/www.europesays.com\/fr\/wp-json\/wp\/v2\/types\/post"}],"author":[{"embeddable":true,"href":"https:\/\/www.europesays.com\/fr\/wp-json\/wp\/v2\/users\/2"}],"replies":[{"embeddable":true,"href":"https:\/\/www.europesays.com\/fr\/wp-json\/wp\/v2\/comments?post=331456"}],"version-history":[{"count":0,"href":"https:\/\/www.europesays.com\/fr\/wp-json\/wp\/v2\/posts\/331456\/revisions"}],"wp:featuredmedia":[{"embeddable":true,"href":"https:\/\/www.europesays.com\/fr\/wp-json\/wp\/v2\/media\/331457"}],"wp:attachment":[{"href":"https:\/\/www.europesays.com\/fr\/wp-json\/wp\/v2\/media?parent=331456"}],"wp:term":[{"taxonomy":"category","embeddable":true,"href":"https:\/\/www.europesays.com\/fr\/wp-json\/wp\/v2\/categories?post=331456"},{"taxonomy":"post_tag","embeddable":true,"href":"https:\/\/www.europesays.com\/fr\/wp-json\/wp\/v2\/tags?post=331456"}],"curies":[{"name":"wp","href":"https:\/\/api.w.org\/{rel}","templated":true}]}}