{"id":331458,"date":"2025-08-20T11:29:02","date_gmt":"2025-08-20T11:29:02","guid":{"rendered":"https:\/\/www.europesays.com\/fr\/331458\/"},"modified":"2025-08-20T11:29:02","modified_gmt":"2025-08-20T11:29:02","slug":"6-buts-des-bijoux-un-match-fou-mais-pas-de-vainqueur-entre-brest-et-lille","status":"publish","type":"post","link":"https:\/\/www.europesays.com\/fr\/331458\/","title":{"rendered":"6 buts, des bijoux, un match fou mais pas de vainqueur entre Brest et Lille"},"content":{"rendered":"<p>C\u2019est avec un visage presque int\u00e9gralement remodel\u00e9 que <a href=\"https:\/\/www.footmercato.net\/club\/losc\/\" rel=\"nofollow noopener\" target=\"_blank\">Lille<\/a> lan\u00e7ait sa saison de <a href=\"https:\/\/www.footmercato.net\/france\/ligue-1\/calendrier\/\" rel=\"nofollow noopener\" target=\"_blank\">Ligue 1<\/a> ce dimanche \u00e0 <a href=\"https:\/\/www.footmercato.net\/club\/stade-brestois-29\/\" rel=\"nofollow noopener\" target=\"_blank\">Brest<\/a>. Plus de Chevalier, ni de David, de Diakit\u00e9 ou encore d\u2019Angel Gomes, mais des nouvelles t\u00eates, connues pour certaines comme Giroud ou l\u2019ancien Brestois Perraud, moins pour d\u2019autres, comme Broholm, Correia, Ngoy ou \u00d6zer. En face, la seule nouveaut\u00e9 du onze d\u2019\u00c9ric Roy par rapport \u00e0 la saison derni\u00e8re \u00e9tait la pr\u00e9sence de Majecki dans les buts, et disons qu\u2019il faudra encore attendre avant d\u2019affirmer que Marco Bizot a bien \u00e9t\u00e9 remplac\u00e9. Ce ne sont pas, tant, les trois buts encaiss\u00e9s qui posent vraiment probl\u00e8me ce soir (3-3), mais plut\u00f4t la mesure du vide sur les rares vraies occasions lilloises sur les 70 premi\u00e8res minutes.<\/p>\n<p>            La suite apr\u00e8s cette publicit\u00e9<\/p>\n<p>\n    Classement g\u00e9n\u00e9ral Ligue 1 McDonald&rsquo;s<\/p>\n<p>D\u00e8s la 11e minute de jeu, le Polonais s\u2019inclinait sur la premi\u00e8re tentative d\u2019Olivier Giroud. Superbement trouv\u00e9 par Correia\u2026 dans la profondeur, le Fran\u00e7ais croisait sa frappe comme il pouvait, et marquait pour la premi\u00e8re fois en <a href=\"https:\/\/www.footmercato.net\/france\/ligue-1\/\" rel=\"nofollow noopener\" target=\"_blank\">Ligue 1<\/a> depuis son d\u00e9part il y a treize ans (11e, 0-1). Le gardien pr\u00eat\u00e9 par Monaco n\u2019\u00e9tait pas exempt de tout reproche, et \u00e0 pleine plus sur le second but d\u2019Haraldsson. L\u2019Islandais profitait d\u2019une mauvaise relance de Chardonnet pour s\u2019en aller d\u00e9fier Majecki. Il le trompait assez facilement en fermant son pied au dernier moment (26e, 1-2). Malgr\u00e9 deux buts de retard, les Brestois trouvaient le caract\u00e8re pour tenter d\u2019inverser le sens du vent. Kamory Doumbia r\u00e9duisait la marque d\u2019un plat du pied apr\u00e8s une succession d\u2019actions dans la surface lilloise (34e, 1-2).<\/p>\n<p>        Men\u00e9 trois fois au score, Brest a montr\u00e9 du caract\u00e8re<\/p>\n<p>Le deuxi\u00e8me but brestois pendait ensuite au nez des Dogues, mais \u00d6zer voyait la frappe de Bald\u00e9 retomber juste au-dessus de sa barre (42e), puis le Turc s\u2019employait parfaitement sur une deuxi\u00e8me tentative du Bissau-Guin\u00e9en (43e). Le successeur de Chevalier \u00e9tait encore aux aguets sur cette t\u00eate de Magnetti (47e), mais il \u00e9tait impuissant sur le bijou de Doumbia. Le Malien \u00e9tait trouv\u00e9 \u00e0 l\u2019entr\u00e9e de la surface par Bald\u00e9, et armait sans r\u00e9fl\u00e9chir. Le ballon terminait dans la lucarne d\u2019\u00d6zer, battu (51e, 2-2). Pendant ce temps, Giroud poursuivait son show, et son \u00e9quipe \u00e9tait r\u00e9compens\u00e9e de son temps fort par un but, mais sur fond de pol\u00e9mique. <\/p>\n<p>            La suite apr\u00e8s cette publicit\u00e9<\/p>\n<p>Sur un corner de Haraldsson, Mukau rodait en opportuniste dans la surface pour tromper un Majecki encore en retard (66e, 2-3). Les Brestois reprochaient \u00e0 Monsieur Turpin d\u2019avoir lev\u00e9 son drapeau pour signaler une sortie de balle, mais il \u00e9tait finalement bien accord\u00e9 (Brest a d\u2019ailleurs pos\u00e9 une r\u00e9serve au cours de la rencontre). Eric Roy ne faisait toujours pas de changements apr\u00e8s 75 minutes de jeu, mais ses joueurs allaient bien lui rendre. Le Cardinal nous gratifiait d\u2019un lob g\u00e9nial apr\u00e8s une tr\u00e8s longue ouverture de Lala (3-3). C\u2019\u00e9tait le sixi\u00e8me et dernier but d\u2019un <a href=\"https:\/\/www.footmercato.net\/france\/ligue-1\/classement\" rel=\"nofollow noopener\" target=\"_blank\">apr\u00e8s-midi aussi ensoleill\u00e9 que divertissant<\/a> \u00e0 Francis-Le Bl\u00e9. Et ce ne sont pas les quelque 15 000 spectateurs pr\u00e9sents au stade qui diront le contraire.<\/p>\n<p>\n    Pub. le 17\/08\/2025 17:01<br \/>\n            &#8211; MAJ le 18\/08\/2025 05:07\n    <\/p>\n","protected":false},"excerpt":{"rendered":"C\u2019est avec un visage presque int\u00e9gralement remodel\u00e9 que Lille lan\u00e7ait sa saison de Ligue 1 ce dimanche \u00e0&hellip;\n","protected":false},"author":2,"featured_media":331459,"comment_status":"","ping_status":"","sticky":false,"template":"","format":"standard","meta":{"footnotes":""},"categories":[2815],"tags":[1111,11,1777,674,1011,27,811,1307,12,25],"class_list":{"0":"post-331458","1":"post","2":"type-post","3":"status-publish","4":"format-standard","5":"has-post-thumbnail","7":"category-lille","8":"tag-actu","9":"tag-actualites","10":"tag-eu","11":"tag-europe","12":"tag-fr","13":"tag-france","14":"tag-hauts-de-france","15":"tag-lille","16":"tag-news","17":"tag-republique-francaise"},"share_on_mastodon":{"url":"https:\/\/pubeurope.com\/@fr\/115060864674702246","error":""},"_links":{"self":[{"href":"https:\/\/www.europesays.com\/fr\/wp-json\/wp\/v2\/posts\/331458","targetHints":{"allow":["GET"]}}],"collection":[{"href":"https:\/\/www.europesays.com\/fr\/wp-json\/wp\/v2\/posts"}],"about":[{"href":"https:\/\/www.europesays.com\/fr\/wp-json\/wp\/v2\/types\/post"}],"author":[{"embeddable":true,"href":"https:\/\/www.europesays.com\/fr\/wp-json\/wp\/v2\/users\/2"}],"replies":[{"embeddable":true,"href":"https:\/\/www.europesays.com\/fr\/wp-json\/wp\/v2\/comments?post=331458"}],"version-history":[{"count":0,"href":"https:\/\/www.europesays.com\/fr\/wp-json\/wp\/v2\/posts\/331458\/revisions"}],"wp:featuredmedia":[{"embeddable":true,"href":"https:\/\/www.europesays.com\/fr\/wp-json\/wp\/v2\/media\/331459"}],"wp:attachment":[{"href":"https:\/\/www.europesays.com\/fr\/wp-json\/wp\/v2\/media?parent=331458"}],"wp:term":[{"taxonomy":"category","embeddable":true,"href":"https:\/\/www.europesays.com\/fr\/wp-json\/wp\/v2\/categories?post=331458"},{"taxonomy":"post_tag","embeddable":true,"href":"https:\/\/www.europesays.com\/fr\/wp-json\/wp\/v2\/tags?post=331458"}],"curies":[{"name":"wp","href":"https:\/\/api.w.org\/{rel}","templated":true}]}}