{"id":331460,"date":"2025-08-20T11:30:15","date_gmt":"2025-08-20T11:30:15","guid":{"rendered":"https:\/\/www.europesays.com\/fr\/331460\/"},"modified":"2025-08-20T11:30:15","modified_gmt":"2025-08-20T11:30:15","slug":"le-film-lauberge-paradis-du-marseillais-ludovic-dambrosio-disponible-sur-prime-video","status":"publish","type":"post","link":"https:\/\/www.europesays.com\/fr\/331460\/","title":{"rendered":"Le film \u00ab\u00a0L\u2019Auberge Paradis\u00a0\u00bb du Marseillais Ludovic D\u2019Ambrosio disponible sur Prime Vid\u00e9o"},"content":{"rendered":"<p>Pour de nombreux Fran\u00e7ais, la p\u00e9riode Covid et les confinements qui ont suivi ont \u00e9t\u00e9 l\u2019occasion d\u2019une r\u00e9trospection sur leur vision de la vie. C\u2019est aussi le cas du marseillais Ludovic D\u2019Ambrosio, qui a d\u00e9cid\u00e9 de d\u00e9velopper sa passion pour le cin\u00e9ma en\u00a02020. Marseillais et fier de l\u2019\u00eatre, Ludovic est guide touristique de profession. L\u2019ann\u00e9e de la pand\u00e9mie,<a href=\"https:\/\/www.laprovence.com\/article\/edition-marseille\/5057892\/cinema-le-reve-hollywoodien.html\" target=\"_blank\" rel=\"noopener\"> il int\u00e8gre l\u2019\u00e9cole \u00ab\u00a0La Fabrique de l\u2019acteur\u00a0\u00bb qui propose une formation d\u2019acting de deux ans, \u00e0 Marseille<\/a>.<\/p>\n<p>Tr\u00e8s vite, il se met en t\u00eate de r\u00e9aliser un long-m\u00e9trage et c\u2019est en\u00a02025 que sort L\u2019Auberge Paradis. \u00ab\u00a0<strong>En\u00a02022, j\u2019ai eu l\u2019id\u00e9e d\u2019un film et avec les autres \u00e9l\u00e8ves de l\u2019\u00e9cole nous nous sommes lanc\u00e9s dans ce projet<\/strong>\u00ab\u00a0, raconte le jeune r\u00e9alisateur. Pour r\u00e9aliser un film, il faut des moyens et lorsque l\u2019on d\u00e9bute, cela peut \u00eatre difficile de les trouver\u00a0: \u00ab\u00a0<strong>La plupart des com\u00e9diens faisaient du b\u00e9n\u00e9volat et pour le mat\u00e9riel ou la post-production, on a fait une lev\u00e9e de fonds. <\/strong>En ce qui concerne le lieu du tournage, on nous a pr\u00eat\u00e9 l\u2019auberge pendant deux semaines o\u00f9 j\u2019ai d\u00fb dormir deux heures par nuits\u00a0\u00bb, plaisante le Marseillais.<\/p>\n","protected":false},"excerpt":{"rendered":"Pour de nombreux Fran\u00e7ais, la p\u00e9riode Covid et les confinements qui ont suivi ont \u00e9t\u00e9 l\u2019occasion d\u2019une r\u00e9trospection&hellip;\n","protected":false},"author":2,"featured_media":331461,"comment_status":"","ping_status":"","sticky":false,"template":"","format":"standard","meta":{"footnotes":""},"categories":[2814],"tags":[17,1111,11,251,46886,17457,1777,674,2081,1011,27,46885,10707,761,884,12,3106,882,25],"class_list":{"0":"post-331460","1":"post","2":"type-post","3":"status-publish","4":"format-standard","5":"has-post-thumbnail","7":"category-marseille","8":"tag-17","9":"tag-actu","10":"tag-actualites","11":"tag-culture","12":"tag-dambrosio","13":"tag-disponible","14":"tag-eu","15":"tag-europe","16":"tag-film","17":"tag-fr","18":"tag-france","19":"tag-lauberge","20":"tag-ludovic","21":"tag-marseillais","22":"tag-marseille","23":"tag-news","24":"tag-paradis","25":"tag-provence-alpes-cote-dazur","26":"tag-republique-francaise"},"share_on_mastodon":{"url":"https:\/\/pubeurope.com\/@fr\/115060868610853600","error":""},"_links":{"self":[{"href":"https:\/\/www.europesays.com\/fr\/wp-json\/wp\/v2\/posts\/331460","targetHints":{"allow":["GET"]}}],"collection":[{"href":"https:\/\/www.europesays.com\/fr\/wp-json\/wp\/v2\/posts"}],"about":[{"href":"https:\/\/www.europesays.com\/fr\/wp-json\/wp\/v2\/types\/post"}],"author":[{"embeddable":true,"href":"https:\/\/www.europesays.com\/fr\/wp-json\/wp\/v2\/users\/2"}],"replies":[{"embeddable":true,"href":"https:\/\/www.europesays.com\/fr\/wp-json\/wp\/v2\/comments?post=331460"}],"version-history":[{"count":0,"href":"https:\/\/www.europesays.com\/fr\/wp-json\/wp\/v2\/posts\/331460\/revisions"}],"wp:featuredmedia":[{"embeddable":true,"href":"https:\/\/www.europesays.com\/fr\/wp-json\/wp\/v2\/media\/331461"}],"wp:attachment":[{"href":"https:\/\/www.europesays.com\/fr\/wp-json\/wp\/v2\/media?parent=331460"}],"wp:term":[{"taxonomy":"category","embeddable":true,"href":"https:\/\/www.europesays.com\/fr\/wp-json\/wp\/v2\/categories?post=331460"},{"taxonomy":"post_tag","embeddable":true,"href":"https:\/\/www.europesays.com\/fr\/wp-json\/wp\/v2\/tags?post=331460"}],"curies":[{"name":"wp","href":"https:\/\/api.w.org\/{rel}","templated":true}]}}