{"id":331466,"date":"2025-08-20T11:33:09","date_gmt":"2025-08-20T11:33:09","guid":{"rendered":"https:\/\/www.europesays.com\/fr\/331466\/"},"modified":"2025-08-20T11:33:09","modified_gmt":"2025-08-20T11:33:09","slug":"une-serie-de-noyades-mortelles-dans-le-secteur-dangereux-de-la-vague-dhawai-sur-rhone","status":"publish","type":"post","link":"https:\/\/www.europesays.com\/fr\/331466\/","title":{"rendered":"une s\u00e9rie de noyades mortelles dans le secteur dangereux de la vague d\u2019\u00abHawa\u00ef-sur-Rh\u00f4ne\u00bb"},"content":{"rendered":"<p>Un jeune homme est mort lundi soir dans le Rh\u00f4ne au niveau du parc de la Feyssine, o\u00f9 trois autres noyades (dont une mortelle) ont \u00e9t\u00e9 signal\u00e9es depuis le d\u00e9but du mois d\u2019ao\u00fbt.<\/p>\n<p class=\"fig-paragraph\">C\u2019est un secteur particuli\u00e8rement dangereux et formellement interdit \u00e0 la baignade qui continue n\u00e9anmoins d\u2019attirer les nageurs, et d\u2019engendrer les drames. Le parc de la\u00a0<a href=\"http:\/\/www.lefigaro.fr\/lyon\/comme-saint-ouen-les-puces-du-canal-de-villeurbanne-reclament-un-classement-au-patrimoine-20250625\" data-fig-type=\"NewsFlash\" data-gtm-custom-categorie=\"navigation\" data-gtm-custom-action=\"crossclick\" data-gtm-custom-label=\"Contextuel\" data-gtm-event=\"customEventSPE\" data-fig-domain=\"LEFIGARO\" rel=\"nofollow noopener\" target=\"_blank\">Feyssine,<\/a>\u00a0\u00e0\u00a0<a href=\"http:\/\/www.lefigaro.fr\/lyon\/des-chauves-souris-pour-lutter-contre-les-moustiques-dans-les-ecoles-de-villeurbanne-20250819\" data-fig-type=\"NewsFlash\" data-gtm-custom-categorie=\"navigation\" data-gtm-custom-action=\"crossclick\" data-gtm-custom-label=\"Contextuel\" data-gtm-event=\"customEventSPE\" data-fig-domain=\"LEFIGARO\" rel=\"nofollow noopener\" target=\"_blank\">Villeurbanne<\/a>, a \u00e9t\u00e9 le th\u00e9\u00e2tre d\u2019une nouvelle noyade mortelle lundi soir au niveau du secteur dit de la vague d\u2019\u00abHawa\u00ef-sur-Rh\u00f4ne\u00bb. Le corps sans vie d\u2019un jeune homme de 28 ans a \u00e9t\u00e9 rep\u00each\u00e9 par les deux \u00e9quipes de plongeurs intervenus sur place \u00e0 l\u2019appel de t\u00e9moins, en d\u00e9but de soir\u00e9e, selon une information du\u00a0<a href=\"https:\/\/c.leprogres.fr\/faits-divers-justice\/2025\/08\/18\/un-homme-disparait-dans-le-rhone-sous-le-viaduc-de-la-feyssine\" target=\"_blank\" rel=\"sponsored noopener nofollow\" data-gtm-custom-categorie=\"navigation\" data-gtm-custom-action=\"crossclick\" data-gtm-custom-label=\"Contextuel\" data-gtm-event=\"customEventSPE\">Progr\u00e8s<\/a> \u00a0confirm\u00e9 au Figaro par plusieurs sources proches du dossier.<\/p>\n<p class=\"fig-body-link\">\n            \u00c0 lire aussi<br \/>\n        <a class=\"fig-body-link__link\" href=\"http:\/\/www.lefigaro.fr\/lyon\/alerte-aux-noyades-autour-de-lyon-apres-trois-deces-en-un-week-end-20250623\" data-fig-type=\"NewsFlash\" data-gtm-custom-categorie=\"navigation\" data-gtm-custom-action=\"crossclick\" data-gtm-custom-label=\"Contextuel\" data-gtm-event=\"customEventSPE\" data-fig-domain=\"LEFIGARO\" rel=\"nofollow noopener\" target=\"_blank\">Alerte aux noyades autour de Lyon, apr\u00e8s trois d\u00e9c\u00e8s en un week-end<br \/>\n    <\/a>\n<\/p>\n<p>Une vague surpuissante<\/p>\n<p class=\"fig-paragraph\">La victime s\u2019\u00e9tait jet\u00e9e \u00e0 l\u2019eau avec un ami sous le viaduc du boulevard p\u00e9riph\u00e9rique nord. Ce secteur est connu pour la vague form\u00e9e par d\u2019importants mouvements d\u2019eau li\u00e9s \u00e0 la pr\u00e9sence d\u2019une digue. Surnomm\u00e9 \u00abHawa\u00ef-sur-Rh\u00f4ne\u00bb par les amateurs de cano\u00eb-kayak, il est particuli\u00e8rement dangereux, et mortel.<\/p>\n<p>                                    <a class=\"fig-a11y-skip a11y-hidden\" href=\"#fig-a11y-skip-main-inarticle\"><br \/>\n        Passer la publicit\u00e9<br \/>\n    <\/a><\/p>\n<p class=\"fig-paragraph\">Selon nos informations, quatre noyades dont deux mortelles y ont \u00e9t\u00e9 enregistr\u00e9es depuis le d\u00e9but du mois d\u2019ao\u00fbt. La semaine derni\u00e8re, c\u2019est un autre jeune homme qui y a perdu la vie en voulant sauver celle de son chien, descendu dans l\u2019eau.<\/p>\n","protected":false},"excerpt":{"rendered":"Un jeune homme est mort lundi soir dans le Rh\u00f4ne au niveau du parc de la Feyssine, o\u00f9&hellip;\n","protected":false},"author":2,"featured_media":331467,"comment_status":"","ping_status":"","sticky":false,"template":"","format":"standard","meta":{"footnotes":""},"categories":[1889],"tags":[1111,11,2430,1777,674,1011,27,2428,12,7781,25],"class_list":{"0":"post-331466","1":"post","2":"type-post","3":"status-publish","4":"format-standard","5":"has-post-thumbnail","7":"category-lyon","8":"tag-actu","9":"tag-actualites","10":"tag-auvergne-rhone-alpes","11":"tag-eu","12":"tag-europe","13":"tag-fr","14":"tag-france","15":"tag-lyon","16":"tag-news","17":"tag-noyade","18":"tag-republique-francaise"},"share_on_mastodon":{"url":"https:\/\/pubeurope.com\/@fr\/115060880402636201","error":""},"_links":{"self":[{"href":"https:\/\/www.europesays.com\/fr\/wp-json\/wp\/v2\/posts\/331466","targetHints":{"allow":["GET"]}}],"collection":[{"href":"https:\/\/www.europesays.com\/fr\/wp-json\/wp\/v2\/posts"}],"about":[{"href":"https:\/\/www.europesays.com\/fr\/wp-json\/wp\/v2\/types\/post"}],"author":[{"embeddable":true,"href":"https:\/\/www.europesays.com\/fr\/wp-json\/wp\/v2\/users\/2"}],"replies":[{"embeddable":true,"href":"https:\/\/www.europesays.com\/fr\/wp-json\/wp\/v2\/comments?post=331466"}],"version-history":[{"count":0,"href":"https:\/\/www.europesays.com\/fr\/wp-json\/wp\/v2\/posts\/331466\/revisions"}],"wp:featuredmedia":[{"embeddable":true,"href":"https:\/\/www.europesays.com\/fr\/wp-json\/wp\/v2\/media\/331467"}],"wp:attachment":[{"href":"https:\/\/www.europesays.com\/fr\/wp-json\/wp\/v2\/media?parent=331466"}],"wp:term":[{"taxonomy":"category","embeddable":true,"href":"https:\/\/www.europesays.com\/fr\/wp-json\/wp\/v2\/categories?post=331466"},{"taxonomy":"post_tag","embeddable":true,"href":"https:\/\/www.europesays.com\/fr\/wp-json\/wp\/v2\/tags?post=331466"}],"curies":[{"name":"wp","href":"https:\/\/api.w.org\/{rel}","templated":true}]}}