{"id":331468,"date":"2025-08-20T11:35:23","date_gmt":"2025-08-20T11:35:23","guid":{"rendered":"https:\/\/www.europesays.com\/fr\/331468\/"},"modified":"2025-08-20T11:35:23","modified_gmt":"2025-08-20T11:35:23","slug":"en-ile-de-france-des-communes-sengagent-pour-la-sante-et-lenvironnement","status":"publish","type":"post","link":"https:\/\/www.europesays.com\/fr\/331468\/","title":{"rendered":"En \u00cele-de-France, des communes s\u2019engagent pour la sant\u00e9 et l\u2019environnement"},"content":{"rendered":"<p>Aujourd\u2019hui, environ 80 % des Franciliens sont expos\u00e9s \u00e0 des niveaux de pollutions sonore et atmosph\u00e9rique d\u00e9passant les seuils recommand\u00e9s par l\u2019OMS. Un constat confirm\u00e9 par une cartographie crois\u00e9e d\u2019Airparif et Bruitparif en 2024. Un an plus tard, les premiers Troph\u00e9es des communes d\u2019\u00cele-de-France engag\u00e9es pour la sant\u00e9-environnement sont lanc\u00e9s. Ce dispositif copilot\u00e9 par l\u2019ADEME \u00cele-de-France, l\u2019ARS \u00cele-de-France et l\u2019Association des maires d\u2019\u00cele-de-France vise \u00e0 valoriser les actions locales concr\u00e8tes qui conjuguent transition \u00e9cologique et am\u00e9lioration de la sant\u00e9 publique.<\/p>\n<p>Partager<\/p>\n<p>Pourquoi croiser sant\u00e9 et environnement ?<\/p>\n<p>La sant\u00e9-environnement regroupe l\u2019ensemble des actions visant \u00e0 r\u00e9duire les impacts des facteurs environnementaux sur la sant\u00e9 humaine : pollution atmosph\u00e9rique, bruit, qualit\u00e9 de l\u2019air int\u00e9rieur, alimentation, urbanisme, acc\u00e8s aux soins, etc. Ces leviers rel\u00e8vent, pour beaucoup, des comp\u00e9tences communales. C\u2019est un enjeu transversal\u00a0: beaucoup d\u2019actions pour le climat am\u00e9liorent le bien-\u00eatre et la sant\u00e9 au quotidien. <strong>Au m\u00eame titre qu\u2019on lie maintenant transition \u00e9cologique et justice sociale, on sait \u00e9galement qu\u2019environnement et sant\u00e9 publique vont souvent de pair. C\u2019est aussi un enjeu qui touche le plus grand nombre\u00a0: la sant\u00e9 parle \u00e0 tous.<\/strong><\/p>\n<p>\u00c0 Garges-l\u00e8s-Gonesse (95), l\u2019urbanisme est pens\u00e9 pour r\u00e9duire les in\u00e9galit\u00e9s de sant\u00e9<\/p>\n<p>Parmi les laur\u00e9ats de cette 1re \u00e9dition des Troph\u00e9es, cette commune populaire de 43 000 habitants a fait de la sant\u00e9 un axe structurant de son urbanisme. <strong>Son Plan Local d\u2019Urbanisme (PLU) favorable \u00e0 la sant\u00e9, introduit des mesures comme la limitation de l\u2019artificialisation des sols (\u201312,1 hectares de zones urbanisables), la cr\u00e9ation d\u2019\u00eelots de fra\u00eecheur, la lutte contre l\u2019habitat indigne dans les zones pavillonnaires ou encore une charte des constructions durables.<\/strong> La ville a \u00e9galement lanc\u00e9, avec le soutien de l\u2019ADEME, le premier r\u00e9seau de chaleur 100 % \u00e9nergies renouvelables et de r\u00e9cup\u00e9ration, combinant g\u00e9othermie et chaleur fatale. Il couvrira l\u2019\u00e9quivalent de 9 700 logements et permettra d\u2019\u00e9viter l\u2019\u00e9mission de 20 000 tonnes de CO2 par an. Une action \u00e0 65 M\u20ac, financ\u00e9e \u00e0 25 M\u20ac par l\u2019ADEME et 3 M\u20ac par la R\u00e9gion.<\/p>\n<p>\u00c0 Trappes (78), une \u00e9cologie populaire vient s\u2019ancrer dans le quotidien<\/p>\n<p>Direction les Yvelines o\u00f9 se trouve une autre commune laur\u00e9ate des Troph\u00e9es, la ville de Trappes. Avec une population jeune (un habitant sur deux a moins de 30 ans) et majoritairement modeste (60 % de logements sociaux), la ville mise sur une \u00e9cologie populaire et pr\u00e9ventive. Le projet Initiative pour une maternit\u00e9 apais\u00e9e (IMA) propose chaque semaine des paniers de l\u00e9gumes bio \u00e0 140 femmes enceintes, accompagn\u00e9s d\u2019ateliers pratiques sur les perturbateurs endocriniens. Les cr\u00e8ches visent le label \u00e9colo-cr\u00e8ches (nettoyage vapeur, couches bio), 50 purificateurs d\u2019air ont \u00e9t\u00e9 install\u00e9s dans les \u00e9coles, et 50 % des repas de la cuisine centrale sont bio. La cr\u00e9ation d\u2019une \u00e9picerie solidaire compl\u00e8te ce volet alimentaire. <strong>Plus largement, la ville de Trappes m\u00e8ne une politique transversale port\u00e9e par une Direction G\u00e9n\u00e9rale Adjointe \u00e0 la transition \u00e9cologique.<\/strong> <strong>Objectif\u00a0: r\u00e9duire l\u2019exposition aux risques et rendre l\u2019\u00e9cologie accessible au plus grand nombre.<\/strong><\/p>\n<p>\u00c0 Joinville-le-Pont (94), la nature revient en ville<\/p>\n<p>Cette commune laur\u00e9ate est situ\u00e9e en bordure des axes parmi les plus pollu\u00e9s d\u2019Europe (A4\/A86). Pour agir efficacement contre les nuisances sonores et atmosph\u00e9riques, la ville s\u2019est lanc\u00e9e dans une politique de renaturation urbaine. <strong>La plantation d\u2019une for\u00eat urbaine de 3 000m2 selon la m\u00e9thode Miyawaki (botaniste japonais) symbolise cet engagement. Cette m\u00e9thode consiste \u00e0 planter jusqu\u2019\u00e0 30 esp\u00e8ces diff\u00e9rentes d\u2019une m\u00eame classe d\u2019\u00e2ge sur une surface de quelques centaines de m\u00e8tres carr\u00e9s.<\/strong> R\u00e9alis\u00e9e sur une friche en bordure d\u2019autoroute, la \u00ab\u00a0for\u00eat Miyawaki\u00a0\u00bb vise \u00e0 absorber une partie des particules fines, r\u00e9duire les nuisances sonores et recr\u00e9er du lien avec la nature. Les habitants, les enfants et les associations ont \u00e9t\u00e9 associ\u00e9s \u00e0 chaque \u00e9tape. <strong>La commune a aussi d\u00e9j\u00e0 converti plus de 10 000m2 dans l\u2019espace public en cours oasis, jardins et parcs.<\/strong> Elle v\u00e9g\u00e9talise ses \u00e9coles, g\u00e9n\u00e9ralise les zones limit\u00e9es \u00e0 30 km\/h et promeut les mobilit\u00e9s douces (23 km de pistes cyclables). Elle propose par ailleurs 55 % de produits bio dans ses cantines et un tarif r\u00e9duit pour les familles modestes, \u00e0 1,19 \u20ac le repas. Cette vision syst\u00e9mique mobilise l\u2019ensemble des services de la commune.<\/p>\n<p>Que nous apprennent ces Troph\u00e9es\u00a0?<\/p>\n<p>Ce prix r\u00e9gional d\u00e9di\u00e9 met en lumi\u00e8re les collectivit\u00e9s qui int\u00e8grent ces enjeux de sant\u00e9 environnement dans leurs politiques publiques.<br \/>Les Troph\u00e9es r\u00e9pondent \u00e0 trois objectifs :<\/p>\n<ul class=\"wp-block-list\">\n<li>Mettre en lumi\u00e8re les bonnes pratiques ;<\/li>\n<li>Diffuser une culture de la sant\u00e9-environnement au niveau local ;<\/li>\n<li>D\u00e9montrer que sant\u00e9 et transition \u00e9cologique sont indissociables.\u00a0<\/li>\n<\/ul>\n<p><strong>Ils nous montrent qu\u2019agir est possible, m\u00eame dans des contextes contraints. Ils prouvent aussi que la \u00ab\u00a0sant\u00e9-environnement\u00a0\u00bb est un sujet mobilisateur aupr\u00e8s des habitants comme des \u00e9lus.<\/strong> Un sujet qui peut devenir un angle structurant des politiques publiques locales.<\/p>\n","protected":false},"excerpt":{"rendered":"Aujourd\u2019hui, environ 80 % des Franciliens sont expos\u00e9s \u00e0 des niveaux de pollutions sonore et atmosph\u00e9rique d\u00e9passant les&hellip;\n","protected":false},"author":2,"featured_media":331469,"comment_status":"","ping_status":"","sticky":false,"template":"","format":"standard","meta":{"footnotes":""},"categories":[1592],"tags":[1111,11,1777,674,1011,27,662,12,626,25],"class_list":{"0":"post-331468","1":"post","2":"type-post","3":"status-publish","4":"format-standard","5":"has-post-thumbnail","7":"category-ile-de-france","8":"tag-actu","9":"tag-actualites","10":"tag-eu","11":"tag-europe","12":"tag-fr","13":"tag-france","14":"tag-ile-de-france","15":"tag-news","16":"tag-paris","17":"tag-republique-francaise"},"share_on_mastodon":{"url":"https:\/\/pubeurope.com\/@fr\/115060888284673081","error":""},"_links":{"self":[{"href":"https:\/\/www.europesays.com\/fr\/wp-json\/wp\/v2\/posts\/331468","targetHints":{"allow":["GET"]}}],"collection":[{"href":"https:\/\/www.europesays.com\/fr\/wp-json\/wp\/v2\/posts"}],"about":[{"href":"https:\/\/www.europesays.com\/fr\/wp-json\/wp\/v2\/types\/post"}],"author":[{"embeddable":true,"href":"https:\/\/www.europesays.com\/fr\/wp-json\/wp\/v2\/users\/2"}],"replies":[{"embeddable":true,"href":"https:\/\/www.europesays.com\/fr\/wp-json\/wp\/v2\/comments?post=331468"}],"version-history":[{"count":0,"href":"https:\/\/www.europesays.com\/fr\/wp-json\/wp\/v2\/posts\/331468\/revisions"}],"wp:featuredmedia":[{"embeddable":true,"href":"https:\/\/www.europesays.com\/fr\/wp-json\/wp\/v2\/media\/331469"}],"wp:attachment":[{"href":"https:\/\/www.europesays.com\/fr\/wp-json\/wp\/v2\/media?parent=331468"}],"wp:term":[{"taxonomy":"category","embeddable":true,"href":"https:\/\/www.europesays.com\/fr\/wp-json\/wp\/v2\/categories?post=331468"},{"taxonomy":"post_tag","embeddable":true,"href":"https:\/\/www.europesays.com\/fr\/wp-json\/wp\/v2\/tags?post=331468"}],"curies":[{"name":"wp","href":"https:\/\/api.w.org\/{rel}","templated":true}]}}