{"id":331470,"date":"2025-08-20T11:36:11","date_gmt":"2025-08-20T11:36:11","guid":{"rendered":"https:\/\/www.europesays.com\/fr\/331470\/"},"modified":"2025-08-20T11:36:11","modified_gmt":"2025-08-20T11:36:11","slug":"40-000-enfants-attendus-a-paris-pour-la-journee-des-oublies-des-vacances","status":"publish","type":"post","link":"https:\/\/www.europesays.com\/fr\/331470\/","title":{"rendered":"40.000 enfants attendus \u00e0 Paris pour la \u00ab\u00a0Journ\u00e9e des oubli\u00e9s des vacances\u00a0\u00bb"},"content":{"rendered":"<p>Croisi\u00e8re sur la Seine, visite de mus\u00e9es et concert au pied de la Tour Eiffel&#8230; 40.000 enfants venus de toute la France et de l&rsquo;\u00e9tranger sont attendus ce mercredi sur le Champ-de-Mars \u00e0 Paris dans le cadre d&rsquo;une journ\u00e9e d&rsquo;activit\u00e9s pour les enfants qui ne partent pas en vacances.<\/p>\n<p>Quarante mille enfants venus de toute la France et de l&rsquo;\u00e9tranger sont attendus ce mercredi sur le Champ-de-Mars \u00e0 Paris dans le cadre d&rsquo;une journ\u00e9e d&rsquo;activit\u00e9s pour les enfants qui ne partent pas en <a href=\"https:\/\/rmc.bfmtv.com\/actualites\/societe\/80-de-frequentation-en-haute-saison-comment-expliquer-la-popularite-des-auberges-de-jeunesse_AV-202508200188.html\" title=\"&quot;80% de fr\u00e9quentation en haute saison&quot;: comment expliquer la popularit\u00e9 des auberges de jeunesse?\" class=\"internal_link\" rel=\"nofollow noopener\" target=\"_blank\">vacances<\/a>, organis\u00e9e par le secours populaire.<\/p>\n<p>\u00ab\u00a0Cette ann\u00e9e, pour la Journ\u00e9e des oubli\u00e9s des vacances, 40.000 enfants venus d\u2019une cinquantaine de pays sont r\u00e9unis \u00e0 Paris. Rendez-vous a \u00e9t\u00e9 donn\u00e9 sur diff\u00e9rents sites culturels et sportifs : la Tour Eiffel, les bateaux-mouches, un grand pique-nique au Champ-de-Mars, un concert g\u00e9ant avec des artistes surprises\u00a0\u00bb, d\u00e9taille sur <a href=\"https:\/\/rmc.bfmtv.com\/\" target=\"_blank\" class=\"external_link\" rel=\"nofollow noopener\">RMC <\/a>Corinne Makowski, secr\u00e9taire nationale du Secours Populaire. Six cents bus ont \u00e9t\u00e9 affr\u00e9t\u00e9s par le Secours populaire pour faire venir des enfants de toute la France pour cette 46e \u00e9dition.<\/p>\n<p>10% des moins de 16 ans ne partent pas en vacances au moins une semaine<\/p>\n<p>\u00ab\u00a0Des espaces rappelleront la mer, la montagne, le camping, comme un clin d\u2019\u0153il au voyage. On veut offrir une journ\u00e9e inoubliable \u00e0 ces enfants, alors qu\u2019un enfant sur trois est priv\u00e9 de vacances\u00a0\u00bb, poursuit-elle.<\/p>\n<p>\u00ab\u00a0C&rsquo;est important pour nous qu&rsquo;un enfant ait quelque chose \u00e0 raconter \u00e0 la rentr\u00e9e \u00e0 ses petits camarades, pour ne pas se sentir diff\u00e9rent\u00a0\u00bb, souligne aupr\u00e8s de l&rsquo;AFP Thierry Robert, le secr\u00e9taire national du Secours populaire.<\/p>\n<p>Selon une \u00e9tude de l&rsquo;Insee (Institut national de la statistique et des \u00e9tudes \u00e9conomiques) de 2021, 10% des moins de 16 ans ne partent pas en vacances au moins une semaine par an pour des raisons financi\u00e8res. \u00ab\u00a0Souvent pour des raisons \u00e9conomiques, des raisons familiales, divorces, maladies, parfois des gens qui ne travaillent pas ou qui n&rsquo;ont pas assez de ressources pour partir\u00a0\u00bb, explique Corinne Makowski, secr\u00e9taire nationale du Secours Populaire.<\/p>\n<p><img width=\"1\" height=\"1\" class=\"lozad\"  alt=\"La matinale 100% info et auditeurs. Tous les matins, Apolline de Malherbe d\u00e9crypte l'actualit\u00e9 du jour dans la bonne humeur, avec un journal toutes les demies-heures, Charles Magnien, le relais des auditeurs, Emmanuel Lechypre pour l'\u00e9conomie, et Matthieu Belliard pour ses explications quotidennes. L'humoriste Arnaud Demanche vient compl\u00e9ter la bande avec deux rendez-vous \u00e0 7h20 et 8h20.\"\/>Lechypre d\u2019affaires : Apr\u00e8s de mornes vacances, une rentr\u00e9e encore pire ? &#8211; 18\/08<\/p>\n<p>L&rsquo;association f\u00eate ses 80 ans cette ann\u00e9e. Pour l&rsquo;occasion, les activit\u00e9s de la journ\u00e9e sont organis\u00e9es autour de la \u00ab\u00a0c\u00e9l\u00e9bration du premier anniversaire des Jeux de Paris 2024\u00a0\u00bb.<\/p>\n<p>\u00ab\u00a0Certains enfants vont aller voir la vasque olympique aux Tuileries, d&rsquo;autres vont aller au centre aquatique olympique \u00e0 Saint-Denis, et puis d&rsquo;autres vont faire une balade fluviale (sur la Seine), symbole de la c\u00e9r\u00e9monie d&rsquo;ouverture des Jeux olympiques\u00a0\u00bb, d\u00e9taille Thierry Robert.<\/p>\n<p>Les enfants seront ensuite accueillis sur le Champ-de-Mars, au pied de la Tour Eiffel, pour un pique-nique g\u00e9ant le midi et un concert, dont les artistes n&rsquo;ont pas encore \u00e9t\u00e9 r\u00e9v\u00e9l\u00e9s.<\/p>\n<p>Mascottes des JO, ateliers sur le sport, et athl\u00e8tes seront sur place. La journ\u00e9e est aussi co-parrain\u00e9e par Tony Estanguet, le pr\u00e9sident du Comit\u00e9 d&rsquo;organisation des JO 2024.<\/p>\n<p>Hausse de la pr\u00e9carit\u00e9<\/p>\n<p>Autre particularit\u00e9, cette ann\u00e9e, pr\u00e8s de \u00ab\u00a01.000 enfants\u00a0\u00bb de l&rsquo;\u00e9tranger seront pr\u00e9sents, un bond \u00ab\u00a0par rapport aux ann\u00e9es pr\u00e9c\u00e9dentes\u00a0\u00bb, pr\u00e9cise le directeur g\u00e9n\u00e9ral du Secours populaire.<\/p>\n<p>L&rsquo;association compte aussi profiter de cette \u00e9dition \u00ab\u00a0internationale\u00a0\u00bb, pour alerter sur la hausse de la pr\u00e9carit\u00e9. \u00ab\u00a0Le nombre de personnes ne va pas en diminuant. On le constate notamment aussi chez les jeunes qui sont de plus en plus nombreux\u00a0\u00bb, alerte Thierry Robert.<\/p>\n","protected":false},"excerpt":{"rendered":"Croisi\u00e8re sur la Seine, visite de mus\u00e9es et concert au pied de la Tour Eiffel&#8230; 40.000 enfants venus&hellip;\n","protected":false},"author":2,"featured_media":331471,"comment_status":"","ping_status":"","sticky":false,"template":"","format":"standard","meta":{"footnotes":""},"categories":[1888],"tags":[1111,1928,11,1927,1777,674,1011,27,12,1926,626,1925,25],"class_list":{"0":"post-331470","1":"post","2":"type-post","3":"status-publish","4":"format-standard","5":"has-post-thumbnail","7":"category-paris","8":"tag-actu","9":"tag-actu-paris","10":"tag-actualites","11":"tag-actualites-paris","12":"tag-eu","13":"tag-europe","14":"tag-fr","15":"tag-france","16":"tag-news","17":"tag-news-paris","18":"tag-paris","19":"tag-paris-news","20":"tag-republique-francaise"},"share_on_mastodon":{"url":"https:\/\/pubeurope.com\/@fr\/115060892193339980","error":""},"_links":{"self":[{"href":"https:\/\/www.europesays.com\/fr\/wp-json\/wp\/v2\/posts\/331470","targetHints":{"allow":["GET"]}}],"collection":[{"href":"https:\/\/www.europesays.com\/fr\/wp-json\/wp\/v2\/posts"}],"about":[{"href":"https:\/\/www.europesays.com\/fr\/wp-json\/wp\/v2\/types\/post"}],"author":[{"embeddable":true,"href":"https:\/\/www.europesays.com\/fr\/wp-json\/wp\/v2\/users\/2"}],"replies":[{"embeddable":true,"href":"https:\/\/www.europesays.com\/fr\/wp-json\/wp\/v2\/comments?post=331470"}],"version-history":[{"count":0,"href":"https:\/\/www.europesays.com\/fr\/wp-json\/wp\/v2\/posts\/331470\/revisions"}],"wp:featuredmedia":[{"embeddable":true,"href":"https:\/\/www.europesays.com\/fr\/wp-json\/wp\/v2\/media\/331471"}],"wp:attachment":[{"href":"https:\/\/www.europesays.com\/fr\/wp-json\/wp\/v2\/media?parent=331470"}],"wp:term":[{"taxonomy":"category","embeddable":true,"href":"https:\/\/www.europesays.com\/fr\/wp-json\/wp\/v2\/categories?post=331470"},{"taxonomy":"post_tag","embeddable":true,"href":"https:\/\/www.europesays.com\/fr\/wp-json\/wp\/v2\/tags?post=331470"}],"curies":[{"name":"wp","href":"https:\/\/api.w.org\/{rel}","templated":true}]}}