{"id":331472,"date":"2025-08-20T11:37:11","date_gmt":"2025-08-20T11:37:11","guid":{"rendered":"https:\/\/www.europesays.com\/fr\/331472\/"},"modified":"2025-08-20T11:37:11","modified_gmt":"2025-08-20T11:37:11","slug":"cette-ville-francaise-elue-la-plus-culturelle-du-monde-en-2025","status":"publish","type":"post","link":"https:\/\/www.europesays.com\/fr\/331472\/","title":{"rendered":"cette ville fran\u00e7aise \u00e9lue la plus culturelle du monde en 2025 !"},"content":{"rendered":"<p>Paris ne cesse jamais de faire parler d\u2019elle. Cette fois-ci, ce n\u2019est pas pour sa gastronomie, sa Tour Eiffel ou ses boutiques de luxe\u2026 mais pour un titre qui fait r\u00eaver : celui de <strong>ville la plus culturelle du monde<\/strong> en 2025. D\u00e9cern\u00e9 par le c\u00e9l\u00e8bre m\u00e9dia Time Out, ce titre prouve que Paris, ce n\u2019est pas juste une destination touristique. C\u2019est un v\u00e9ritable c\u0153ur battant de la culture mondiale. Et attention, ce n\u2019est pas une simple \u00e9tiquette\u2026 C\u2019est un ressenti, partag\u00e9 par ceux qui y habitent, comme par ceux qui y passent.<\/p>\n<p>Une ville o\u00f9 la culture est partout, tout le temps<\/p>\n<p>\u00c0 Paris, on n\u2019a pas besoin de chercher bien loin pour croiser l\u2019art. Il suffit de marcher. En fl\u00e2nant le long de la Seine ou dans un vieux passage couvert, on tombe sur un bouquiniste, un pianiste de rue ou une fresque murale qui vous coupe le souffle. C\u2019est simple : ici, la <strong>culture fait partie du paysage<\/strong>.<\/p>\n<p>La ville est comme un mus\u00e9e \u00e0 ciel ouvert. Les immeubles haussmanniens, les ponts charg\u00e9s d\u2019histoire, les kiosques de quartier\u2026 Tout raconte quelque chose, tout \u00e9voque une \u00e9poque, un style, une id\u00e9e. Et \u00e7a se ressent dans le quotidien. \u00c0 Paris, on ne va pas voir la culture\u2026 on vit dedans.<\/p>\n<p>Des mus\u00e9es mythiques, mais pas seulement<\/p>\n<p>\u00c9videmment, on ne peut pas parler de Paris sans \u00e9voquer ses g\u00e9ants : le <strong>Louvre<\/strong>, avec sa pyramide et sa c\u00e9l\u00e8bre Mona Lisa. Le <strong>Mus\u00e9e d\u2019Orsay<\/strong>, temple des impressionnistes log\u00e9 dans une ancienne gare. Ou encore le <strong>Centre Pompidou<\/strong>, avec ses tuyaux color\u00e9s et son art contemporain plein d\u2019audace.<\/p>\n<p>Mais ce qui rend Paris si unique, ce n\u2019est pas juste ses t\u00eates d\u2019affiche. Ce sont aussi les petites galeries de quartiers, les th\u00e9\u00e2tres intimistes o\u00f9 l\u2019on voit des pi\u00e8ces incroyables \u00e0 deux pas de chez soi. Ce sont les cin\u00e9mas d\u2019auteur, les caf\u00e9s o\u00f9 l\u2019on d\u00e9bat encore de philo, les librairies de rues qui vous appellent par leur vitrine.<\/p>\n<p>Quand la culture descend dans la rue<\/p>\n<p>Ce qui frappe, c\u2019est que Paris <strong>ne garde pas son art enferm\u00e9<\/strong>. En \u00e9t\u00e9, la ville se transforme. Il y a des concerts sur les quais, du cin\u00e9ma en plein air dans les parcs, du th\u00e9\u00e2tre \u00e0 ciel ouvert\u2026 Et \u00e7a fonctionne ! Le public est l\u00e0, curieux, joyeux, pr\u00eat \u00e0 se laisser surprendre.<\/p>\n<p>Des festivals comme la <strong>Nuit Blanche<\/strong> ou la <strong>F\u00eate de la Musique<\/strong> apportent ce petit suppl\u00e9ment de magie. Une nuit enti\u00e8re o\u00f9 la capitale devient un immense terrain de jeu artistique. Et puis, tous ces \u00e9v\u00e9nements sont souvent gratuits ou tr\u00e8s abordables. Parfait pour d\u00e9couvrir des choses nouvelles, sans exploser son porte-monnaie.<\/p>\n<p>Un quotidien rythm\u00e9 par l\u2019impr\u00e9vu artistique<\/p>\n<p>\u00c0 Paris, la culture s\u2019invite dans vos journ\u00e9es sans pr\u00e9venir. Vous attendez le m\u00e9tro ? Voil\u00e0 qu\u2019un violoniste joue Vivaldi. En rentrant du march\u00e9 ? Un graffiti g\u00e9ant vous parle d\u2019amour ou de r\u00e9volte. En vous promenant dans un square ? Une expo photo \u00e0 ciel ouvert vous cueille sans crier gare.<\/p>\n<p>Ce n\u2019est pas un hasard si 96 % des habitants interrog\u00e9s trouvent l\u2019offre culturelle de leur ville \u201cbonne\u201d ou \u201cincroyable\u201d. C\u2019est parce qu\u2019elle est vivante, accessible, naturelle. Les mus\u00e9es ouvrent gratuitement certains dimanches, les jeunes ont droit \u00e0 des r\u00e9ductions, les familles trouvent des activit\u00e9s tout au long de l\u2019ann\u00e9e.<\/p>\n<p>Paris, une ville qui inspire, encore et toujours<\/p>\n<p>On aurait pu penser que Paris, avec son histoire et son prestige, finirait par \u00eatre un peu fig\u00e9e. Mais non. Au contraire. C\u2019est une ville qui ose, qui innove, qui teste. Entre tradition et modernit\u00e9, elle sait faire danser les classiques avec la cr\u00e9ation la plus effervescente.<\/p>\n<p>Et c\u2019est sans doute \u00e7a, son vrai secret. Elle ne se repose jamais sur ses lauriers. Elle continue chaque jour \u00e0 se transformer, \u00e0 proposer, \u00e0 inventer. Alors, si tu h\u00e9sitais encore \u00e0 t\u2019y perdre, c\u2019est peut-\u00eatre le bon moment.<\/p>\n<p><strong>Parce qu\u2019\u00e0 Paris, la culture ne se consomme pas\u2026 elle se ressent.<\/strong><\/p>\n","protected":false},"excerpt":{"rendered":"Paris ne cesse jamais de faire parler d\u2019elle. Cette fois-ci, ce n\u2019est pas pour sa gastronomie, sa Tour&hellip;\n","protected":false},"author":2,"featured_media":331473,"comment_status":"","ping_status":"","sticky":false,"template":"","format":"standard","meta":{"footnotes":""},"categories":[1888],"tags":[1111,1928,11,1927,1777,674,1011,27,12,1926,626,1925,25],"class_list":{"0":"post-331472","1":"post","2":"type-post","3":"status-publish","4":"format-standard","5":"has-post-thumbnail","7":"category-paris","8":"tag-actu","9":"tag-actu-paris","10":"tag-actualites","11":"tag-actualites-paris","12":"tag-eu","13":"tag-europe","14":"tag-fr","15":"tag-france","16":"tag-news","17":"tag-news-paris","18":"tag-paris","19":"tag-paris-news","20":"tag-republique-francaise"},"share_on_mastodon":{"url":"https:\/\/pubeurope.com\/@fr\/115060896167873981","error":""},"_links":{"self":[{"href":"https:\/\/www.europesays.com\/fr\/wp-json\/wp\/v2\/posts\/331472","targetHints":{"allow":["GET"]}}],"collection":[{"href":"https:\/\/www.europesays.com\/fr\/wp-json\/wp\/v2\/posts"}],"about":[{"href":"https:\/\/www.europesays.com\/fr\/wp-json\/wp\/v2\/types\/post"}],"author":[{"embeddable":true,"href":"https:\/\/www.europesays.com\/fr\/wp-json\/wp\/v2\/users\/2"}],"replies":[{"embeddable":true,"href":"https:\/\/www.europesays.com\/fr\/wp-json\/wp\/v2\/comments?post=331472"}],"version-history":[{"count":0,"href":"https:\/\/www.europesays.com\/fr\/wp-json\/wp\/v2\/posts\/331472\/revisions"}],"wp:featuredmedia":[{"embeddable":true,"href":"https:\/\/www.europesays.com\/fr\/wp-json\/wp\/v2\/media\/331473"}],"wp:attachment":[{"href":"https:\/\/www.europesays.com\/fr\/wp-json\/wp\/v2\/media?parent=331472"}],"wp:term":[{"taxonomy":"category","embeddable":true,"href":"https:\/\/www.europesays.com\/fr\/wp-json\/wp\/v2\/categories?post=331472"},{"taxonomy":"post_tag","embeddable":true,"href":"https:\/\/www.europesays.com\/fr\/wp-json\/wp\/v2\/tags?post=331472"}],"curies":[{"name":"wp","href":"https:\/\/api.w.org\/{rel}","templated":true}]}}