{"id":331474,"date":"2025-08-20T11:38:11","date_gmt":"2025-08-20T11:38:11","guid":{"rendered":"https:\/\/www.europesays.com\/fr\/331474\/"},"modified":"2025-08-20T11:38:11","modified_gmt":"2025-08-20T11:38:11","slug":"maximilien-luce-linstinct-du-paysage","status":"publish","type":"post","link":"https:\/\/www.europesays.com\/fr\/331474\/","title":{"rendered":"Maximilien Luce. L\u2019instinct du paysage"},"content":{"rendered":"<dl class=\"spip_document_76045 spip_documents spip_documents_left\" style=\"float:left;\" itemprop=\"image\" itemscope=\"\" itemtype=\"http:\/\/schema.org\/ImageObject\">\n<dt>\n\t\t<a href=\"https:\/\/www.latribunedelart.com\/IMG\/jpg\/affiche_luce-2.jpg?76045\/688d42e98d3c602f9871576512dd212eff76d978ed7d0fa41cdb33bc5a7371fa\" title=\"\" type=\"image\/jpeg\" rel=\"nofollow noopener\" target=\"_blank\"><br \/>\n\t\t\t<img loading=\"lazy\" decoding=\"async\" src=\"https:\/\/www.europesays.com\/fr\/wp-content\/uploads\/2025\/08\/affiche_luce-2-02ab3.jpg\" width=\"336\" height=\"500\" alt=\"\" itemprop=\"contentUrl\"\/><br \/>\n\t\t<\/a>\n\t<\/dt>\n<dd class=\"crayon document-descriptif-76045 spip_doc_descriptif\" style=\"width:336px;\" itemprop=\"description\">1. Affiche de l\u2019exposition<br class=\"autobr\"\/><br \/>\n\u00ab\u00a0Maximilien Luce, l\u2019instinct du paysage\u00a0\u00bb, au Mus\u00e9e de Montmartre<br class=\"autobr\"\/><br \/>\nPhoto\u00a0: Mus\u00e9e de Montmartre\n<\/dd>\n<dd class=\"spip_doc_lien-galerie\">\n\t\t<a href=\"https:\/\/www.latribunedelart.com\/spip.php?page=docbig&amp;id_document=76045&amp;id_article=12813\" rel=\"nofollow noopener\" target=\"_blank\">Voir l\u00b4image dans sa page<\/a>\n\t<\/dd>\n<\/dl>\n<p>L\u2019affiche d\u2019une exposition doit \u00eatre s\u00e9duisante et pertinente \u00e0 la fois, capter le regard du passant, pour lui donner une id\u00e9e du sujet et l\u2019envie d\u2019en savoir davantage en un battement de cils. Le choix est rarement \u00e9vident.<\/p>\n<p>Pour annoncer l\u2019exposition qu\u2019il consacre \u00e0 Maximilien Luce, le Mus\u00e9e de Montmartre a mis\u00e9 sur une valeur s\u00fbre\u00a0: une affiche montrant un paysage n\u00e9o-impressionniste tout scintillant de couleurs  (ill. 1). Mais l\u00e0 encore, l\u2019affiche ne donne qu\u2019une id\u00e9e partielle de l\u2019exposition, qui m\u00e9rite le d\u00e9tour justement pour les \u0153uvres moins attendues qu\u2019elle d\u00e9ploie, les peintures du Pays Noir \u00e9tant sans doute les plus fascinantes (ill. 2). \u00ab\u00a0Ce pays m\u2019\u00e9pouvante [\u2026] C\u2019est tellement terrible et beau que je doute de rendre ce que je vois.\u00a0\u00bb confia Luce \u00e0 son ami Henri-Edmond Cross. Il faut \u00e9galement souligner la qualit\u00e9 de ses dessins et de ses lithographies, la surprise en outre que m\u00e9nage une vitrine dans laquelle sont r\u00e9unis des objets d\u00e9cor\u00e9s de sa main, coffret en bois peint et assiettes en fa\u00efence. <br class=\"autobr\"\/><br \/>\nCar Luce ne fut pas seulement un peintre n\u00e9o-impressionniste\u00a0; il prit d\u2019ailleurs tr\u00e8s vite des libert\u00e9s par rapport \u00e0 la le\u00e7on de Paul Signac, tout en restant l\u2019un de ses amis proches. Il rejoignit la Soci\u00e9t\u00e9 des artistes ind\u00e9pendants en 1887, et participa jusqu\u2019\u00e0 sa mort \u00e0 ses expositions \u00ab\u00a0sans jury ni r\u00e9compenses\u00a0\u00bb, devenant vice-pr\u00e9sident de la Soci\u00e9t\u00e9, puis pr\u00e9sident \u00e0 la mort de Signac en 1935, avant de d\u00e9missionner pour protester contre la discrimination \u00e0 l\u2019\u00e9gard des juifs en 1940. <br class=\"autobr\"\/><br \/>\nArtiste anarchiste avant tout, il fit preuve d\u2019une ind\u00e9pendance d\u2019esprit tout au long de sa vie. Lorsque fut assassin\u00e9 le pr\u00e9sident Carnot, Luce fut arr\u00eat\u00e9 pour la simple et bonne raison qu\u2019il avait fourni des illustrations \u00e0 des journaux tels que La R\u00e9volte et Le P\u00e8re Peinard. Emprisonn\u00e9 \u00e0 Mazas,\u2026<\/p>\n","protected":false},"excerpt":{"rendered":"1. Affiche de l\u2019exposition \u00ab\u00a0Maximilien Luce, l\u2019instinct du paysage\u00a0\u00bb, au Mus\u00e9e de Montmartre Photo\u00a0: Mus\u00e9e de Montmartre Voir&hellip;\n","protected":false},"author":2,"featured_media":331475,"comment_status":"","ping_status":"","sticky":false,"template":"","format":"standard","meta":{"footnotes":""},"categories":[1888],"tags":[11,1777,674,1011,27,12,626,25],"class_list":{"0":"post-331474","1":"post","2":"type-post","3":"status-publish","4":"format-standard","5":"has-post-thumbnail","7":"category-paris","8":"tag-actualites","9":"tag-eu","10":"tag-europe","11":"tag-fr","12":"tag-france","13":"tag-news","14":"tag-paris","15":"tag-republique-francaise"},"share_on_mastodon":{"url":"https:\/\/pubeurope.com\/@fr\/115060900140109985","error":""},"_links":{"self":[{"href":"https:\/\/www.europesays.com\/fr\/wp-json\/wp\/v2\/posts\/331474","targetHints":{"allow":["GET"]}}],"collection":[{"href":"https:\/\/www.europesays.com\/fr\/wp-json\/wp\/v2\/posts"}],"about":[{"href":"https:\/\/www.europesays.com\/fr\/wp-json\/wp\/v2\/types\/post"}],"author":[{"embeddable":true,"href":"https:\/\/www.europesays.com\/fr\/wp-json\/wp\/v2\/users\/2"}],"replies":[{"embeddable":true,"href":"https:\/\/www.europesays.com\/fr\/wp-json\/wp\/v2\/comments?post=331474"}],"version-history":[{"count":0,"href":"https:\/\/www.europesays.com\/fr\/wp-json\/wp\/v2\/posts\/331474\/revisions"}],"wp:featuredmedia":[{"embeddable":true,"href":"https:\/\/www.europesays.com\/fr\/wp-json\/wp\/v2\/media\/331475"}],"wp:attachment":[{"href":"https:\/\/www.europesays.com\/fr\/wp-json\/wp\/v2\/media?parent=331474"}],"wp:term":[{"taxonomy":"category","embeddable":true,"href":"https:\/\/www.europesays.com\/fr\/wp-json\/wp\/v2\/categories?post=331474"},{"taxonomy":"post_tag","embeddable":true,"href":"https:\/\/www.europesays.com\/fr\/wp-json\/wp\/v2\/tags?post=331474"}],"curies":[{"name":"wp","href":"https:\/\/api.w.org\/{rel}","templated":true}]}}