{"id":331476,"date":"2025-08-20T11:39:11","date_gmt":"2025-08-20T11:39:11","guid":{"rendered":"https:\/\/www.europesays.com\/fr\/331476\/"},"modified":"2025-08-20T11:39:11","modified_gmt":"2025-08-20T11:39:11","slug":"eva-longoria-50-ans-rayonne-dans-les-rues-de-paris-avec-un-look-casual-chic","status":"publish","type":"post","link":"https:\/\/www.europesays.com\/fr\/331476\/","title":{"rendered":"Eva Longoria, 50 ans, rayonne dans les rues de Paris avec un look casual chic"},"content":{"rendered":"<p>Elle ne passe jamais inaper\u00e7ue. Au fil des ann\u00e9es,<strong> Eva Longoria<\/strong> est devenue une v\u00e9ritable ic\u00f4ne de mode et inspire chaque jour des milliers de femmes. Et franchement, qui ne r\u00eave pas de lui ressembler ? \u00c0 50 ans, l\u2019actrice encha\u00eene les apparitions publiques et nous prouve \u00e0 chaque fois son go\u00fbt prononc\u00e9 pour la mode.<\/p>\n<p>Alors que les Parisiens profitent pleinement de leurs derniers jours de vacances, loin de la capitale, Eva Longoria, elle, s&rsquo;est offert un petit s\u00e9jour dans la Ville Lumi\u00e8re. L&rsquo;occasion parfaite pour savourer le calme des terrasses et les rues d\u00e9sertes de <strong>Paris.<\/strong> Ce 19 ao\u00fbt, sur son compte Instagram, la star de Desperate Housewives a d&rsquo;ailleurs partag\u00e9 quelques clich\u00e9s avec ses abonn\u00e9s.<\/p>\n<p>Eva Longoria en robe longue et baskets<\/p>\n<p>Une tasse de caf\u00e9 entre les mains, Eva Longoria prend la pose assise \u00e0 une table, le regard au loin. Ce jour-l\u00e0, la jeune maman a d\u00e9cid\u00e9 d&rsquo;opter pour une tenue f\u00e9minine mais d\u00e9contract\u00e9e. Quelque chose de simple et confortable, mais qui lui va \u00e0 ravir ! Elle porte<strong> une robe longue noire<\/strong>, fendue sur le c\u00f4t\u00e9, qui d\u00e9voile ses jambes \u00e9lanc\u00e9es.<\/p>\n<p>Pour casser le c\u00f4t\u00e9 \u00e9l\u00e9gant de la robe et rendre le look plus casual, l&rsquo;interpr\u00e8te de Gabrielle Solis a mis\u00e9 sur une paire de baskets blanches. C\u00f4t\u00e9 mise en (&#8230;)<\/p>\n<p><a href=\"https:\/\/www.grazia.fr\/mode\/looks-de-stars\/eva-longoria-50-ans-rayonne-dans-les-rues-de-paris-avec-un-look-casual-chic-1180494.html?utm_campaign=partenariat&amp;utm_source=yahoo-articles&amp;utm_medium=flux\" rel=\"nofollow noopener\" target=\"_blank\" data-ylk=\"slk:Lire la suite sur Grazia;elm:context_link;itc:0;sec:content-canvas\" class=\"link \">Lire la suite sur Grazia<\/a><\/p>\n<p><a href=\"https:\/\/www.grazia.fr\/people\/alban-lenoir-les-orphelins-qui-est-en-couple-avec-la-star-des-films-daction-a-la-francaise-1180219.html?utm_campaign=partenariat&amp;utm_source=yahoo-articles&amp;utm_medium=flux\" rel=\"nofollow noopener\" target=\"_blank\" data-ylk=\"slk:Alban Lenoir (Les Orphelins), qui est en couple avec la star des films d&#039;action \u00e0 la fran\u00e7aise ?;elm:context_link;itc:0;sec:content-canvas\" class=\"link \">Alban Lenoir (Les Orphelins), qui est en couple avec la star des films d&rsquo;action \u00e0 la fran\u00e7aise ?<\/a><br \/><a href=\"https:\/\/www.grazia.fr\/beaute\/soins-visage-corps\/je-parais-5-ans-moins-adieu-rides-cernes-nouvelle-creme-coreenne-lisse-regard-3-minutes-1167228.html?utm_campaign=partenariat&amp;utm_source=yahoo-articles&amp;utm_medium=flux\" rel=\"nofollow noopener\" target=\"_blank\" data-ylk=\"slk:\u201cJe parais 5 ans de moins\u201d : adieu les rides et les cernes, cette nouvelle cr\u00e8me cor\u00e9enne lisse le regard en 3 minutes chrono;elm:context_link;itc:0;sec:content-canvas\" class=\"link \">\u201cJe parais 5 ans de moins\u201d : adieu les rides et les cernes, cette nouvelle cr\u00e8me cor\u00e9enne lisse le regard en 3 minutes chrono<\/a><br \/><a href=\"https:\/\/www.grazia.fr\/beaute\/forme-minceur\/1300-calories-depensees-en-30-minutes-cette-activite-brule-4-fois-plus-de-gras-quune-seance-de-sport-1079413.html?utm_campaign=partenariat&amp;utm_source=yahoo-articles&amp;utm_medium=flux\" rel=\"nofollow noopener\" target=\"_blank\" data-ylk=\"slk:Avec 1300 calories d\u00e9pens\u00e9es en 30 minutes, cette activit\u00e9 br\u00fble 4 fois plus de gras qu&#039;une s\u00e9ance de sport;elm:context_link;itc:0;sec:content-canvas\" class=\"link \">Avec 1300 calories d\u00e9pens\u00e9es en 30 minutes, cette activit\u00e9 br\u00fble 4 fois plus de gras qu&rsquo;une s\u00e9ance de sport<\/a><br \/><a href=\"https:\/\/www.grazia.fr\/beaute\/forme-minceur\/la-regle-des-trois-bouchees-est-sans-doute-la-pire-erreur-a-commettre-quand-on-veut-perdre-du-poids-selon-un-medecin-1180337.html?utm_campaign=partenariat&amp;utm_source=yahoo-articles&amp;utm_medium=flux\" rel=\"nofollow noopener\" target=\"_blank\" data-ylk=\"slk:La &quot;r\u00e8gle des trois bouch\u00e9es&quot; est sans doute la pire erreur \u00e0 commettre quand on veut perdre du poids, selon un m\u00e9decin;elm:context_link;itc:0;sec:content-canvas\" class=\"link \">La \u00ab\u00a0r\u00e8gle des trois bouch\u00e9es\u00a0\u00bb est sans doute la pire erreur \u00e0 commettre quand on veut perdre du poids, selon un m\u00e9decin<\/a><br \/><a href=\"https:\/\/www.grazia.fr\/mode\/looks-de-stars\/sophie-turner-29-ans-plus-sensuelle-que-jamais-dans-une-robe-en-dentelle-transparente-1180489.html?utm_campaign=partenariat&amp;utm_source=yahoo-articles&amp;utm_medium=flux\" rel=\"nofollow noopener\" target=\"_blank\" data-ylk=\"slk:Sophie Turner (29 ans) plus sensuelle que jamais dans une robe en dentelle transparente;elm:context_link;itc:0;sec:content-canvas\" class=\"link \">Sophie Turner (29 ans) plus sensuelle que jamais dans une robe en dentelle transparente<\/a><\/p>\n","protected":false},"excerpt":{"rendered":"Elle ne passe jamais inaper\u00e7ue. Au fil des ann\u00e9es, Eva Longoria est devenue une v\u00e9ritable ic\u00f4ne de mode&hellip;\n","protected":false},"author":2,"featured_media":331477,"comment_status":"","ping_status":"","sticky":false,"template":"","format":"standard","meta":{"footnotes":""},"categories":[1888],"tags":[11,1777,674,6724,1011,27,46887,12,626,25],"class_list":{"0":"post-331476","1":"post","2":"type-post","3":"status-publish","4":"format-standard","5":"has-post-thumbnail","7":"category-paris","8":"tag-actualites","9":"tag-eu","10":"tag-europe","11":"tag-eva-longoria","12":"tag-fr","13":"tag-france","14":"tag-jours-de-vacances","15":"tag-news","16":"tag-paris","17":"tag-republique-francaise"},"share_on_mastodon":{"url":"https:\/\/pubeurope.com\/@fr\/115060904025680875","error":""},"_links":{"self":[{"href":"https:\/\/www.europesays.com\/fr\/wp-json\/wp\/v2\/posts\/331476","targetHints":{"allow":["GET"]}}],"collection":[{"href":"https:\/\/www.europesays.com\/fr\/wp-json\/wp\/v2\/posts"}],"about":[{"href":"https:\/\/www.europesays.com\/fr\/wp-json\/wp\/v2\/types\/post"}],"author":[{"embeddable":true,"href":"https:\/\/www.europesays.com\/fr\/wp-json\/wp\/v2\/users\/2"}],"replies":[{"embeddable":true,"href":"https:\/\/www.europesays.com\/fr\/wp-json\/wp\/v2\/comments?post=331476"}],"version-history":[{"count":0,"href":"https:\/\/www.europesays.com\/fr\/wp-json\/wp\/v2\/posts\/331476\/revisions"}],"wp:featuredmedia":[{"embeddable":true,"href":"https:\/\/www.europesays.com\/fr\/wp-json\/wp\/v2\/media\/331477"}],"wp:attachment":[{"href":"https:\/\/www.europesays.com\/fr\/wp-json\/wp\/v2\/media?parent=331476"}],"wp:term":[{"taxonomy":"category","embeddable":true,"href":"https:\/\/www.europesays.com\/fr\/wp-json\/wp\/v2\/categories?post=331476"},{"taxonomy":"post_tag","embeddable":true,"href":"https:\/\/www.europesays.com\/fr\/wp-json\/wp\/v2\/tags?post=331476"}],"curies":[{"name":"wp","href":"https:\/\/api.w.org\/{rel}","templated":true}]}}