{"id":331478,"date":"2025-08-20T11:40:11","date_gmt":"2025-08-20T11:40:11","guid":{"rendered":"https:\/\/www.europesays.com\/fr\/331478\/"},"modified":"2025-08-20T11:40:11","modified_gmt":"2025-08-20T11:40:11","slug":"la-russie-revendique-la-capture-de-trois-localites-dans-lest-du-pays","status":"publish","type":"post","link":"https:\/\/www.europesays.com\/fr\/331478\/","title":{"rendered":"la Russie revendique la capture de trois localit\u00e9s dans l&rsquo;est du pays"},"content":{"rendered":"<p>L&rsquo;arm\u00e9e russe a revendiqu\u00e9, mercredi 20 ao\u00fbt, la prise de trois nouvelles localit\u00e9s dans l&rsquo;est de l&rsquo;Ukraine. Selon le bilan quotidien du minist\u00e8re russe de la D\u00e9fense, ses troupes ont pris le contr\u00f4le des villages de Soukhetsk\u00e9 et de Pankivka dans la r\u00e9gion de Donetsk, ainsi que du village de Novogueorgi\u00efvka dans la r\u00e9gion de Dnipropetrovsk. L&rsquo;arm\u00e9e russe a acc\u00e9l\u00e9r\u00e9 ses gains territoriaux ces derniers mois face \u00e0 des forces ukrainiennes moins nombreuses et moins bien \u00e9quip\u00e9es, au moment o\u00f9 les efforts diplomatiques se multiplient pour trouver une issue \u00e0 la guerre en Ukraine. Suivez notre direct.<\/p>\n<p class=\"c-body__bullet\"><strong> R\u00e9union des chefs d&rsquo;\u00e9tat-major des arm\u00e9es de l&rsquo;Otan.<\/strong> Ils doivent \u00e9voquer, en visioconf\u00e9rence, le conflit en Ukraine et la \u00ab\u00a0progression des efforts diplomatiques\u00a0\u00bb, selon l&rsquo;Alliance atlantique. De grandes tractations sont en cours parmi les alli\u00e9s de Kiev pour d\u00e9terminer <a href=\"https:\/\/www.franceinfo.fr\/monde\/europe\/manifestations-en-ukraine\/guerre-en-ukraine-trois-questions-sur-les-garanties-de-securite-au-c-ur-des-discussions-entre-donald-trump-et-volodymyr-zelensky-a-washington_7441648.html\" rel=\"nofollow noopener\" target=\"_blank\">quel type de garanties de s\u00e9curit\u00e9 lui offrir<\/a> en cas d&rsquo;accord de paix avec Moscou afin de pr\u00e9venir toute nouvelle attaque russe sur ce pays.<\/p>\n<p class=\"c-body__bullet\"><strong> Donald Trump envisage un soutien a\u00e9rien, mais pas de troupes au sol.<\/strong> Le pr\u00e9sident am\u00e9ricain s&rsquo;est dit pr\u00eat, mardi, <a href=\"https:\/\/www.franceinfo.fr\/monde\/europe\/manifestations-en-ukraine\/guerre-en-ukraine-donald-trump-previent-qu-il-n-y-aura-pas-de-soldats-americains-deployes-sur-le-sol-ukrainien-pour-garantir-la-paix_7443586.html\" rel=\"nofollow noopener\" target=\"_blank\">\u00e0 ce que les Etats-Unis apportent un soutien militaire a\u00e9rien<\/a> en guise de garantie de s\u00e9curit\u00e9 \u00e0 l&rsquo;Ukraine en cas d&rsquo;accord de paix avec la Russie, tout en excluant des soldats au sol, une mission qui serait d\u00e9volue aux alli\u00e9s europ\u00e9ens. \u00ab\u00a0Ils sont pr\u00eats \u00e0 envoyer des troupes sur le terrain\u00a0\u00bb, a d\u00e9clar\u00e9 le pr\u00e9sident am\u00e9ricain sur la cha\u00eene <a href=\"https:\/\/x.com\/FoxNews\/status\/1957782401179844736\" target=\"_blank\" rel=\"noopener nofollow\">Fox News<\/a>, en r\u00e9f\u00e9rence aux dirigeants fran\u00e7ais, allemand et britannique qu&rsquo;il avait re\u00e7us la veille dans le Bureau ovale.<\/p>\n<p class=\"c-body__bullet\"><strong> Vladimir Poutine a propos\u00e9 de rencontrer Volodymyr Zelensky \u00e0 Moscou. <\/strong>Le pr\u00e9sident russe a propos\u00e9 Moscou comme lieu de rencontre possible avec Volodymyr Zelensky, <a href=\"https:\/\/www.franceinfo.fr\/monde\/europe\/manifestations-en-ukraine\/guerre-en-ukraine-vladimir-poutine-a-propose-de-rencontrer-volodymyr-zelensky-a-moscou_7443625.html\" rel=\"nofollow noopener\" target=\"_blank\">a appris mardi la r\u00e9daction internationale de Radio France<\/a> aupr\u00e8s d&rsquo;une source proche des discussions, et confirmant une information de l&rsquo;AFP. Il refusait jusque-l\u00e0 l&rsquo;id\u00e9e d&rsquo;une rencontre avec son homologue ukrainien.<\/p>\n","protected":false},"excerpt":{"rendered":"L&rsquo;arm\u00e9e russe a revendiqu\u00e9, mercredi 20 ao\u00fbt, la prise de trois nouvelles localit\u00e9s dans l&rsquo;est de l&rsquo;Ukraine. Selon&hellip;\n","protected":false},"author":2,"featured_media":331479,"comment_status":"","ping_status":"","sticky":false,"template":"","format":"standard","meta":{"footnotes":""},"categories":[1591],"tags":[11,1887,12,1885,1886,132],"class_list":{"0":"post-331478","1":"post","2":"type-post","3":"status-publish","4":"format-standard","5":"has-post-thumbnail","7":"category-russie","8":"tag-actualites","9":"tag-federation-de-russie","10":"tag-news","11":"tag-russia","12":"tag-russian-federation","13":"tag-russie"},"share_on_mastodon":{"url":"https:\/\/pubeurope.com\/@fr\/115060908018000088","error":""},"_links":{"self":[{"href":"https:\/\/www.europesays.com\/fr\/wp-json\/wp\/v2\/posts\/331478","targetHints":{"allow":["GET"]}}],"collection":[{"href":"https:\/\/www.europesays.com\/fr\/wp-json\/wp\/v2\/posts"}],"about":[{"href":"https:\/\/www.europesays.com\/fr\/wp-json\/wp\/v2\/types\/post"}],"author":[{"embeddable":true,"href":"https:\/\/www.europesays.com\/fr\/wp-json\/wp\/v2\/users\/2"}],"replies":[{"embeddable":true,"href":"https:\/\/www.europesays.com\/fr\/wp-json\/wp\/v2\/comments?post=331478"}],"version-history":[{"count":0,"href":"https:\/\/www.europesays.com\/fr\/wp-json\/wp\/v2\/posts\/331478\/revisions"}],"wp:featuredmedia":[{"embeddable":true,"href":"https:\/\/www.europesays.com\/fr\/wp-json\/wp\/v2\/media\/331479"}],"wp:attachment":[{"href":"https:\/\/www.europesays.com\/fr\/wp-json\/wp\/v2\/media?parent=331478"}],"wp:term":[{"taxonomy":"category","embeddable":true,"href":"https:\/\/www.europesays.com\/fr\/wp-json\/wp\/v2\/categories?post=331478"},{"taxonomy":"post_tag","embeddable":true,"href":"https:\/\/www.europesays.com\/fr\/wp-json\/wp\/v2\/tags?post=331478"}],"curies":[{"name":"wp","href":"https:\/\/api.w.org\/{rel}","templated":true}]}}