{"id":331480,"date":"2025-08-20T11:41:19","date_gmt":"2025-08-20T11:41:19","guid":{"rendered":"https:\/\/www.europesays.com\/fr\/331480\/"},"modified":"2025-08-20T11:41:19","modified_gmt":"2025-08-20T11:41:19","slug":"en-direct-ukraine-la-diplomatie-russe-epingle-les-tentatives-plutot-maladroites-des-europeens-pour-influencer-trump","status":"publish","type":"post","link":"https:\/\/www.europesays.com\/fr\/331480\/","title":{"rendered":"EN DIRECT &#8211; Ukraine : la diplomatie russe \u00e9pingle les \u00ab\u00a0tentatives plut\u00f4t maladroites\u00a0\u00bb des Europ\u00e9ens pour influencer Trump"},"content":{"rendered":"<ul class=\"jsx-862013697 ArticleChapo__List\">\n<li class=\"jsx-862013697 ArticleChapo__List_Item flex\">Le chef de la diplomatie russe, Sergue\u00ef Lavrov, a estim\u00e9 mercredi que les Europ\u00e9ens faisaient \u00ab\u00a0des tentatives assez maladroites\u00a0\u00bb pour influencer la position du pr\u00e9sident am\u00e9ricain Donald Trump sur le conflit en Ukraine.<\/li>\n<li class=\"jsx-862013697 ArticleChapo__List_Item flex\">Suivez les derni\u00e8res informations.<\/li>\n<\/ul>\n<p><a href=\"https:\/\/www.tf1info.fr\/actualite\/guerre-ukraine-russie-une-rencontre-donald-trump-vladimir-poutine-historique-le-vendredi-15-aout-2025-en-alaska-sans-volodymyr-zelensky-14326\/\" rel=\"noopener\" class=\"jsx-484472199 Link jsx-1428418400 jsx-554215408\" target=\"_blank\"><\/p>\n<p style=\"font-weight:400\" class=\"jsx-1837267516\">Suivez la couverture compl\u00e8te<\/p>\n<p style=\"font-weight:800\" class=\"jsx-1837267516\">Zelensky et les Europ\u00e9ens aux \u00c9tats-Unis : journ\u00e9e cruciale pour l&rsquo;Ukraine<\/p>\n<p><\/a>Minute par minuteLA MISE EN GARDE DE LAVROV13:21<\/p>\n<p>Le chef de la diplomatie russe, Sergue\u00ef Lavrov, a pr\u00e9venu ce mercredi que toute discussion sur les garanties de s\u00e9curit\u00e9 occidentales \u00e0 offrir \u00e0 l&rsquo;Ukraine qui ne prendrait pas en compte la position de Moscou ne m\u00e8nera \u00ab\u00a0nulle part\u00a0\u00bb. \u00ab\u00a0L&rsquo;Occident comprend parfaitement que discuter s\u00e9rieusement de garanties de s\u00e9curit\u00e9 sans la Russie est utopique, c&rsquo;est une voie qui ne m\u00e8ne nulle part\u00a0\u00bb, a-t-il d\u00e9clar\u00e9. \u00ab\u00a0Nous ne pouvons accepter que les questions de s\u00e9curit\u00e9 collective soient d\u00e9sormais abord\u00e9es sans la Russie.\u00a0\u00bb<\/p>\n<p>Le chef de la diplomatie a \u00e9galement estim\u00e9 que les Europ\u00e9ens faisaient \u00ab\u00a0des tentatives assez maladroites\u00a0\u00bb pour influencer la position du pr\u00e9sident am\u00e9ricain Donald Trump. \u00ab\u00a0Pour l&rsquo;instant, nous ne voyons qu&rsquo;une escalade agressive de la situation et des tentatives plut\u00f4t maladroites de changer la position du pr\u00e9sident des \u00c9tats-Unis\u00a0\u00bb, a-t-il lanc\u00e9.<\/p>\n<p>PERC\u00c9E RUSSE11:40<\/p>\n<p>L&rsquo;arm\u00e9e russe revendique la prise de trois nouvelles localit\u00e9s dans l&rsquo;est de l&rsquo;Ukraine, poursuivant ses avanc\u00e9es sur le front. Selon le bilan quotidien du minist\u00e8re russe de la D\u00e9fense, ses troupes ont pris le contr\u00f4le des villages de Soukhetsk\u00e9 et de Pankivka dans la r\u00e9gion de Donetsk, ainsi que du village de Novogueorgi\u00efvka dans la r\u00e9gion de Dnipropetrovsk.<\/p>\n<p>R\u00c9UNION DES CHEFS D&rsquo;\u00c9TAT-MAJOR DE L&rsquo;OTAN10:59<\/p>\n<p>Les chefs d&rsquo;\u00e9tat-major des arm\u00e9es de l&rsquo;Otan se r\u00e9unissent ce mercredi en visioconf\u00e9rence pour \u00e9voquer le conflit en Ukraine, dans le cadre des discussions entre les alli\u00e9s de Kiev sur les garanties de s\u00e9curit\u00e9 \u00e0 offrir en cas d&rsquo;accord de paix avec Moscou. Cette conf\u00e9rence doit d\u00e9buter \u00e0 14h30, selon un responsable de l&rsquo;Alliance.<\/p>\n<p>FRAPPE DE DRONE RUSSE10:21<\/p>\n<p>\u00ab\u00a0Une frappe de drone sur Okhtyrka, dans la r\u00e9gion de Soumy, a bless\u00e9 14 personnes\u00a0\u00bb, indique le pr\u00e9sident ukrainien Volodymyr Zelensky sur X. \u00ab\u00a0Toutes ces frappes sont d\u00e9monstratives et ne font que confirmer la n\u00e9cessit\u00e9 de faire pression sur Moscou, d&rsquo;imposer de nouvelles sanctions et de nouveaux droits de douane jusqu&rsquo;\u00e0 ce que la diplomatie soit pleinement efficace.\u00a0\u00bb<\/p>\n<blockquote data-testid=\"EmbedTwitter\" id=\"tweet-1958080483100700983-:R3j49lkmcmj9n79m:\" class=\"jsx-aeff1a1c40f54d7a twitter-tweet flex justify-center items-center\"><p>Last night, a drone strike on Okhtyrka in the Sumy region injured 14 people. A family with wounded children \u2013 5 months, 4 years, and 6 years old \u2013 sought assistance after the attack. In Kostiantynivka, Donetsk region, a glide bomb strike damaged five apartment buildings, and at\u2026  pic.twitter.com\/TWRPo4Po6F \u2014 Volodymyr Zelenskyy \/ \u0412\u043e\u043b\u043e\u0434\u0438\u043c\u0438\u0440 \u0417\u0435\u043b\u0435\u043d\u0441\u044c\u043a\u0438\u0439 (@ZelenskyyUa)  August 20, 2025<\/p><\/blockquote>\n<p>TRUMP, LA PAIX EN UKRAINE POUR \u00ab\u00a0LE PARADIS\u00a0\u00bb ?07:39<\/p>\n<p>Le pr\u00e9sident am\u00e9ricain a confi\u00e9 mardi qu&rsquo;il souhaitait un accord de paix en Ukraine&#8230; notamment pour \u00ab\u00a0aller au Paradis\u00a0\u00bb. \u00ab\u00a0J&rsquo;entends dire que je ne suis pas bien plac\u00e9, (&#8230;) mais si j&rsquo;arrive \u00e0 aller au Paradis, ce sera l&rsquo;une des raisons\u00a0\u00bb, a affirm\u00e9 Donald Trump.<\/p>\n<p>International<img decoding=\"async\" src=\"https:\/\/www.europesays.com\/fr\/wp-content\/uploads\/2025\/08\/donald-trump-aout-2025-c3d9cb-0@1x.jpeg\" alt=\"&quot;Je veux aller au Paradis&quot; : l'autre raison qui pousse Donald Trump \u00e0 trouver un accord de paix en Ukraine\" loading=\"lazy\" importance=\"low\" fetchpriority=\"low\" class=\"\" aria-hidden=\"true\"\/>Publi\u00e9 aujourd&rsquo;hui \u00e0 7h33PAS DE SOLDATS AM\u00c9RICAINS EN UKRAINE07:20<\/p>\n<p>Donald Trump a affirm\u00e9 mardi qu&rsquo;il n&rsquo;enverrait aucun soldat am\u00e9ricain au sol pour garantir la paix en Ukraine&#8230; sans exclure un soutien a\u00e9rien. Les explications depuis Washington.<\/p>\n<p>Donald Trump : pas de soldats am\u00e9ricains sur le sol ukrainien Source : TF1 Info<\/p>\n<p><img decoding=\"async\" src=\"https:\/\/www.europesays.com\/fr\/wp-content\/uploads\/2025\/08\/donald-trump-pas-de-soldats-americains-sur-le-sol-ukrainien-d60f39-0@1x.jpg\" alt=\"Donald Trump : pas de soldats am\u00e9ricains sur le sol ukrainien \" loading=\"lazy\" class=\"jsx-d0de44c05fe3042c PlayerLazyload__Image\"\/><img decoding=\"async\" src=\"https:\/\/www.tf1info.fr\/images\/icons\/player-logo-play.svg\" alt=\"Logo lecture\" class=\"jsx-d0de44c05fe3042c PlayerLazyload__Play\"\/>DISCUSSIONS EUROPE-\u00c9TATS-UNIS07:14<\/p>\n<p>Le chef d&rsquo;\u00e9tat-major am\u00e9ricain des arm\u00e9es, le g\u00e9n\u00e9ral Dan Caine, s&rsquo;est entretenu mardi soir \u00e0 Washington avec des chefs militaires europ\u00e9ens au sujet de l&rsquo;Ukraine, a fait savoir un responsable du Pentagone \u00e0 l&rsquo;AFP. Les participants \u00e0 la r\u00e9union ont discut\u00e9 des \u00ab\u00a0meilleures options pour un \u00e9ventuel accord de paix en Ukraine\u00a0\u00bb, a pr\u00e9cis\u00e9 ce responsable sous couvert d&rsquo;anonymat.<\/p>\n<p>LES V\u00c9RIFICATEURS07:07<\/p>\n<p>Attention \u00e0 cette publication virale qui pr\u00e9tend montrer les leaders europ\u00e9ens, l&rsquo;air abattu, en train d&rsquo;attendre Donald Trump devant son bureau \u00e0 la Maison Blanche. Il s&rsquo;agit en r\u00e9alit\u00e9 d&rsquo;une image g\u00e9n\u00e9r\u00e9e par IA.<\/p>\n<p>International<\/p>\n<p>V\u00c9RIF<\/p>\n<p><img decoding=\"async\" src=\"https:\/\/www.europesays.com\/fr\/wp-content\/uploads\/2025\/08\/couv-maison-blanche-attente-085d33-1@1x.jpeg\" alt=\"V\u00c9RIF' - Cette image virale des leaders europ\u00e9ens \u00e0 la Maison Blanche est-elle r\u00e9elle ? \" loading=\"lazy\" importance=\"low\" fetchpriority=\"low\" class=\"\" aria-hidden=\"true\"\/>S\u00c9CURIT\u00c9 DE L&rsquo;UKRAINE06:25<\/p>\n<p>Le pr\u00e9sident am\u00e9ricain a exclu la possibilit\u00e9 d&rsquo;envoyer des soldats en Ukraine pour garantir sa s\u00e9curit\u00e9 une fois la paix sign\u00e9e. Selon Donald Trump, la France, le Royaume-Uni et l&rsquo;Allemagne n&rsquo;ont pas \u00e9cart\u00e9 l&rsquo;id\u00e9e.<\/p>\n<p>International<img decoding=\"async\" src=\"https:\/\/www.europesays.com\/fr\/wp-content\/uploads\/2025\/08\/donald-trump-washington-2026-7f1fdf-0@1x.jpeg\" alt=\"Donald Trump \u00e0 Washington\" loading=\"lazy\" importance=\"low\" fetchpriority=\"low\" class=\"\" aria-hidden=\"true\"\/>TRUMP PR\u00caT \u00c0 UN SOUTIEN A\u00c9RIEN06:24<\/p>\n<p>Donald Trump s&rsquo;est dit pr\u00eat mardi \u00e0 ce que les \u00c9tats-Unis apportent un soutien militaire a\u00e9rien en guise de garanties de s\u00e9curit\u00e9 \u00e0 l&rsquo;Ukraine en cas d&rsquo;accord de paix avec la Russie, tout en excluant des soldats au sol, une mission d\u00e9volue aux alli\u00e9s europ\u00e9ens.<\/p>\n<p>Pour sa part, la Russie a pr\u00e9venu par la voix de son ministre des Affaires \u00e9trang\u00e8res Sergue\u00ef Lavrov que tout r\u00e8glement de paix devrait garantir sa \u00ab\u00a0s\u00e9curit\u00e9\u00a0\u00bb et celles des russophones en Ukraine, pr\u00e9texte d\u00e9j\u00e0 brandi pour lancer son invasion en f\u00e9vrier 2022.<\/p>\n<p>\u00ab\u00a0Ils sont pr\u00eats \u00e0 envoyer des troupes sur le terrain\u00a0\u00bb, a d\u00e9clar\u00e9 le pr\u00e9sident am\u00e9ricain sur la cha\u00eene Fox News, en r\u00e9f\u00e9rence aux dirigeants fran\u00e7ais, allemand et britannique qu&rsquo;il avait re\u00e7us la veille dans le Bureau ovale.\u00a0<\/p>\n<p>Le milliardaire r\u00e9publicain, qui cherche une issue rapide \u00e0 la guerre, a r\u00e9affirm\u00e9 qu&rsquo;il \u00e9tait \u00ab\u00a0pr\u00eat \u00e0 aider\u00a0\u00bb, mais uniquement par un soutien dans les airs et sans aucun soldat am\u00e9ricain sur le territoire ukrainien.<\/p>\n<p>Donald Trump \u00ab\u00a0a assur\u00e9 qu&rsquo;il n&rsquo;y aurait pas de troupes am\u00e9ricaines au sol en Ukraine\u00a0\u00bb, a martel\u00e9 la porte-parole de la Maison Blanche Karoline Leavitt, confirmant que l&rsquo;assistance de l&rsquo;arm\u00e9e de l&rsquo;air \u00e9tait bien \u00ab\u00a0une possibilit\u00e9\u00a0\u00bb.\u00a0<\/p>\n<p>GUERRE EN UKRAINE06:22<\/p>\n<p>Bienvenue dans notre direct consacr\u00e9 au conflit en Ukraine ce mercredi 20 ao\u00fbt 2025.<\/p>\n<p data-module=\"article-paragraph\" class=\"jsx-3046738180 Paragraph\">Le calendrier diplomatique s&rsquo;acc\u00e9l\u00e8re concernant la guerre en Ukraine. Donald Trump s&rsquo;est dit pr\u00eat mardi \u00e0 ce que les \u00c9tats-Unis apportent un soutien militaire a\u00e9rien en guise de garanties de s\u00e9curit\u00e9 \u00e0 Kiev en cas d&rsquo;accord de paix avec la Russie, mais a exclu des soldats au sol. Une mission qui reviendrait aux alli\u00e9s europ\u00e9ens.<\/p>\n<p data-module=\"article-paragraph\" class=\"jsx-3046738180 Paragraph Paragraph__End\">\u00ab\u00a0Ils sont pr\u00eats \u00e0 envoyer des troupes sur le terrain\u00a0\u00bb, a d\u00e9clar\u00e9 le pr\u00e9sident am\u00e9ricain sur Fox News, en faisant r\u00e9f\u00e9rence aux dirigeants fran\u00e7ais, allemand et britannique <a href=\"https:\/\/www.tf1info.fr\/actualite\/guerre-ukraine-russie-une-rencontre-donald-trump-vladimir-poutine-historique-le-vendredi-15-aout-2025-en-alaska-sans-volodymyr-zelensky-14326\/\" target=\"_blank\" rel=\"noopener\">qu&rsquo;il avait re\u00e7us la veille dans le Bureau ovale<\/a>. Pour sa part, la Russie a pr\u00e9venu par la voix de son ministre des Affaires \u00e9trang\u00e8res, Sergue\u00ef Lavrov, que tout r\u00e8glement de paix devrait garantir sa \u00ab\u00a0s\u00e9curit\u00e9\u00a0\u00bb et celles des russophones en Ukraine, pr\u00e9texte d\u00e9j\u00e0 brandi pour lancer son invasion en f\u00e9vrier 2022.<\/p>\n<p data-module=\"article-paragraph\" class=\"jsx-3046738180 Paragraph\">Le pr\u00e9sident am\u00e9ricain a re\u00e7u lundi \u00e0 la Maison Blanche son homologue ukrainien, Volodymyr Zelensky, \u00e9paul\u00e9 par les principaux dirigeants du Vieux continent, apr\u00e8s son sommet en grande pompe vendredi en Alaska avec le chef du Kremlin, Vladimir Poutine. Ce dernier a propos\u00e9, lors d&rsquo;un appel t\u00e9l\u00e9phonique avec Donald Trump, de voir Volodymyr Zelensky \u00e0 Moscou, ont dit \u00e0 l&rsquo;AFP trois sources proches du dossier. Mais le chef d&rsquo;Etat ukrainien a refus\u00e9, selon l&rsquo;une de ces sources.<\/p>\n<p data-module=\"article-paragraph\" class=\"jsx-3046738180 Paragraph Paragraph__End\">Le pr\u00e9sident fran\u00e7ais, Emmanuel Macron, a propos\u00e9 Gen\u00e8ve en Suisse, pays neutre, qui s&rsquo;est dit dispos\u00e9 \u00e0 offrir \u00ab\u00a0l&rsquo;immunit\u00e9\u00a0\u00bb au pr\u00e9sident russe, malgr\u00e9 son inculpation devant la Cour p\u00e9nale internationale, \u00e0 condition qu&rsquo;il vienne \u00ab\u00a0pour une conf\u00e9rence de paix\u00a0\u00bb.<\/p>\n<p>La r\u00e9daction de TF1info<\/p>\n<p><script async src=\"https:\/\/platform.twitter.com\/widgets.js\" charset=\"utf-8\"><\/script><\/p>\n","protected":false},"excerpt":{"rendered":"Le chef de la diplomatie russe, Sergue\u00ef Lavrov, a estim\u00e9 mercredi que les Europ\u00e9ens faisaient \u00ab\u00a0des tentatives assez&hellip;\n","protected":false},"author":2,"featured_media":331481,"comment_status":"","ping_status":"","sticky":false,"template":"","format":"standard","meta":{"footnotes":""},"categories":[1590],"tags":[1111,11,1921,75,1777,674,28083,1922,12,220,1917,133,1920,134,46474],"class_list":{"0":"post-331480","1":"post","2":"type-post","3":"status-publish","4":"format-standard","5":"has-post-thumbnail","7":"category-ukraine","8":"tag-actu","9":"tag-actualites","10":"tag-article-video","11":"tag-donald-trump","12":"tag-eu","13":"tag-europe","14":"tag-guerre-en-ukraine-une-treve-sera-t-elle-possible","15":"tag-info","16":"tag-news","17":"tag-ukraine","18":"tag-ukraine-4-annee-de-guerre","19":"tag-video","20":"tag-video-international","21":"tag-volodymyr-zelensky","22":"tag-zelensky-et-les-europeens-aux-etats-unis-journee-cruciale-pour-lukraine"},"share_on_mastodon":{"url":"https:\/\/pubeurope.com\/@fr\/115060912411762347","error":""},"_links":{"self":[{"href":"https:\/\/www.europesays.com\/fr\/wp-json\/wp\/v2\/posts\/331480","targetHints":{"allow":["GET"]}}],"collection":[{"href":"https:\/\/www.europesays.com\/fr\/wp-json\/wp\/v2\/posts"}],"about":[{"href":"https:\/\/www.europesays.com\/fr\/wp-json\/wp\/v2\/types\/post"}],"author":[{"embeddable":true,"href":"https:\/\/www.europesays.com\/fr\/wp-json\/wp\/v2\/users\/2"}],"replies":[{"embeddable":true,"href":"https:\/\/www.europesays.com\/fr\/wp-json\/wp\/v2\/comments?post=331480"}],"version-history":[{"count":0,"href":"https:\/\/www.europesays.com\/fr\/wp-json\/wp\/v2\/posts\/331480\/revisions"}],"wp:featuredmedia":[{"embeddable":true,"href":"https:\/\/www.europesays.com\/fr\/wp-json\/wp\/v2\/media\/331481"}],"wp:attachment":[{"href":"https:\/\/www.europesays.com\/fr\/wp-json\/wp\/v2\/media?parent=331480"}],"wp:term":[{"taxonomy":"category","embeddable":true,"href":"https:\/\/www.europesays.com\/fr\/wp-json\/wp\/v2\/categories?post=331480"},{"taxonomy":"post_tag","embeddable":true,"href":"https:\/\/www.europesays.com\/fr\/wp-json\/wp\/v2\/tags?post=331480"}],"curies":[{"name":"wp","href":"https:\/\/api.w.org\/{rel}","templated":true}]}}