{"id":331482,"date":"2025-08-20T11:42:09","date_gmt":"2025-08-20T11:42:09","guid":{"rendered":"https:\/\/www.europesays.com\/fr\/331482\/"},"modified":"2025-08-20T11:42:09","modified_gmt":"2025-08-20T11:42:09","slug":"jo-2026-patrick-kane-et-43-joueurs-pre-convoques-avec-team-usa","status":"publish","type":"post","link":"https:\/\/www.europesays.com\/fr\/331482\/","title":{"rendered":"JO 2026 : Patrick Kane et 43 joueurs pr\u00e9-convoqu\u00e9s avec Team USA"},"content":{"rendered":"<p>                    <img width=\"1920\" height=\"1280\" class=\"attachment-post-thumbnail size-post-thumbnail wp-post-image ewww_webp\" alt=\"team USA liste JO 2026\" decoding=\"async\"   src-img=\"https:\/\/theplayoffs.news\/fr\/wp-content\/uploads\/2025\/08\/Imagn-25467957.jpg\" src-webp=\"https:\/\/theplayoffs.news\/fr\/wp-content\/uploads\/2025\/08\/Imagn-25467957.jpg.webp\" srcset-webp=\"https:\/\/theplayoffs.news\/fr\/wp-content\/uploads\/2025\/08\/Imagn-25467957.jpg.webp 1920w, https:\/\/theplayoffs.news\/fr\/wp-content\/uploads\/2025\/08\/Imagn-25467957-600x400.jpg.webp 600w, https:\/\/theplayoffs.news\/fr\/wp-content\/uploads\/2025\/08\/Imagn-25467957-1200x800.jpg.webp 1200w, https:\/\/theplayoffs.news\/fr\/wp-content\/uploads\/2025\/08\/Imagn-25467957-768x512.jpg.webp 768w, https:\/\/theplayoffs.news\/fr\/wp-content\/uploads\/2025\/08\/Imagn-25467957-1536x1024.jpg.webp 1536w, https:\/\/theplayoffs.news\/fr\/wp-content\/uploads\/2025\/08\/Imagn-25467957-1320x880.jpg.webp 1320w\" srcset-img=\"https:\/\/theplayoffs.news\/fr\/wp-content\/uploads\/2025\/08\/Imagn-25467957.jpg 1920w, https:\/\/theplayoffs.news\/fr\/wp-content\/uploads\/2025\/08\/Imagn-25467957-600x400.jpg 600w, https:\/\/theplayoffs.news\/fr\/wp-content\/uploads\/2025\/08\/Imagn-25467957-1200x800.jpg 1200w, https:\/\/theplayoffs.news\/fr\/wp-content\/uploads\/2025\/08\/Imagn-25467957-768x512.jpg 768w, https:\/\/theplayoffs.news\/fr\/wp-content\/uploads\/2025\/08\/Imagn-25467957-1536x1024.jpg 1536w, https:\/\/theplayoffs.news\/fr\/wp-content\/uploads\/2025\/08\/Imagn-25467957-1320x880.jpg 1320w\" data-eio=\"j\"\/>                                            <\/p>\n<p>\n                            Feb 20, 2025; Boston, MA, USA; [Imagn Images direct customers only]  Team USA forward Brady Tkachuk (7) and forward Auston Matthews (34) celebrate defenseman Jake Sanderson (85) goal against Team Canada during the second period during the 4 Nations Face-Off ice hockey championship game at TD Garden. Mandatory Credit: Winslow Townson-Imagn Images                        <\/p>\n<p>USA Hockey a publi\u00e9, ce mardi 19 ao\u00fbt, une liste de 44 joueurs pr\u00e9-convoqu\u00e9s pour l\u2019\u00e9quipe des \u00c9tats-Unis qui disputera les Jeux Olympiques d\u2019hiver 2026. Parmi les principaux noms figure Patrick Kane, attaquant v\u00e9t\u00e9ran des Detroit Red Wings. L\u2019\u00e9quipe tiendra un camp d\u2019entra\u00eenement dans le Michigan, les 26 et 27 ao\u00fbt.<\/p>\n<p>Il s\u2019agit de la deuxi\u00e8me liste d\u00e9voil\u00e9e par la f\u00e9d\u00e9ration am\u00e9ricaine. La premi\u00e8re, le 16 juin, comprenait six noms : Auston Matthews, Jack Eichel, Brady Tkachuk, Matthew Tkachuk, Quinn Hughes et Charlie McAvoy.<\/p>\n<p>Avec deux Jeux Olympiques \u00e0 son actif, Kane est le seul m\u00e9daill\u00e9 parmi les pr\u00e9-convoqu\u00e9s. Il a remport\u00e9 l\u2019argent \u00e0 Vancouver en 2010, terminant le tournoi avec trois buts et deux passes d\u00e9cisives en six matchs. Les \u00c9tats-Unis s\u2019\u00e9taient inclin\u00e9s en finale face au Canada.<\/p>\n<p>Kane a \u00e9galement particip\u00e9 aux JO 2014. Les Am\u00e9ricains avaient termin\u00e9 quatri\u00e8mes, et l\u2019attaquant avait d\u00e9livr\u00e9 quatre passes d\u00e9cisives. Outre les Jeux Olympiques, il a d\u00e9fendu les couleurs des \u00c9tats-Unis \u00e0 trois Championnats du monde et lors de la Coupe du monde 2016.<\/p>\n<p>Le v\u00e9t\u00e9ran n\u2019est toutefois pas le seul joueur exp\u00e9riment\u00e9 du groupe. Ryan McDonagh \u00e9tait lui aussi pr\u00e9sent en 2014. Matthew Knies, Brock Faber et Jake Sanderson, quant \u00e0 eux, ont particip\u00e9 aux JO de P\u00e9kin 2022, mais \u00e0 l\u2019\u00e9poque ils \u00e9voluaient encore dans les rangs universitaires. Les \u00e9ditions 2018 et 2022 des Jeux Olympiques d\u2019hiver ne comptaient pas de joueurs <a href=\"https:\/\/theplayoffs.news\/fr\/category\/sports\/hockey-sur-glace\/nhl\/\" target=\"_blank\" rel=\"noreferrer noopener nofollow\" class=\"trk-cta-link\" data-cta-trk=\"{&quot;ctaType&quot;:&quot;Link&quot;,&quot;ctaSubType&quot;:&quot;main&quot;}\">NHL<\/a>, et les \u00c9tats-Unis avaient \u00e9t\u00e9 \u00e9limin\u00e9s en quarts de finale \u00e0 chaque fois.<\/p>\n<p>Le palmar\u00e8s olympique de la s\u00e9lection am\u00e9ricaine est de deux m\u00e9dailles d\u2019or (1960 et 1980) et deux d\u2019argent (2002 et 2010). Fait int\u00e9ressant : toutes ont \u00e9t\u00e9 remport\u00e9es en Am\u00e9rique du Nord (1960, 1980 et 2002 aux \u00c9tats-Unis, et 2010 au Canada).<\/p>\n<p>Les Jeux Olympiques d\u2019hiver 2026 se d\u00e9rouleront en f\u00e9vrier prochain \u00e0 Milan et Cortina, en Italie. D\u2019ici l\u00e0, l\u2019\u00e9quipe am\u00e9ricaine devra r\u00e9duire son effectif \u00e0 25 joueurs, dont trois gardiens.<\/p>\n<p>TEAM USA : Liste des pr\u00e9-convoqu\u00e9s pour les JO 2026<\/p>\n<p><strong>Attaquants<\/strong><\/p>\n<ul class=\"wp-block-list\">\n<li>Matt Boldy (Minnesota Wild), <\/li>\n<li>Cole Caufield (Montr\u00e9al Canadiens), <\/li>\n<li>Logan Cooley (Utah Mammoth), <\/li>\n<li>Kyle Connor (Winnipeg Jets), <\/li>\n<li>Jack Eichel (Vegas Golden Knights), <\/li>\n<li>Conor Garland (Vancouver Canucks), <\/li>\n<li>Jake Guentzel (Tampa Bay Lightning), <\/li>\n<li>Jack Hughes (New Jersey Devils), <\/li>\n<li>Patrick Kane (Detroit Red Wings), <\/li>\n<li>Clayton Keller (Utah Mammoth), <\/li>\n<li>Matthew Knies (Toronto Maple Leafs), <\/li>\n<li>Chris Kreider (Anaheim Ducks), <\/li>\n<li>Dylan Larkin (Detroit Red Wings), <\/li>\n<li>Auston Matthews (Toronto Maple Leafs), <\/li>\n<li>J.T. Miller (New York Rangers), <\/li>\n<li>Frank Nazar (Chicago Blackhawks), <\/li>\n<li>Brock Nelson (Colorado Avalanche), <\/li>\n<li>Shane Pinto (Ottawa Senators), <\/li>\n<li>Jason Robertson (Dallas Stars), <\/li>\n<li>Bryan Rust (Pittsburgh Penguins), <\/li>\n<li>Tage Thompson (Buffalo Sabres), <\/li>\n<li>Brady Tkachuk (Ottawa Senators), <\/li>\n<li>Matthew Tkachuk (Florida Panthers), <\/li>\n<li>Vincent Trocheck (New York Rangers), <\/li>\n<li>Alex Tuch (Buffalo Sabres).<\/li>\n<\/ul>\n<p><strong>D\u00e9fenseurs<\/strong><\/p>\n<ul class=\"wp-block-list\">\n<li>Brock Faber (Minnesota Wild), <\/li>\n<li>Adam Fox (New York Rangers), <\/li>\n<li>Luke Hughes (New Jersey Devils), <\/li>\n<li>Quinn Hughes (Vancouver Canucks), <\/li>\n<li>Noah Hanifin (Vegas Golden Knights), <\/li>\n<li>Seth Jones (Florida Panthers), <\/li>\n<li>Jackson LaCombe (Anaheim Ducks), <\/li>\n<li>Charlie McAvoy (Boston Bruins), <\/li>\n<li>Ryan McDonagh (Tampa Bay Lightning), <\/li>\n<li>Brett Pesce (New Jersey Devils), <\/li>\n<li>Neal Pionk (Winnipeg Jets), <\/li>\n<li>Jake Sanderson (Ottawa Senators), <\/li>\n<li>Brady Skjei (Nashville Predators), <\/li>\n<li>Jaccob Slavin (Carolina Hurricanes), <\/li>\n<li>Alex Vlasic (Chicago Blackhawks), <\/li>\n<li>Zach Werenski (Columbus Blue Jackets).<\/li>\n<\/ul>\n<p><strong>Gardiens<\/strong><\/p>\n<ul class=\"wp-block-list\">\n<li>Joey Daccord (Seattle Kraken), <\/li>\n<li>Connor Hellebuyck (Winnipeg Jets), <\/li>\n<li>Jake Oettinger (Dallas Stars), <\/li>\n<li>Jeremy Swayman (Boston Bruins).<\/li>\n<\/ul>\n<p>Credit Photo: Winslow Townson-Imagn Images<\/p>\n","protected":false},"excerpt":{"rendered":"Feb 20, 2025; Boston, MA, USA; [Imagn Images direct customers only] Team USA forward Brady Tkachuk (7) and&hellip;\n","protected":false},"author":2,"featured_media":331483,"comment_status":"","ping_status":"","sticky":false,"template":"","format":"standard","meta":{"footnotes":""},"categories":[1589],"tags":[11,73,1866,12,1864,1865,1863,308],"class_list":{"0":"post-331482","1":"post","2":"type-post","3":"status-publish","4":"format-standard","5":"has-post-thumbnail","7":"category-etats-unis","8":"tag-actualites","9":"tag-etats-unis","10":"tag-etats-unis-damerique","11":"tag-news","12":"tag-united-states","13":"tag-united-states-of-america","14":"tag-us","15":"tag-usa"},"share_on_mastodon":{"url":"https:\/\/pubeurope.com\/@fr\/115060915820310959","error":""},"_links":{"self":[{"href":"https:\/\/www.europesays.com\/fr\/wp-json\/wp\/v2\/posts\/331482","targetHints":{"allow":["GET"]}}],"collection":[{"href":"https:\/\/www.europesays.com\/fr\/wp-json\/wp\/v2\/posts"}],"about":[{"href":"https:\/\/www.europesays.com\/fr\/wp-json\/wp\/v2\/types\/post"}],"author":[{"embeddable":true,"href":"https:\/\/www.europesays.com\/fr\/wp-json\/wp\/v2\/users\/2"}],"replies":[{"embeddable":true,"href":"https:\/\/www.europesays.com\/fr\/wp-json\/wp\/v2\/comments?post=331482"}],"version-history":[{"count":0,"href":"https:\/\/www.europesays.com\/fr\/wp-json\/wp\/v2\/posts\/331482\/revisions"}],"wp:featuredmedia":[{"embeddable":true,"href":"https:\/\/www.europesays.com\/fr\/wp-json\/wp\/v2\/media\/331483"}],"wp:attachment":[{"href":"https:\/\/www.europesays.com\/fr\/wp-json\/wp\/v2\/media?parent=331482"}],"wp:term":[{"taxonomy":"category","embeddable":true,"href":"https:\/\/www.europesays.com\/fr\/wp-json\/wp\/v2\/categories?post=331482"},{"taxonomy":"post_tag","embeddable":true,"href":"https:\/\/www.europesays.com\/fr\/wp-json\/wp\/v2\/tags?post=331482"}],"curies":[{"name":"wp","href":"https:\/\/api.w.org\/{rel}","templated":true}]}}