{"id":331490,"date":"2025-08-20T11:46:16","date_gmt":"2025-08-20T11:46:16","guid":{"rendered":"https:\/\/www.europesays.com\/fr\/331490\/"},"modified":"2025-08-20T11:46:16","modified_gmt":"2025-08-20T11:46:16","slug":"a-85-ans-les-caisses-de-massimo-gargia-sont-presque-vides-jai-eu-jusqua-sept-appartements-je-nen-ai-plus-que-deux","status":"publish","type":"post","link":"https:\/\/www.europesays.com\/fr\/331490\/","title":{"rendered":"A 85 ans, les caisses de Massimo Gargia sont presque vides : \u00ab\u00a0J\u2019ai eu jusqu\u2019\u00e0 sept appartements, je n\u2019en ai plus que deux\u00a0\u00bb"},"content":{"rendered":"<p>            <img loading=\"lazy\" decoding=\"async\" src=\"https:\/\/www.europesays.com\/fr\/wp-content\/uploads\/2025\/04\/145-6602e1ce8ddc4-35x35-1.jpg\" class=\"author-article-picture\" width=\"35\" height=\"35\"\/><\/p>\n<p>                Par<br \/>\n                                    <a class=\"author-article-bio-link\" href=\"https:\/\/www.purepeople.com\/auteur\/lucie-gosselin_a145\" rel=\"nofollow noopener\" target=\"_blank\">Lucie Gosselin<\/a><br \/>\n                                                    | R\u00e9dactrice<\/p>\n<p>\n                Journaliste passionn\u00e9e, depuis plus de 10 ans, je r\u00e9alise des enqu\u00eates, des portraits, des reportages ou des interviews.\n            <\/p>\n<p>\n    Ce mercredi 20 ao\u00fbt 2025, Massimo Gargia organisera sa c\u00e9l\u00e8bre f\u00eate d\u2019anniversaire \u00e0 Saint-Tropez. 85 bougies qu\u2019il soufflera entour\u00e9 de ses amis riches et c\u00e9l\u00e8bres. C\u00e9l\u00e8bre, le jet-setter l\u2019est toujours aupr\u00e8s d\u2019une certaine g\u00e9n\u00e9ration. Riche, c\u2019est une autre chose, qu\u2019il \u00e9voquait am\u00e8rement il y a peu.\n<\/p>\n<p>                                                        <img decoding=\"async\" class=\"player-thumbnail\" src=\"https:\/\/www.europesays.com\/fr\/wp-content\/uploads\/2025\/08\/a497f7d65d6ac521-580x326-3.jpg\" width=\"580\" height=\"326\" loading=\"lazy\"\/><\/p>\n<p>                    A 85 ans, les caisses de Massimo Gargia sont presque vides : \u00ab\u00a0J\u2019ai eu jusqu\u2019\u00e0 sept appartements, je n\u2019en ai plus que deux\u00a0\u00bb<\/p>\n<p>La suite apr\u00e8s la publicit\u00e9<\/p>\n<p>Vieillir\u2026 Voil\u00e0 un mot qui fait frissonner <a href=\"https:\/\/www.purepeople.com\/people\/massimo-gargia_p1486\" rel=\"nofollow noopener\" target=\"_blank\">Massimo Gargia<\/a>. Les sourires de fa\u00e7ade que le jet-setter offre aux photographes, chaque \u00e9t\u00e9 \u00e0 Saint-Tropez, \u00e0 l\u2019occasion de <a href=\"https:\/\/www.purepeople.com\/article\/-c-est-triste-massimo-gargia-petrifie-a-l-idee-de-vieillir-et-de-mourir-confidences-desarmantes_a507496\/1\" rel=\"nofollow noopener\" target=\"_blank\">sa c\u00e9l\u00e8bre f\u00eate d\u2019anniversaire<\/a>, cachent tout autre chose. Invit\u00e9 \u00e0 parler du temps qui passe par Jordan de Luxe en avril 2023 sur C8, l\u2019ex-trublion de la Ferme c\u00e9l\u00e9brit\u00e9s avouait \u00ab\u00a0d\u00e9tester la vieillesse\u00a0\u00bb. \u00ab\u00a0<strong>Je dois prendre des tranquillisants<\/strong>, parce que vous \u00eates habitu\u00e9 \u00e0 \u00eatre tr\u00e8s beau, tr\u00e8s jeune et apr\u00e8s le matin, vous vous r\u00e9veillez et vous vous regardez dans la glace, c\u2019est triste, s\u2019\u00e9nervait-il avant d\u2019avouer comment il palliait \u00e0 ses angoisses. Je prends aussi des m\u00e9dicaments pour dormir parce que je d\u00e9teste aussi l\u2019id\u00e9e de la mort.\u00a0\u00bb<\/p>\n<p>Nostalgique de ses ann\u00e9es o\u00f9 il jouait le Dom Juan de la jet-set mondiale, Massimo Gargia analysait ce qui clochait dans sa vie physique actuelle, \u00e0 commencer par son \u00ab\u00a0manque d\u2019\u00e9nergie\u00a0\u00bb. \u00ab\u00a0Quand j\u2019\u00e9tais jeune, jusqu\u2019\u00e0 40 ans,<strong> <\/strong>les week-ends \u00e0 New York, les week-ends \u00e0 Paris, racontait <a href=\"https:\/\/www.purepeople.com\/article\/massimo-gargia-a-78-ans-un-anniversaire-de-star-chouchoute-par-ivana-trump_a300773\/1\" rel=\"nofollow noopener\" target=\"_blank\">le grand ami d\u2019Ivana Trump<\/a> \u00e0 Jordan De Luxe. Maintenant je ne peux plus le faire. <a href=\"https:\/\/www.purepeople.com\/article\/massimo-gargia-mal-dans-sa-peau-je-me-trouve-horrible_a153760\/1\" rel=\"nofollow noopener\" target=\"_blank\"><strong>Je suis horrible<\/strong><\/a>.\u00a0\u00bb\u00a0<\/p>\n<p>Des mots tr\u00e8s durs que l\u2019animateur de C8 tentait d\u2019adoucir avant que Massimo Gargia ne le reprenne et enfonce le clou en d\u00e9clarant : \u00ab\u00a0Je sais comment j\u2019\u00e9tais avant !\u00a0\u00bb. La chirurgie esth\u00e9tique, Massimo Gargia s\u2019y interdisait. \u00ab\u00a0<strong>J\u2019ai peur de l\u2019anesth\u00e9sie g\u00e9n\u00e9rale,<\/strong> confiait le gourou des <a href=\"https:\/\/www.purepeople.com\/article\/best-awards_a533877\/1\" rel=\"nofollow noopener\" target=\"_blank\">troph\u00e9es The Best<\/a>. Mais les piq\u00fbres oui, mais ce n\u2019est pas \u00e7a qui change compl\u00e8tement.\u00a0\u00bb<\/p>\n<p>L&rsquo;atout de Massimo Gargia ? Son carnet d&rsquo;adresses<\/p>\n<p>Pour pallier cette haine du temps qui passe, quoi de mieux que de tout oublier en organisant <a href=\"https:\/\/www.purepeople.com\/article\/eddie-barclay-10-ans-deja-caroline-et-ses-amis-reunis-a-saint-tropez_a163318\/1\" rel=\"nofollow noopener\" target=\"_blank\">de grandes soir\u00e9es, avec de belles personnes<\/a>, aux situations plus que confortables ? C\u2019est une des sp\u00e9cialit\u00e9s de Massimo Gargia, qui est mondialement connu pour son entre-gens et son carnet d\u2019adresses, s\u2019\u00e9talant des Miss France \u00e0 des stars hollywoodiennes, en passant par quelques ex c\u00e9l\u00e8bres de Pr\u00e9sidents\u2026 Autant de t\u00eates connues, qu\u2019un journaliste de Gala \u00e9num\u00e9rait en visitant l\u2019appartement du s\u00e9ducteur italien, \u00e0 l\u2019occasion d\u2019une interview accord\u00e9e en 2023. Dans des cadres de photos, toutes les \u00ab\u00a0ma\u00eetresses\u00a0\u00bb de Massimo recouvraient murs et meubles. \u00ab\u00a0<strong>Certaines m\u2019ont trop aim\u00e9<\/strong>, avouait le playboy \u00e0 l\u2019hebdomadaire. D\u2019autres comme Garbo non, mais elle \u00e9tait fascinante, son snobisme consistait \u00e0 ne reconna\u00eetre personne.\u00a0\u00bb<\/p>\n<p>Autre <a href=\"https:\/\/www.purepeople.com\/article\/massimo-gargia-reunit-indra-ivana-trump-arno-klarsfeld-pour-couper-un-cake_a97617\/1\" rel=\"nofollow noopener\" target=\"_blank\">grande amie importante dans sa vie<\/a>, Ivana, l\u2019ex-femme d\u2019un certain <a href=\"https:\/\/www.purepeople.com\/people\/donald-trump_p1848\" rel=\"nofollow noopener\" target=\"_blank\">Donald Trump<\/a>, disparue en 2022. \u00ab\u00a0C\u2019\u00e9tait une femme tr\u00e8s puritaine, droite, pas int\u00e9ress\u00e9e, soulignait Massimo Gargia \u00e0 Gala. <strong>Elle \u00e9tait folle amoureuse de Donald Trump. Je lui conseillais de ne pas divorcer<\/strong> mais elle ne pouvait supporter qu\u2019il soit infid\u00e8le. Elle \u00e9tait mondaine, lui non.\u00a0\u00bb Un constat que <a href=\"https:\/\/www.purepeople.com\/article\/massimo-gargia-la-mine-superbe-journees-farniente-et-folles-nuits-a-st-trop_a104524\/1\" rel=\"nofollow noopener\" target=\"_blank\">le pape des nuits trop\u00e9ziennes<\/a> enrichissait en ajoutant : \u00ab\u00a0Donald Trump est un homme qui n\u2019a pas le temps d\u2019avoir des affects dans la vie et qui se lasse des femmes. Toute mon existence, j\u2019ai vu des femmes succomber \u00e0 des hommes puissants. Ce ne sont pas les plus gentils. Gianni Agnelli (le copropri\u00e9taire et dirigeant du groupe Fiat, NDLR) \u00e9tait m\u00e9chant, mais le pouvoir le rendait s\u00e9duisant. Il m\u2019avait dit que je ne saurais jamais rien faire de ma vie et me disait que le mieux que je pourrais faire serait de coucher avec sa s\u0153ur. Je l\u2019ai fait.\u00a0\u00bb<\/p>\n<p>Massimo Gargia r\u00e9aliste sur ses investissements et ses finances<\/p>\n<p>\u00a0<\/p>\n<p>La m\u00e9chancet\u00e9 dans ce monde paillet\u00e9, Massimo Gargia ne cesse d\u2019en \u00eatre le t\u00e9moin\u2026 Avec le temps, connaissant des hauts et des bas dans sa vie personnelle, il s\u2019est fait une raison et pr\u00e9f\u00e8re regarder ce petit cirque avec distance. <strong>\u00ab\u00a0Les gens qui ont beaucoup d\u2019argent sont cruels,<\/strong> avouait-il \u00e0 l\u2019hebdomadaire people il y a deux ans de cela. Ils vivent dans un monde o\u00f9 on ne dit plus bonjour \u00e0 un homme qui a tout perdu.\u00a0\u00bb Parlait-il de lui ? Il ne le dira pas frontalement mais ajoutera toutefois : \u00ab\u00a0J\u2019ai eu jusqu\u2019\u00e0 sept appartements en m\u00eame temps, je n\u2019en ai plus que deux, \u00e0 Paris et \u00e0 Rome. J\u2019ai tout d\u00e9pens\u00e9.\u00a0\u00bb<\/p>\n<p>La g\u00e9n\u00e9rosit\u00e9 de Massimo Gargia n\u2019est pas un mythe. D\u00e9penser sans compter, c\u2019est une chose qu\u2019il sait tr\u00e8s bien faire. <strong>Et quand les caisses sont vides, le playboy italien trouve toujours un moyen de gagner quelques euros<\/strong>, comme en 2004, en participant \u00e0 La Ferme C\u00e9l\u00e9brit\u00e9s. \u00c0 l\u2019\u00e9poque en difficult\u00e9 et mari\u00e9 \u00e0 Francine Crescent (ex-r\u00e9dactrice en chef du prestigieux magazine Vogue), les 150 000 euros qu\u2019il touchait pour avoir jou\u00e9 les fermiers chics sur TF1 permettaient de payer le traitement de sa femme, alors souffrante de la maladie d\u2019Alzheimer.\u00a0<\/p>\n<p>Droit dans ses bottes concernant les al\u00e9as de sa vie, <strong>Massimo Gargia arrive toujours \u00e0 voir le verre \u00e0 moiti\u00e9 plein<\/strong>. \u00ab\u00a0C\u2019est gr\u00e2ce \u00e0 La Ferme C\u00e9l\u00e9brit\u00e9s que je suis devenu populaire et c\u2019est super, vous savez.\u00a0\u00bb Une popularit\u00e9 bienveillante toujours d\u2019actualit\u00e9, 20 ans apr\u00e8s la diffusion du programme sur la premi\u00e8re cha\u00eene d\u2019Europe.<\/p>\n","protected":false},"excerpt":{"rendered":"Par Lucie Gosselin | R\u00e9dactrice Journaliste passionn\u00e9e, depuis plus de 10 ans, je r\u00e9alise des enqu\u00eates, des portraits,&hellip;\n","protected":false},"author":2,"featured_media":331491,"comment_status":"","ping_status":"","sticky":false,"template":"","format":"standard","meta":{"footnotes":""},"categories":[1586],"tags":[11,1777,674,1779,1011,27,12,25,1778,364],"class_list":{"0":"post-331490","1":"post","2":"type-post","3":"status-publish","4":"format-standard","5":"has-post-thumbnail","7":"category-europe","8":"tag-actualites","9":"tag-eu","10":"tag-europe","11":"tag-european-union","12":"tag-fr","13":"tag-france","14":"tag-news","15":"tag-republique-francaise","16":"tag-ue","17":"tag-union-europeenne"},"share_on_mastodon":{"url":"https:\/\/pubeurope.com\/@fr\/115060931721064677","error":""},"_links":{"self":[{"href":"https:\/\/www.europesays.com\/fr\/wp-json\/wp\/v2\/posts\/331490","targetHints":{"allow":["GET"]}}],"collection":[{"href":"https:\/\/www.europesays.com\/fr\/wp-json\/wp\/v2\/posts"}],"about":[{"href":"https:\/\/www.europesays.com\/fr\/wp-json\/wp\/v2\/types\/post"}],"author":[{"embeddable":true,"href":"https:\/\/www.europesays.com\/fr\/wp-json\/wp\/v2\/users\/2"}],"replies":[{"embeddable":true,"href":"https:\/\/www.europesays.com\/fr\/wp-json\/wp\/v2\/comments?post=331490"}],"version-history":[{"count":0,"href":"https:\/\/www.europesays.com\/fr\/wp-json\/wp\/v2\/posts\/331490\/revisions"}],"wp:featuredmedia":[{"embeddable":true,"href":"https:\/\/www.europesays.com\/fr\/wp-json\/wp\/v2\/media\/331491"}],"wp:attachment":[{"href":"https:\/\/www.europesays.com\/fr\/wp-json\/wp\/v2\/media?parent=331490"}],"wp:term":[{"taxonomy":"category","embeddable":true,"href":"https:\/\/www.europesays.com\/fr\/wp-json\/wp\/v2\/categories?post=331490"},{"taxonomy":"post_tag","embeddable":true,"href":"https:\/\/www.europesays.com\/fr\/wp-json\/wp\/v2\/tags?post=331490"}],"curies":[{"name":"wp","href":"https:\/\/api.w.org\/{rel}","templated":true}]}}