{"id":331492,"date":"2025-08-20T11:47:10","date_gmt":"2025-08-20T11:47:10","guid":{"rendered":"https:\/\/www.europesays.com\/fr\/331492\/"},"modified":"2025-08-20T11:47:10","modified_gmt":"2025-08-20T11:47:10","slug":"israel-menace-la-france-dimposer-la-fermeture-de-son-consulat-general-a-jerusalem","status":"publish","type":"post","link":"https:\/\/www.europesays.com\/fr\/331492\/","title":{"rendered":"Isra\u00ebl menace la France d\u2019imposer la fermeture de son consulat g\u00e9n\u00e9ral \u00e0 J\u00e9rusalem"},"content":{"rendered":"<p>Le ministre des Affaires \u00e9trang\u00e8res isra\u00e9lien Gideon Saar aurait recommand\u00e9 \u00e0 Benyamin Netanyahou de fermer la repr\u00e9sentation fran\u00e7aise en r\u00e9ponse \u00e0 la reconnaissance annonc\u00e9e d\u2019un \u00c9tat de Palestine.<\/p>\n<p class=\"fig-paragraph\">Selon un article publi\u00e9 dimanche par le quotidien proche du gouvernement Israel Hayom,\u00a0<a href=\"http:\/\/www.lefigaro.fr\/international\/gideon-saar-ministre-des-affaires-etrangeres-israelien-l-iran-ne-doit-pas-devenir-un-etat-nucleaire-20250403\" data-fig-type=\"Article\" data-gtm-custom-categorie=\"navigation\" data-gtm-custom-action=\"crossclick\" data-gtm-custom-label=\"Contextuel\" data-gtm-event=\"customEventSPE\" data-fig-domain=\"LEFIGARO\" target=\"_blank\" rel=\"noopener\">le ministre des Affaires \u00e9trang\u00e8res isra\u00e9lien Gideon Saar<\/a>\u00a0a recommand\u00e9 \u00e0 Benyamin Netanyahou la fermeture du consulat de France \u00e0 J\u00e9rusalem. Cette menace, qui n\u2019a fait l\u2019objet d\u2019aucun d\u00e9menti des autorit\u00e9s isra\u00e9liennes, est pr\u00e9sent\u00e9e comme une r\u00e9ponse \u00e0 la\u00a0<a href=\"http:\/\/www.lefigaro.fr\/international\/etat-de-palestine-le-pari-risque-d-emmanuel-macron-20250725\" data-fig-type=\"Article\" data-gtm-custom-categorie=\"navigation\" data-gtm-custom-action=\"crossclick\" data-gtm-custom-label=\"Contextuel\" data-gtm-event=\"customEventSPE\" data-fig-domain=\"LEFIGARO\" target=\"_blank\" rel=\"noopener\">d\u00e9cision fran\u00e7aise de reconna\u00eetre prochainement l\u2019\u00c9tat de Palestine.<\/a>\u00a0La fermeture de ce consulat ne serait pas un acte anodin, au regard de la sp\u00e9cificit\u00e9 de son histoire et de sa mission depuis sa cr\u00e9ation au XVIe si\u00e8cle.<\/p>\n<p class=\"fig-paragraph\">Une source diplomatique rappelle que l\u2019existence de ce consulat g\u00e9n\u00e9ral de France est depuis longtemps une source de tensions.\u00a0Les dirigeants isra\u00e9liens n\u2019appr\u00e9cient pas que cette repr\u00e9sentation, en charge des relations avec l\u2019Autorit\u00e9 palestinienne depuis sa cr\u00e9ation apr\u00e8s les\u00a0<a href=\"http:\/\/www.lefigaro.fr\/vox\/monde\/30-ans-apres-les-accords-d-oslo-israeliens-et-palestiniens-vivent-dans-la-peur-le-desespoir-et-la-violence-20230912\" data-fig-type=\"Article\" data-gtm-custom-categorie=\"navigation\" data-gtm-custom-action=\"crossclick\" data-gtm-custom-label=\"Contextuel\" data-gtm-event=\"customEventSPE\" data-fig-domain=\"LEFIGARO\" target=\"_blank\" rel=\"noopener\">accords d\u2019Oslo<\/a>\u00a0(1993), op\u00e8re depuis J\u00e9rusalem tout en r\u00e9duisant au strict minimum ses relations avec l\u2019\u00c9tat h\u00e9breu. Dans un entretien accord\u00e9 ce mardi \u00e0 la\u2026<\/p>\n<p class=\"fig-premium-paywall__infos\">\n        Cet article est r\u00e9serv\u00e9 aux abonn\u00e9s.        Il vous reste 81% \u00e0 d\u00e9couvrir.\n    <\/p>\n<p>                <img  data- alt=\"Le Figaro\" class=\"fig-img--complete fig-img\"\/><\/p>\n<p class=\"fig-premium-paywall__title\">Vente Flash<\/p>\n<p class=\"fig-premium-paywall__subtitle\">4,99\u20ac par mois pendant 12 mois. Sans engagement<\/p>\n<p class=\"fig-premium-paywall__connect\">\n                D\u00e9j\u00e0 abonn\u00e9\u00a0?                <a class=\"fig-premium-paywall__connect-link\" href=\"https:\/\/connect.lefigaro.fr\/login?client=horizon_web&amp;type=main&amp;redirect_uri=https%3A%2F%2Fwww.lefigaro.fr%2Finternational%2Fisrael-menace-la-france-d-imposer-la-fermeture-de-son-consulat-general-a-jerusalem-20250820\" data-js-gtm=\"{&quot;customCategorie&quot;: &quot;conversion&quot;, &quot;customAction&quot;: &quot;before_Landing_Connexion_paywall_auto&quot;, &quot;customLabel&quot;: &quot;bGVmaWdhcm8uZnJfXzFmMDdjNDNiLWIwOTUtNjdkYy04ODk4LTZkNzgyYjc5ZTFiZV9fQXJ0aWNsZQ==_Isra\u00ebl menace la France d\u2019imposer la fermeture de son consulat g\u00e9n\u00e9ral \u00e0 J\u00e9rusalem_434&quot;, &quot;customIDSPE&quot;: &quot;bGVmaWdhcm8uZnJfXzFmMDdjNDNiLWIwOTUtNjdkYy04ODk4LTZkNzgyYjc5ZTFiZV9fQXJ0aWNsZQ==&quot;, &quot;event&quot;: &quot;customEventSPE&quot;}\" target=\"_blank\" rel=\"noopener\"><br \/>\n                    Connectez-vous<br \/>\n                <\/a>\n            <\/p>\n","protected":false},"excerpt":{"rendered":"Le ministre des Affaires \u00e9trang\u00e8res isra\u00e9lien Gideon Saar aurait recommand\u00e9 \u00e0 Benyamin Netanyahou de fermer la repr\u00e9sentation fran\u00e7aise&hellip;\n","protected":false},"author":2,"featured_media":331493,"comment_status":"","ping_status":"","sticky":false,"template":"","format":"standard","meta":{"footnotes":""},"categories":[2],"tags":[11,1011,27,664,12,3518,25],"class_list":{"0":"post-331492","1":"post","2":"type-post","3":"status-publish","4":"format-standard","5":"has-post-thumbnail","7":"category-actualites","8":"tag-actualites","9":"tag-fr","10":"tag-france","11":"tag-israel","12":"tag-news","13":"tag-palestine","14":"tag-republique-francaise"},"share_on_mastodon":{"url":"https:\/\/pubeurope.com\/@fr\/115060935490130687","error":""},"_links":{"self":[{"href":"https:\/\/www.europesays.com\/fr\/wp-json\/wp\/v2\/posts\/331492","targetHints":{"allow":["GET"]}}],"collection":[{"href":"https:\/\/www.europesays.com\/fr\/wp-json\/wp\/v2\/posts"}],"about":[{"href":"https:\/\/www.europesays.com\/fr\/wp-json\/wp\/v2\/types\/post"}],"author":[{"embeddable":true,"href":"https:\/\/www.europesays.com\/fr\/wp-json\/wp\/v2\/users\/2"}],"replies":[{"embeddable":true,"href":"https:\/\/www.europesays.com\/fr\/wp-json\/wp\/v2\/comments?post=331492"}],"version-history":[{"count":0,"href":"https:\/\/www.europesays.com\/fr\/wp-json\/wp\/v2\/posts\/331492\/revisions"}],"wp:featuredmedia":[{"embeddable":true,"href":"https:\/\/www.europesays.com\/fr\/wp-json\/wp\/v2\/media\/331493"}],"wp:attachment":[{"href":"https:\/\/www.europesays.com\/fr\/wp-json\/wp\/v2\/media?parent=331492"}],"wp:term":[{"taxonomy":"category","embeddable":true,"href":"https:\/\/www.europesays.com\/fr\/wp-json\/wp\/v2\/categories?post=331492"},{"taxonomy":"post_tag","embeddable":true,"href":"https:\/\/www.europesays.com\/fr\/wp-json\/wp\/v2\/tags?post=331492"}],"curies":[{"name":"wp","href":"https:\/\/api.w.org\/{rel}","templated":true}]}}