{"id":331498,"date":"2025-08-20T11:50:26","date_gmt":"2025-08-20T11:50:26","guid":{"rendered":"https:\/\/www.europesays.com\/fr\/331498\/"},"modified":"2025-08-20T11:50:26","modified_gmt":"2025-08-20T11:50:26","slug":"les-francais-en-force-a-la-junior-ryder-cup","status":"publish","type":"post","link":"https:\/\/www.europesays.com\/fr\/331498\/","title":{"rendered":"Les Fran\u00e7ais en force \u00e0 la Junior Ryder Cup"},"content":{"rendered":"<p>\t\t\t\t\t\t<img width=\"770\" height=\"557\" src=\"data:image\/svg+xml,%3Csvg%20xmlns=\" http:=\"\" class=\"img-responsive wp-post-image\" alt=\"\" decoding=\"async\" fetchpriority=\"high\" data-lazy- data-lazy- data-lazy-src=\"https:\/\/www.europesays.com\/fr\/wp-content\/uploads\/2025\/08\/hugolegoffrfeg-770x557.webp.webp\"\/>\t\t\t\t\t<\/p>\n<p>\t\t\t\t\t\t Partager cet article <\/p>\n<p class=\"screen-reader-text juiz_sps_maybe_hidden_text\">Partager la publication \u00ab\u00a0Les Fran\u00e7ais en force \u00e0 la Junior Ryder Cup\u00a0\u00bb<\/p>\n<p><strong>Le golf tricolore sera dignement repr\u00e9sent\u00e9 \u00e0 la prochaine Junior Ryder Cup qui aura lieu \u00e0 Bethpage Black du 23 au 25 septembre, en amont de la 45e Ryder Cup de l\u2019histoire. Six des douze joueurs et joueuses retenus par le capitaine Stephen Gallacher sont ainsi issus de la formation fran\u00e7aise. Et on peut y ajouter Lev Grinberg, en phase de naturalisation et pensionnaire du Centre de performance au Golf National.<\/strong><\/p>\n<p>\t\t\t\t\t<a id=\"181417\" href=\"https:\/\/cabotbordeaux.com\/fr\/booking\/training-golf\" target=\"_blank\" rel=\"sponsorised nofollow noopener\"><img decoding=\"async\" src=\"data:image\/svg+xml,%3Csvg%20xmlns=\" http:=\"\" class=\"img-responsive\" alt=\"\" data-lazy-src=\"https:\/\/www.europesays.com\/fr\/wp-content\/uploads\/2025\/08\/cabot-e04-stage-septembre-1170x275-1.gif\"\/><\/a><\/p>\n<p><strong>L.V.<\/strong><\/p>\n<p><strong>Stephen Gallacher<\/strong> appr\u00e9cie visiblement la formation \u00e0 la Fran\u00e7aise. L\u2019Ecossais, <a href=\"https:\/\/www.golfplanete.com\/actualites\/apres-rome-lecossais-stephen-gallacher-recidive-pour-bethpage\/\" target=\"_blank\" rel=\"noopener nofollow\">capitaine victorieux \u00e0 Rome de la Junior Ryder Cup<\/a> en \u00e9tablissant un nouveau record (20,5 points \u00e0 9,5 points), a en effet retenu six joueuses et joueurs fran\u00e7ais dans son \u00e9quipe qui d\u00e9fiera du 23 au 25 septembre les Am\u00e9ricains (d\u2019abord au <strong>Nassau Country Club<\/strong>, au nord-est de New York, pour les doubles, puis \u00e0 <strong>Bethpage Black<\/strong> pour les simples).<\/p>\n<p>Ils font tous partie de cette \u00ab\u00a0g\u00e9n\u00e9ration dor\u00e9e\u00a0\u00bb qui brille tr\u00e8s r\u00e9guli\u00e8rement sur les plus grands tournois amateurs, et pour certains, d\u00e9j\u00e0, sur des rendez-vous professionnels\u2026<\/p>\n<p>\t\t\t\t\t<a id=\"181434\" href=\"https:\/\/www.omegaeuropeanmasters.com\/fr\/tickets\/tickets\" target=\"_blank\" rel=\"sponsorised nofollow noopener\"><img decoding=\"async\" src=\"data:image\/svg+xml,%3Csvg%20xmlns=\" http:=\"\" class=\"img-responsive\" alt=\"\" data-lazy-src=\"https:\/\/www.europesays.com\/fr\/wp-content\/uploads\/2025\/08\/omegamasters-e02-billetterie-om25-1170x275-1.jpg\"\/><\/a><\/p>\n<p><img loading=\"lazy\" decoding=\"async\" class=\"wp-image-182852 size-large aligncenter\" src=\"data:image\/svg+xml,%3Csvg%20xmlns=\" http:=\"\" alt=\"\" width=\"770\" height=\"770\" data-lazy- data-lazy- data-lazy-src=\"https:\/\/www.europesays.com\/fr\/wp-content\/uploads\/2025\/08\/rydercupjuniorssquad-770x770.jpeg\"\/><\/p>\n<p>\t\t\t\t\t<a id=\"182585\" href=\"https:\/\/www.golfcapdagde.com\/\" target=\"_blank\" rel=\"sponsorised nofollow noopener\"><img decoding=\"async\" src=\"data:image\/svg+xml,%3Csvg%20xmlns=\" http:=\"\" class=\"img-responsive\" alt=\"\" data-lazy-src=\"https:\/\/www.europesays.com\/fr\/wp-content\/uploads\/2025\/06\/capdagdegolf-e01-experience-golf-1170x275-1.gif\"\/><\/a><\/p>\n<p>A 17 ans, <strong>Hugo Le Goff<\/strong>\u00a0(photo), licenci\u00e9 au Golf de Paris, champion de France en 2021 \u00e0 seulement 13 ans, a remport\u00e9 d\u00e9but mai le prestigieux <strong>Lytham Trophy<\/strong>. C\u2019est le premier golfeur fran\u00e7ais \u00e0 r\u00e9ussir cet exploit depuis la cr\u00e9ation du tournoi en 1965. Au mois de mars, il avait gagn\u00e9 les <strong>Internationaux d\u2019Espagne<\/strong>. <a href=\"https:\/\/www.wagr.com\/mens-ranking\" target=\"_blank\" rel=\"noopener nofollow\">50e au classement mondial amateur (au 13 ao\u00fbt)<\/a>, il n\u2019a pas pass\u00e9 le cut apr\u00e8s deux tours de stroke play \u00e0 l\u2019<strong>U.S. Open amateur<\/strong> disput\u00e9 d\u00e9but ao\u00fbt \u00e0 San Francisco.<\/p>\n<p>Tous deux \u00e2g\u00e9s \u00e9galement de 17 ans, <strong>Callixte Alzas<\/strong> et <strong>Oscar Couilleau<\/strong> sont pr\u00e9sent\u00e9s comme de tr\u00e8s grands espoirs du golf fran\u00e7ais. Licenci\u00e9 \u00e0 <strong>Saint-Cloud<\/strong>, pensionnaire du <strong>Centre de performance au Golf National<\/strong>, vainqueur fin juillet du <strong>Carris Trophy<\/strong>, en Angleterre, Alzas, bient\u00f4t \u00e9tudiant \u00e0 <strong>Berkeley<\/strong> \u00e0 la rentr\u00e9e, est all\u00e9 jusqu\u2019en quart de finale du dernier <strong>British Amateur<\/strong>, battu par le futur laur\u00e9at, l\u2019Am\u00e9ricain <strong>Ethan Fang<\/strong>.<\/p>\n<p>\t\t\t\t\t<a id=\"174987\" href=\"https:\/\/www.sudfrancegolf.com\/fr\/\" target=\"_blank\" rel=\"sponsorised nofollow noopener\"><img decoding=\"async\" src=\"data:image\/svg+xml,%3Csvg%20xmlns=\" http:=\"\" class=\"img-responsive\" alt=\"\" data-lazy-src=\"https:\/\/www.europesays.com\/fr\/wp-content\/uploads\/2025\/06\/giesudfrancegolf-e02-egolf-pass-2025-v2-1170x275-1.gif\"\/><\/a><br \/>\nOscar Couilleau sur le PGA Tour en novembre<\/p>\n<p>Egalement membre du Centre de performance, Couilleau, licenci\u00e9 \u00e0 <strong>St-Nom-la-Bret\u00e8che<\/strong> et actuellement 116e au classement mondial, a d\u00e9croch\u00e9 le 26 juillet dernier le <strong>Monroe Invitational<\/strong>, l\u2019un des tournois amateurs les plus relev\u00e9s aux Etats-Unis. Ce succ\u00e8s lui a permis d\u2019obtenir un ticket pour le <strong>Butterfield Bermuda Championship<\/strong>, tournoi du <strong>FedEx Cup Fall<\/strong> sur le <strong>PGA Tour<\/strong> pr\u00e9vu du 13 au 16 novembre aux Bermudes. \u00a0<\/p>\n<p>37e mondiale amateur, <strong>Sara Brentcheneff<\/strong>, 17 ans, vient d\u2019\u00eatre battue en 16e de finale de l\u2019<strong>U.S. Women\u2019s Amateur<\/strong> (7 ao\u00fbt) mais elle sait aussi gagner \u00e0 l\u2019image de <a href=\"https:\/\/www.golfplanete.com\/actualites\/la-jeune-amateure-sara-brentcheneff-decroche-sa-premiere-victoire-au-portugal\/\" target=\"_blank\" rel=\"noopener nofollow\">sa retentissante victoire au Portugal d\u00e9but mai sur le LETAS<\/a>, la deuxi\u00e8me division europ\u00e9enne professionnelle, au <strong>Super Bock Ladies Open at Vidago Palace<\/strong>. Fin juillet, la Lyonnaise avait fini 5e du <strong>Championnat d\u2019Europe individuel Dames<\/strong> \u00e0 Francfort (Allemagne). \u00a0<\/p>\n<p>\t\t\t\t\t<a id=\"180479\" href=\"https:\/\/www.swing.fr\/voyage\/35-14eme-edition-des-doubles-gosset-by-beachcomber\" target=\"_blank\" rel=\"sponsorised nofollow noopener\"><img decoding=\"async\" src=\"data:image\/svg+xml,%3Csvg%20xmlns=\" http:=\"\" class=\"img-responsive\" alt=\"\" data-lazy-src=\"https:\/\/www.europesays.com\/fr\/wp-content\/uploads\/2025\/07\/beachcomber-e01-doubles-gosset-26-1170x275-1.jpg\"\/><\/a><br \/>\nAlice Kong, victorieuse \u00e0 15 ans sur le LETAS<\/p>\n<p>Le LETAS o\u00f9 <strong>Alice Kong<\/strong>, 15 ans seulement, a prouv\u00e9 que le talent n\u2019attendait pas les ann\u00e9es. L\u2019actuelle 82e joueuse mondiale amateur s\u2019y est en effet impos\u00e9e le 15 juin \u00e0 <a href=\"https:\/\/www.golfplanete.com\/actualites\/alice-kong-sacree-a-15-ans-sur-le-letas\/\" target=\"_blank\" rel=\"noopener nofollow\">l\u2019Amundi Czech Ladies Challenge<\/a>, en play-off s\u2019il vous plait face \u00e0 trois autres concurrentes.<\/p>\n<p>Affili\u00e9e au <strong>Golf de Toulouse<\/strong> depuis le 1er janvier 2025, <strong>Louise Uma Landgraf<\/strong>, 16 ans, 75e mondiale, affiche, elle aussi, un incroyable potentiel \u00e0 l\u2019image de sa victoire en f\u00e9vrier dernier des <strong>95e Internationaux du Portugal Dames<\/strong>, devant\u2026 Sara Brentcheneff.<\/p>\n<blockquote><p>\nSi nous poursuivons sans rel\u00e2che nos efforts, les performances au plus haut niveau amateur appellent, j\u2019en suis certain, de futurs grands r\u00e9sultats dans les rangs professionnels.<\/p>\n<p>Pascal Grizot<\/p>\n<\/blockquote>\n<p>\u00ab Placer six de nos repr\u00e9sentants en Junior Ryder Cup t\u00e9moigne de l\u2019excellence de notre formation, analyse, pas peu fier, <strong>Pascal Grizot<\/strong>, le pr\u00e9sident de la <strong>F\u00e9d\u00e9ration fran\u00e7aise de golf<\/strong>. Je le dis avec humilit\u00e9 mais aussi avec conviction et satisfaction car nous devons y voir le r\u00e9sultat de nos choix strat\u00e9giques. C\u2019est un nouveau signal positif pour nos staffs et notre Direction technique nationale. Nous sommes tous ensemble sur le bon chemin et nous devons insister encore et encore. Si nous poursuivons sans rel\u00e2che nos efforts, les performances au plus haut niveau amateur appellent, j\u2019en suis certain, de futurs grands r\u00e9sultats dans les rangs professionnels. La trajectoire de <strong>Martin Couvra<\/strong> en ce d\u00e9but de saison sur le <strong>DP World Tour<\/strong> est notamment un des moteurs de ma confiance dans l\u2019avenir. \u00bb<\/p>\n<p>\u00ab Former prend du temps, poursuit-il. Accompagner nos champions au sommet du golf mondial prend du temps. C\u2019est de la d\u00e9termination au quotidien pour rivaliser face \u00e0 une concurrence f\u00e9roce sur tous les continents. Nous luttons contre des nations qui comptent des millions de golfeurs. Je pense aux \u00c9tats Unis, au Japon, \u00e0 la Cor\u00e9e, aux \u00celes britanniques\u2026 Nous n\u2019avons pas d\u2019autres choix que de chercher \u00e0 \u00e9lever toujours plus notre niveau d\u2019exigence dans notre politique de haut niveau si nous voulons performer. \u00bb<\/p>\n<p>\t\t\t\t\t<a id=\"181972\" href=\"https:\/\/www.azurgolftravel.com\/proamdepalsoct25\" target=\"_blank\" rel=\"sponsorised nofollow noopener\"><img decoding=\"async\" src=\"data:image\/svg+xml,%3Csvg%20xmlns=\" http:=\"\" class=\"img-responsive\" alt=\"\" data-lazy-src=\"https:\/\/www.europesays.com\/fr\/wp-content\/uploads\/2025\/08\/azurgolftravel-e01-proam-catalogne-1170x275-1.jpeg\"\/><\/a><br \/>\nLa naturalisation de Lev Grinberg se poursuit<\/p>\n<p>A ce club des six tr\u00e8s prometteur, on peut y ajouter <strong>Lev Grinberg<\/strong>, 89e mondial amateur, d\u00e9j\u00e0 pr\u00e9sent dans l\u2019\u00e9quipe europ\u00e9enne \u00e0 Rome il y a deux ans. Ukrainien, son processus de naturalisation fran\u00e7aise est en ce moment en cours. Pensionnaire du Centre de performance, il a d\u00e9j\u00e0 plusieurs fois jou\u00e9 sur le <strong>DP World Tour<\/strong> (\u00e0 six reprises entre 2022 et 2025). Il a pris part au dernier <strong>FedEx Open de France<\/strong> o\u00f9 il s\u2019est offert une solide 37e place sans avoir jou\u00e9 au-dessus du par en 72 trous. Il soufflera ses 18 bougies en novembre prochain !<\/p>\n<p>Cr\u00e9\u00e9e en 1997, la Junior Ryder Cup a vu passer de futurs tr\u00e8s grands noms du golf mondial. Chez les Europ\u00e9ens, citons par exemple <strong>Rory McIlroy<\/strong>, <strong>Nicolas Colsaerts<\/strong>, <strong>Victor Dubuisson<\/strong> (en 2006), <strong>Matteo Manassero <\/strong>ou encore <strong>Nicolai H\u00f8jgaard<\/strong>, vainqueur de la Ryder Cup \u00e0 Rome en 2023. <strong>Suzann Pettersen<\/strong>, <strong>Carlota Ciganda<\/strong> et <strong>Emily Kristine Pedersen<\/strong> y ont brill\u00e9 avant de confirmer en <strong>Solheim Cup<\/strong>. C\u00f4t\u00e9 Am\u00e9ricain, <strong>Jordan Spieth<\/strong>, <strong>Justin Thomas<\/strong>, <strong>Scottie<\/strong> <strong>Scheffler<\/strong> mais \u00e9galement <strong>Lexi Thompson<\/strong>, <strong>Rose Zhang<\/strong> et <strong>Yealimi Noh<\/strong> ont fi\u00e8rement d\u00e9fendu la banni\u00e8re stars &amp; stripes !<\/p>\n<p>Photo : RFEG<\/p>\n","protected":false},"excerpt":{"rendered":"Partager cet article Partager la publication \u00ab\u00a0Les Fran\u00e7ais en force \u00e0 la Junior Ryder Cup\u00a0\u00bb Le golf tricolore&hellip;\n","protected":false},"author":2,"featured_media":331499,"comment_status":"","ping_status":"","sticky":false,"template":"","format":"standard","meta":{"footnotes":""},"categories":[1418],"tags":[1011,27,1472,60],"class_list":{"0":"post-331498","1":"post","2":"type-post","3":"status-publish","4":"format-standard","5":"has-post-thumbnail","7":"category-golf","8":"tag-fr","9":"tag-france","10":"tag-golf","11":"tag-sports"},"share_on_mastodon":{"url":"https:\/\/pubeurope.com\/@fr\/115060947317375713","error":""},"_links":{"self":[{"href":"https:\/\/www.europesays.com\/fr\/wp-json\/wp\/v2\/posts\/331498","targetHints":{"allow":["GET"]}}],"collection":[{"href":"https:\/\/www.europesays.com\/fr\/wp-json\/wp\/v2\/posts"}],"about":[{"href":"https:\/\/www.europesays.com\/fr\/wp-json\/wp\/v2\/types\/post"}],"author":[{"embeddable":true,"href":"https:\/\/www.europesays.com\/fr\/wp-json\/wp\/v2\/users\/2"}],"replies":[{"embeddable":true,"href":"https:\/\/www.europesays.com\/fr\/wp-json\/wp\/v2\/comments?post=331498"}],"version-history":[{"count":0,"href":"https:\/\/www.europesays.com\/fr\/wp-json\/wp\/v2\/posts\/331498\/revisions"}],"wp:featuredmedia":[{"embeddable":true,"href":"https:\/\/www.europesays.com\/fr\/wp-json\/wp\/v2\/media\/331499"}],"wp:attachment":[{"href":"https:\/\/www.europesays.com\/fr\/wp-json\/wp\/v2\/media?parent=331498"}],"wp:term":[{"taxonomy":"category","embeddable":true,"href":"https:\/\/www.europesays.com\/fr\/wp-json\/wp\/v2\/categories?post=331498"},{"taxonomy":"post_tag","embeddable":true,"href":"https:\/\/www.europesays.com\/fr\/wp-json\/wp\/v2\/tags?post=331498"}],"curies":[{"name":"wp","href":"https:\/\/api.w.org\/{rel}","templated":true}]}}