{"id":331500,"date":"2025-08-20T11:51:06","date_gmt":"2025-08-20T11:51:06","guid":{"rendered":"https:\/\/www.europesays.com\/fr\/331500\/"},"modified":"2025-08-20T11:51:06","modified_gmt":"2025-08-20T11:51:06","slug":"volley-a-quelle-heure-et-sur-quelle-chaine-suivre-le-match-de-preparation-france-serbie-ouest-france","status":"publish","type":"post","link":"https:\/\/www.europesays.com\/fr\/331500\/","title":{"rendered":"Volley. \u00c0 quelle heure et sur quelle cha\u00eene suivre le match de pr\u00e9paration France &#8211; Serbie ? &#8211; Ouest-France"},"content":{"rendered":"<ol>\n<li><a href=\"https:\/\/news.google.com\/rss\/articles\/CBMi-AFBVV95cUxOVnFnWkNMSWh0Z0RuWFgwNDQ1QnlYT3ZLNGlZTTdWRkh5T0ZTV3EtVFRzYzc4N0JuLWRQSG1OdEhxRXpMSVh2ZDFiWkJ0aE1CSHozdllJOVE2NmtlcGkxYm9tdU41VFpUVm1XY0lzOXUzdl9WTjhQY3lNb01iTnZYZTNxQ1FKN1phUXF2LXc3eXNEeWc0QlQ1cGp4NEVOakh1RlkxZ2paSTJxdDRjTkJ0X2hZQURuZXV4Y2R5TlRlLWdPak1mVGxLb3MzdHNCV2M0S1ZHLTgtaVUxYWtDdTJzaG9BZngzUVRtX0hodkpQdlZMOG5wOXNoTQ?oc=5\" target=\"_blank\" rel=\"nofollow noopener\">Volley. \u00c0 quelle heure et sur quelle cha\u00eene suivre le match de pr\u00e9paration France &#8211; Serbie ?<\/a>&nbsp;&nbsp;Ouest-France<\/li>\n<li><a href=\"https:\/\/news.google.com\/rss\/articles\/CBMizAFBVV95cUxPWllEZ0NMZklIWHI5cEpjdFI2bTRMN1BKcnpGVzFRQzVYTTg1blAtX1Z4aHZRUy1GX3FVbUh0Wi1teWZiUkpBR2t5TFR5NDRoNFR4RThwX25SVE5pLUxjdk1CT0dEVU1sVm1TekFPZGo0ZzBMbktPVWJHZTRMUjRHTmtZYTZQNUx5NUo5TXZxb0RvSTV0QzZUX1Z4MXRnZGdsLWhhN0F6SFpCZ2E5VVNhWmVJa09GcjVmMHNPRUJ0c2U2aDRTTWUzR3k3LUQ?oc=5\" target=\"_blank\" rel=\"nofollow noopener\">Ngapeth, un retour au meilleur moment pour se tester avant le Championnat du monde<\/a>&nbsp;&nbsp;L&rsquo;\u00c9quipe<\/li>\n<li><a href=\"https:\/\/news.google.com\/rss\/articles\/CBMi4gFBVV95cUxQUzFCNWR5ZWUwcXVSV2RDQ2pHazc0QmtwTjBXa3JVd1NLQ0UwS2piTExhcXF0WnRnWG8zMmxxcWNoTENxTkdieEEycGxxVFlFX2RWLU5FR1NnOHVwbW9RNXROZXp0MHRjQUhwLW0wRXVlVWpVSno2alNIcnFrVmw4eHJPQ3p2cktvUjdQUm5tY3g5MXJGUjgxV2tzOGhkTEVaU0pycUFqRnJQZ0F4QlV5dU95cUQ3djFCNGlJdTFCQzNfTEVvYi1tczR2eGV3MVVoQ1lLbFVpOXFIWjg2RXFNQnF3?oc=5\" target=\"_blank\" rel=\"nofollow noopener\">\u00ab\u00a0On est d\u00e9j\u00e0 dans le vif du sujet\u00a0\u00bb: l&rsquo;\u00e9quipe de France de volley \u00e0 Cannes pour un dernier test face \u00e0 la Serbie<\/a>&nbsp;&nbsp;Nice-Matin<\/li>\n<li><a href=\"https:\/\/news.google.com\/rss\/articles\/CBMixgFBVV95cUxNbWxTUDk0NkM2c3gwcWNZTUV5eE1pd0VIN2hyQ01XUzIzMVV0N2FFS1licGg4V0hOdnJuOHYyenR4T0NLcE1TbnNzVU1PUEFvU0paYmRGSEJkdVRQSWlTSG1ESVZUbHJBZnB1alJDbGlZaGp0bmhpVldQWEtmNU4tZnplZFJJWDU0clBTWlVqRHdFdEZWMkNuM1lSQXlMZlRHNThpalVjYjl0SzM1djhRSEcxNm10YjY4SXc1MktXZG5heF96V2c?oc=5\" target=\"_blank\" rel=\"nofollow noopener\">\u00c0 quelle heure et sur quelle cha\u00eene regarder le match France-Serbie ?<\/a>&nbsp;&nbsp;MSN<\/li>\n<li><a href=\"https:\/\/news.google.com\/rss\/articles\/CBMinwFBVV95cUxPMHJrSGd5OUNTR3JtN0NVRXUtWmRsOExyQUQzSlZLSUZxcVhCejNia1ZPQjhqM2NfYkoyYWNYNm5uMTZpVDFTcE1TUE5JTS1iTHdTSGFUZlpRczhfWS1mV2tfaHpzbnNRNU43cmhONzRUX1NSTE1QZE1qd1M0MExvYTZKVk9FZ3dOZnB3ZkI2YW4yTEdRVG1WekZjYU5ZYjA?oc=5\" target=\"_blank\" rel=\"nofollow noopener\">Volleyball : les Bleus lancent leur pr\u00e9paration mondiale \u00e0 Cannes<\/a>&nbsp;&nbsp;Nice Premium<\/li>\n<\/ol>\n","protected":false},"excerpt":{"rendered":"Volley. \u00c0 quelle heure et sur quelle cha\u00eene suivre le match de pr\u00e9paration France &#8211; Serbie ?&nbsp;&nbsp;Ouest-France Ngapeth,&hellip;\n","protected":false},"author":2,"featured_media":1445,"comment_status":"","ping_status":"","sticky":false,"template":"","format":"standard","meta":{"footnotes":""},"categories":[1417],"tags":[1011,27,60,1470,1469],"class_list":{"0":"post-331500","1":"post","2":"type-post","3":"status-publish","4":"format-standard","5":"has-post-thumbnail","7":"category-volley","8":"tag-fr","9":"tag-france","10":"tag-sports","11":"tag-volley","12":"tag-volleyball"},"share_on_mastodon":{"url":"https:\/\/pubeurope.com\/@fr\/115060951269607786","error":""},"_links":{"self":[{"href":"https:\/\/www.europesays.com\/fr\/wp-json\/wp\/v2\/posts\/331500","targetHints":{"allow":["GET"]}}],"collection":[{"href":"https:\/\/www.europesays.com\/fr\/wp-json\/wp\/v2\/posts"}],"about":[{"href":"https:\/\/www.europesays.com\/fr\/wp-json\/wp\/v2\/types\/post"}],"author":[{"embeddable":true,"href":"https:\/\/www.europesays.com\/fr\/wp-json\/wp\/v2\/users\/2"}],"replies":[{"embeddable":true,"href":"https:\/\/www.europesays.com\/fr\/wp-json\/wp\/v2\/comments?post=331500"}],"version-history":[{"count":0,"href":"https:\/\/www.europesays.com\/fr\/wp-json\/wp\/v2\/posts\/331500\/revisions"}],"wp:featuredmedia":[{"embeddable":true,"href":"https:\/\/www.europesays.com\/fr\/wp-json\/wp\/v2\/media\/1445"}],"wp:attachment":[{"href":"https:\/\/www.europesays.com\/fr\/wp-json\/wp\/v2\/media?parent=331500"}],"wp:term":[{"taxonomy":"category","embeddable":true,"href":"https:\/\/www.europesays.com\/fr\/wp-json\/wp\/v2\/categories?post=331500"},{"taxonomy":"post_tag","embeddable":true,"href":"https:\/\/www.europesays.com\/fr\/wp-json\/wp\/v2\/tags?post=331500"}],"curies":[{"name":"wp","href":"https:\/\/api.w.org\/{rel}","templated":true}]}}