{"id":331501,"date":"2025-08-20T11:52:12","date_gmt":"2025-08-20T11:52:12","guid":{"rendered":"https:\/\/www.europesays.com\/fr\/331501\/"},"modified":"2025-08-20T11:52:12","modified_gmt":"2025-08-20T11:52:12","slug":"bru-dement-toute-jalousie-envers-le-stade-toulousain-mais-compte-bien-aller-les-titiller","status":"publish","type":"post","link":"https:\/\/www.europesays.com\/fr\/331501\/","title":{"rendered":"Bru d\u00e9ment toute \u00ab jalousie \u00bb envers le Stade Toulousain mais compte bien aller les titiller"},"content":{"rendered":"<p>L\u2019Union Bordeaux-B\u00e8gles s\u2019est install\u00e9 sur le devant de la sc\u00e8ne et compte bien y rester. Ces deux derni\u00e8res saisons, sous l\u2019impulsion de Yannick Bru, le club girondin a disput\u00e9 et gagn\u00e9 ses premi\u00e8res finales. Si les co\u00e9quipiers de Matthieu Jalibert ont \u00e9t\u00e9 d\u00e9fait \u00e0 deux reprises par le Stade Toulousain en Top 14, ils ont r\u00e9ussi \u00e0 faire tomber leur rival en Champions Cup pour s\u2019ouvrir une voie vers le troph\u00e9e.<\/p>\n<p>\u00ab\u00a0On a vraiment envie d\u2019\u00eatre un acteur majeur de la performance dans le rugby en France\u00a0\u00bb<\/p>\n<p>L\u2019an prochain, l\u2019UBB voudra revenir en finale pour aller soulever une premi\u00e8re fois le Bouclier de Brennus. Dans des propos rapport\u00e9s par <a href=\"https:\/\/rmcsport.bfmtv.com\/rugby\/top-14\/top-14-ni-jalousie-ni-complexe-face-a-toulouse-l-union-bordeaux-begles-prete-a-repartir-a-l-assaut-du-brennus_AV-202508190562.html\" rel=\"nofollow noopener\" target=\"_blank\">RMC Sport<\/a>, Yannick Bru est revenu sur la grosse rivalit\u00e9 avec le Stade Toulousain et sur la volont\u00e9 pour cette g\u00e9n\u00e9ration de marquer l\u2019histoire du rugby fran\u00e7ais.<\/p>\n<blockquote>\n<p>\u00ab\u00a0Sur la premi\u00e8re ann\u00e9e, on \u00e9tait clairement un outsider ou une surprise. La deuxi\u00e8me, un challenger important et on a assum\u00e9 ce statut mais on s\u2019est toujours centr\u00e9 sur ce qu\u2019on pouvait am\u00e9liorer, nous. Ce n\u2019est pas de la jalousie, c\u2019est juste l\u2019envie d\u2019utiliser au maximum notre potentiel parce qu\u2019on a une tr\u00e8s, tr\u00e8s belle g\u00e9n\u00e9ration. Sportivement, le groupe b\u00e2ti est remarquable en termes d\u2019\u00e9tat d\u2019esprit. Donc cette ann\u00e9e qui vient, au-del\u00e0 de discuter de Toulouse ou des autres candidats au titre, l\u2019id\u00e9e sera d\u2019\u00eatre un vrai candidat cr\u00e9dible \u00e0 la victoire, r\u00e9guli\u00e8rement, tout le temps. On a vraiment envie d\u2019\u00eatre un acteur majeur de la performance dans le rugby en France.\u00a0\u00bb<\/p>\n<\/blockquote>\n<p>Partagez cette info avec vos amis et vos proches en cliquant ici<br \/>Pour r\u00e9sumer<\/p>\n<p>Yannick Bru s\u2019est confi\u00e9 en conf\u00e9rence de presse sur les gros objectifs de l\u2019Union Bordeaux-B\u00e8gles pour la saison \u00e0 venir. Le manager girondin se sent en capacit\u00e9 d\u2019aller d\u00e9crocher les plus gros troph\u00e9es dans l&rsquo;avenir.<\/p>\n<p> <img decoding=\"async\" width=\"76\" height=\"76\" loading=\"lazy\" src=\"https:\/\/www.europesays.com\/fr\/wp-content\/uploads\/2025\/04\/avatar-quinze.png\" alt=\"Arnaud D\u00e9chelotte\"\/><\/p>\n","protected":false},"excerpt":{"rendered":"L\u2019Union Bordeaux-B\u00e8gles s\u2019est install\u00e9 sur le devant de la sc\u00e8ne et compte bien y rester. Ces deux derni\u00e8res&hellip;\n","protected":false},"author":2,"featured_media":331502,"comment_status":"","ping_status":"","sticky":false,"template":"","format":"standard","meta":{"footnotes":""},"categories":[1416],"tags":[1011,27,479,1468,60],"class_list":{"0":"post-331501","1":"post","2":"type-post","3":"status-publish","4":"format-standard","5":"has-post-thumbnail","7":"category-rugby","8":"tag-fr","9":"tag-france","10":"tag-rugby","11":"tag-rugby-football","12":"tag-sports"},"share_on_mastodon":{"url":"https:\/\/pubeurope.com\/@fr\/115060955572951873","error":""},"_links":{"self":[{"href":"https:\/\/www.europesays.com\/fr\/wp-json\/wp\/v2\/posts\/331501","targetHints":{"allow":["GET"]}}],"collection":[{"href":"https:\/\/www.europesays.com\/fr\/wp-json\/wp\/v2\/posts"}],"about":[{"href":"https:\/\/www.europesays.com\/fr\/wp-json\/wp\/v2\/types\/post"}],"author":[{"embeddable":true,"href":"https:\/\/www.europesays.com\/fr\/wp-json\/wp\/v2\/users\/2"}],"replies":[{"embeddable":true,"href":"https:\/\/www.europesays.com\/fr\/wp-json\/wp\/v2\/comments?post=331501"}],"version-history":[{"count":0,"href":"https:\/\/www.europesays.com\/fr\/wp-json\/wp\/v2\/posts\/331501\/revisions"}],"wp:featuredmedia":[{"embeddable":true,"href":"https:\/\/www.europesays.com\/fr\/wp-json\/wp\/v2\/media\/331502"}],"wp:attachment":[{"href":"https:\/\/www.europesays.com\/fr\/wp-json\/wp\/v2\/media?parent=331501"}],"wp:term":[{"taxonomy":"category","embeddable":true,"href":"https:\/\/www.europesays.com\/fr\/wp-json\/wp\/v2\/categories?post=331501"},{"taxonomy":"post_tag","embeddable":true,"href":"https:\/\/www.europesays.com\/fr\/wp-json\/wp\/v2\/tags?post=331501"}],"curies":[{"name":"wp","href":"https:\/\/api.w.org\/{rel}","templated":true}]}}