{"id":331511,"date":"2025-08-20T11:58:10","date_gmt":"2025-08-20T11:58:10","guid":{"rendered":"https:\/\/www.europesays.com\/fr\/331511\/"},"modified":"2025-08-20T11:58:10","modified_gmt":"2025-08-20T11:58:10","slug":"luis-enrique-se-fait-doubler-sur-le-dossier-maghnes-akliouche","status":"publish","type":"post","link":"https:\/\/www.europesays.com\/fr\/331511\/","title":{"rendered":"Luis Enrique se fait doubler sur le dossier Maghnes Akliouche"},"content":{"rendered":"<p>On le sait : <a href=\"https:\/\/www.dailymercato.com\/news\/mercato-psg-luis-enrique-exige-encore-2-recrues\" rel=\"nofollow noopener\" target=\"_blank\">Luis Enrique a encore l&rsquo;intention de renforcer son effectif<\/a>. Alors que l&rsquo;avenir de Kang-In Lee est tr\u00e8s incertain, le coach parisien veut s&rsquo;assurer de doubler tous les postes offensifs. C&rsquo;est notamment pour cette raison que <a href=\"https:\/\/www.dailymercato.com\/news\/mercato-psg-luis-campos-file-au-portugal-pour-realiser-un-gros-coup\" rel=\"nofollow noopener\" target=\"_blank\">Luis Campos a pr\u00e9vu de scruter le march\u00e9 portugais<\/a>.<\/p>\n<p>Dans le m\u00eame temps, le mercato du PSG continue d&rsquo;attirer les p\u00e9pites de la Ligue 1. L&rsquo;an dernier, les dirigeants parisiens avaient r\u00e9ussi \u00e0 signer Bradley Barcola et D\u00e9sir\u00e9 Dou\u00e9. Cette fois-ci, <strong>le Paris Saint-Germain veut affaiblir l&rsquo;AS Monaco en recrutant Maghnes Akliouche<\/strong>.<\/p>\n<p>La Premier League s&rsquo;invite dans le dossier Akliouche<\/p>\n<p>Cependant, le club mon\u00e9gasque n&rsquo;a pas l&rsquo;intention de brader sa p\u00e9pite. Selon The Independant, <strong>Tottenham vise \u00e0 transf\u00e9rer Akliouche<\/strong>. Les Spurs avaient dans un premier temps cibl\u00e9 Savinho (Manchester City). Le club citizen demanderait toutefois plus de 80M\u20ac pour son ailier br\u00e9silien de 21 ans.<\/p>\n<p>Une somme qui refroidirait les dirigeants londoniens, pr\u00eats \u00e0 rabattre leurs cartes sur le milieu offensif fran\u00e7ais. Pour rappel, <strong>le prix fix\u00e9 par l&rsquo;AS Monaco pour lib\u00e9rer Akliouche<\/strong> ne d\u00e9passe pas les 60M\u20ac. Un montant plus abordable, qui pourrait donc faciliter les discussions entre Tottenham et Monaco. De quoi freiner le mercato du <a href=\"https:\/\/www.dailymercato.com\/club\/paris-saint-germain-11\" rel=\"nofollow noopener\" target=\"_blank\">PSG<\/a>, qui s&rsquo;appr\u00eate \u00e0 vivre un nouvel \u00e9chec concernant le recrutement d&rsquo;un Fran\u00e7ais !<\/p>\n<blockquote class=\"twitter-tweet\"><p>&#13;<\/p>\n<p dir=\"ltr\" lang=\"en\">\ud83d\udea8 Tottenham are targeting Maghnes Akliouche as a cheaper alternative to Savinho, with Manchester City demanding \u00a370M for the 21-year-old. <\/p>\n<p>Monaco value the attacking midfielder at \u00a347.5M.<\/p>\n<p>(Source: <a href=\"https:\/\/twitter.com\/Independent?ref_src=twsrc%5Etfw\" rel=\"nofollow noopener\" target=\"_blank\">@Independent<\/a>) <a href=\"https:\/\/t.co\/uI84KS5mwX\" rel=\"nofollow\">pic.twitter.com\/uI84KS5mwX<\/a><\/p>\n<p>&#13;<br \/>\n\u2014 Transfer News Live (@DeadlineDayLive) <a href=\"https:\/\/twitter.com\/DeadlineDayLive\/status\/1958048854391300243?ref_src=twsrc%5Etfw\" rel=\"nofollow noopener\" target=\"_blank\">August 20, 2025<\/a><\/p><\/blockquote>\n<p>Supporter st\u00e9phanois, je ne perds pas espoir de revoir les Verts retrouver les sommets. En attendant, je m&rsquo;endes clu remets aux autres clubs historiques du football fran\u00e7ais pour prendre mon mal en patience, et ainsi admirer des clubs comme Strasbourg ou le RC Lens.<\/p>\n<p>            <script async src=\"https:\/\/platform.twitter.com\/widgets.js\" charset=\"utf-8\"><\/script><\/p>\n","protected":false},"excerpt":{"rendered":"On le sait : Luis Enrique a encore l&rsquo;intention de renforcer son effectif. Alors que l&rsquo;avenir de Kang-In&hellip;\n","protected":false},"author":2,"featured_media":331512,"comment_status":"","ping_status":"","sticky":false,"template":"","format":"standard","meta":{"footnotes":""},"categories":[1410],"tags":[63,1011,27,60],"class_list":{"0":"post-331511","1":"post","2":"type-post","3":"status-publish","4":"format-standard","5":"has-post-thumbnail","7":"category-football","8":"tag-football","9":"tag-fr","10":"tag-france","11":"tag-sports"},"share_on_mastodon":{"url":"https:\/\/pubeurope.com\/@fr\/115060978852567579","error":""},"_links":{"self":[{"href":"https:\/\/www.europesays.com\/fr\/wp-json\/wp\/v2\/posts\/331511","targetHints":{"allow":["GET"]}}],"collection":[{"href":"https:\/\/www.europesays.com\/fr\/wp-json\/wp\/v2\/posts"}],"about":[{"href":"https:\/\/www.europesays.com\/fr\/wp-json\/wp\/v2\/types\/post"}],"author":[{"embeddable":true,"href":"https:\/\/www.europesays.com\/fr\/wp-json\/wp\/v2\/users\/2"}],"replies":[{"embeddable":true,"href":"https:\/\/www.europesays.com\/fr\/wp-json\/wp\/v2\/comments?post=331511"}],"version-history":[{"count":0,"href":"https:\/\/www.europesays.com\/fr\/wp-json\/wp\/v2\/posts\/331511\/revisions"}],"wp:featuredmedia":[{"embeddable":true,"href":"https:\/\/www.europesays.com\/fr\/wp-json\/wp\/v2\/media\/331512"}],"wp:attachment":[{"href":"https:\/\/www.europesays.com\/fr\/wp-json\/wp\/v2\/media?parent=331511"}],"wp:term":[{"taxonomy":"category","embeddable":true,"href":"https:\/\/www.europesays.com\/fr\/wp-json\/wp\/v2\/categories?post=331511"},{"taxonomy":"post_tag","embeddable":true,"href":"https:\/\/www.europesays.com\/fr\/wp-json\/wp\/v2\/tags?post=331511"}],"curies":[{"name":"wp","href":"https:\/\/api.w.org\/{rel}","templated":true}]}}