{"id":331513,"date":"2025-08-20T11:59:10","date_gmt":"2025-08-20T11:59:10","guid":{"rendered":"https:\/\/www.europesays.com\/fr\/331513\/"},"modified":"2025-08-20T11:59:10","modified_gmt":"2025-08-20T11:59:10","slug":"macha-meril-emue-et-digne-pour-les-obseques-de-sa-soeur-video","status":"publish","type":"post","link":"https:\/\/www.europesays.com\/fr\/331513\/","title":{"rendered":"Macha M\u00e9ril \u00e9mue et digne pour les obs\u00e8ques de sa s\u0153ur (VIDEO)"},"content":{"rendered":"<p>Le 14 ao\u00fbt, dans un faire-part partag\u00e9 par le Figaro, la famille<br \/>\nde <a href=\"https:\/\/www.closermag.fr\/people\/cetait-terrible-macha-meril-se-confie-comme-jamais-sur-son-couple-avec-lacteur-stephane-freiss-de-20-ans-son-cadet-3415519\" rel=\"nofollow noopener\" target=\"_blank\"><br \/>\nMacha M\u00e9ril<\/a> annon\u00e7ait <strong>la mort de la princesse<\/strong><br \/>\n<a href=\"https:\/\/www.closermag.fr\/people\/macha-meril-en-deuil-sa-soeur-une-celebre-princesse-est-morte-a-lage-de-96-ans-3571458\" rel=\"nofollow noopener\" target=\"_blank\"><br \/>\nH\u00e9l\u00e8ne Gagarine<\/a> \u00e0 l\u00a0\u00bb\u00e2ge de 96 ans. Cette derni\u00e8re, moins<br \/>\nc\u00e9l\u00e8bre que sa petite s\u0153ur, avait tout de m\u00eame connu une carri\u00e8re<br \/>\n\u00e9difiante dans le monde du cin\u00e9ma.\u00a0<\/p>\n<p>En effet, dans les ann\u00e9es 70, H\u00e9l\u00e8ne Gagarine avait travaill\u00e9<br \/>\npour de nombreuses propositions \u00e0 succ\u00e8s comme le film film Au-del\u00e0<br \/>\nde la peur, avec Michel Bouquet, ou les s\u00e9ries Aux fronti\u00e8res du<br \/>\npossible, Belle et S\u00e9bastien, Vidocq, S\u00e9bastien parmi les hommes,<br \/>\nS\u00e9bastien et la Mary-Morgane et Les enqu\u00eateurs associ\u00e9s.<\/p>\n<p>Macha M\u00e9ril \u00e9mue aux obs\u00e8ques de sa soeur<\/p>\n<p>\u201c\u00c9lisabeth et Macha, ses s\u0153urs, Michel et Nino, ses neveu et<br \/>\nni\u00e8ce, \u00c9lisabeth, sa petite-ni\u00e8ce, ont la tristesse d\u2019annoncer le<br \/>\nd\u00e9c\u00e8s de la princesse H\u00e9l\u00e8ne Gagarine, survenu <strong>\u00e0 l\u2019\u00e2ge de<br \/>\n96 ans<\/strong>\u201d, indique le communiqu\u00e9 partag\u00e9 par la<br \/>\nfamille. Parmi les d\u00e9tails fournis par le faire-part, on apprenait<br \/>\n\u00e9galement que les obs\u00e8ques de la princesse auraient lieu ce<br \/>\nmercredi 20 ao\u00fbt.\u00a0<\/p>\n<blockquote class=\"instagram-media\" style=\"background: #ffffff;border: 0;margin: 1px;width: 100%;padding: 0;max-width: 500px;\" data-instgrm-permalink=\"https:\/\/www.instagram.com\/p\/DNkp3s_sM1Z\/?hl=fr\" data-instgrm-version=\"14\"\/>\n<p>D\u2019abord \u00e0 la cath\u00e9drale Saint-Alexandre-Nevski situ\u00e9e 12 rue<br \/>\nDaru, \u00e0 Paris (8e), pour une <strong>c\u00e9r\u00e9monie religieuse<\/strong>,<br \/>\npuis au cimeti\u00e8re russe de Sainte-Genevi\u00e8ve-des-Bois (Essonne),<br \/>\npour l&rsquo;inhumation \u00e0 14h30. Closer a eu acc\u00e8s \u00e0 des images des<br \/>\nfun\u00e9railles, sur lesquelles on aper\u00e7oit Macha M\u00e9ril entour\u00e9e des<br \/>\nsiens, un cierge \u00e0 la main. Parmi les personnes pr\u00e9sentes, on<br \/>\nretrouve aussi Elisabeth, la troisi\u00e8me s\u0153ur de la fratrie, ainsi<br \/>\nque Gianguido Baldi, le fils de Macha M\u00e9ril. Un moment de<br \/>\nrecueillement \u00e9videmment marqu\u00e9 par l\u2019\u00e9motion.\u00a0<\/p>\n<blockquote class=\"instagram-media\" style=\"background: #ffffff;border: 0;margin: 1px;width: 100%;padding: 0;max-width: 500px;\" data-instgrm-permalink=\"https:\/\/www.instagram.com\/p\/DNks-VeMtkl\/?hl=fr\" data-instgrm-version=\"14\"\/><p>\nMacha M\u00e9ril : qui est son fils<br \/>\nGianguido Baldi ?<\/p>\n<p>Avant de vivre le grand amour avec le compositeur <a href=\"https:\/\/www.closermag.fr\/people\/macha-meril-veuve-ces-instructions-que-lui-donnerait-michel-legrand-son-mari-disparu-depuis-l-au-dela-1543931#item=1\" rel=\"nofollow noopener\" target=\"_blank\"><br \/>\nMichel Legrand<\/a>, Macha M\u00e9ril a \u00e9t\u00e9 mari\u00e9e de 1969 \u00e0 1978 au<br \/>\nr\u00e9alisateur italien <a href=\"https:\/\/www.closermag.fr\/people\/macha-meril-qui-etait-son-premier-mari-gian-vittorio-baldi-1245427#item=1\" rel=\"nofollow noopener\" target=\"_blank\"><br \/>\nGian Vittorio Baldi<\/a>. \u201cUn <strong>mariage d&rsquo;amour<\/strong><br \/>\nqui m&rsquo;a servi \u00e0 devenir quelqu&rsquo;un, \u00e0 me construire. J&rsquo;avais besoin<br \/>\nde me sentir adoub\u00e9e par la soci\u00e9t\u00e9\u201d, confiait<br \/>\nl\u2019actrice \u00e0 L\u2019Obs. Avant leur divorce, Macha M\u00e9ril avait adopt\u00e9<br \/>\nGianguido, son <a href=\"https:\/\/www.closermag.fr\/people\/je-suis-devenue-sterile-macha-meril-revient-sur-son-drame-de-ne-pas-avoir-eu-d-enfant-1688101#item=1\" rel=\"nofollow noopener\" target=\"_blank\"><br \/>\nbeau-fils<\/a> n\u00e9 en 1966 d&rsquo;une premi\u00e8re union du r\u00e9alisateur. A<br \/>\nl\u2019instar de ses parents, ce dernier \u00e9volue \u00e9galement dans le monde<br \/>\ndu cin\u00e9ma.\u00a0<\/p>\n<p><script async src=\"\/\/www.instagram.com\/embed.js\"><\/script><\/p>\n","protected":false},"excerpt":{"rendered":"Le 14 ao\u00fbt, dans un faire-part partag\u00e9 par le Figaro, la famille de Macha M\u00e9ril annon\u00e7ait la mort&hellip;\n","protected":false},"author":2,"featured_media":331514,"comment_status":"","ping_status":"","sticky":false,"template":"","format":"standard","meta":{"footnotes":""},"categories":[1359],"tags":[548,58,59,1011,27,46888,973],"class_list":{"0":"post-331513","1":"post","2":"type-post","3":"status-publish","4":"format-standard","5":"has-post-thumbnail","7":"category-people","8":"tag-article-simple","9":"tag-divertissement","10":"tag-entertainment","11":"tag-fr","12":"tag-france","13":"tag-macha-meril","14":"tag-people"},"share_on_mastodon":{"url":"https:\/\/pubeurope.com\/@fr\/115060982620959129","error":""},"_links":{"self":[{"href":"https:\/\/www.europesays.com\/fr\/wp-json\/wp\/v2\/posts\/331513","targetHints":{"allow":["GET"]}}],"collection":[{"href":"https:\/\/www.europesays.com\/fr\/wp-json\/wp\/v2\/posts"}],"about":[{"href":"https:\/\/www.europesays.com\/fr\/wp-json\/wp\/v2\/types\/post"}],"author":[{"embeddable":true,"href":"https:\/\/www.europesays.com\/fr\/wp-json\/wp\/v2\/users\/2"}],"replies":[{"embeddable":true,"href":"https:\/\/www.europesays.com\/fr\/wp-json\/wp\/v2\/comments?post=331513"}],"version-history":[{"count":0,"href":"https:\/\/www.europesays.com\/fr\/wp-json\/wp\/v2\/posts\/331513\/revisions"}],"wp:featuredmedia":[{"embeddable":true,"href":"https:\/\/www.europesays.com\/fr\/wp-json\/wp\/v2\/media\/331514"}],"wp:attachment":[{"href":"https:\/\/www.europesays.com\/fr\/wp-json\/wp\/v2\/media?parent=331513"}],"wp:term":[{"taxonomy":"category","embeddable":true,"href":"https:\/\/www.europesays.com\/fr\/wp-json\/wp\/v2\/categories?post=331513"},{"taxonomy":"post_tag","embeddable":true,"href":"https:\/\/www.europesays.com\/fr\/wp-json\/wp\/v2\/tags?post=331513"}],"curies":[{"name":"wp","href":"https:\/\/api.w.org\/{rel}","templated":true}]}}