{"id":331517,"date":"2025-08-20T12:02:09","date_gmt":"2025-08-20T12:02:09","guid":{"rendered":"https:\/\/www.europesays.com\/fr\/331517\/"},"modified":"2025-08-20T12:02:09","modified_gmt":"2025-08-20T12:02:09","slug":"a-deux-semaines-de-la-rentree-la-nouvelle-presentatrice-de-telematin-enfin-liberee-elle-annonce-un-changement-dans-sa-vie-purepeople","status":"publish","type":"post","link":"https:\/\/www.europesays.com\/fr\/331517\/","title":{"rendered":"A deux semaines de la rentr\u00e9e, la nouvelle pr\u00e9sentatrice de T\u00e9l\u00e9matin enfin &quot;lib\u00e9r\u00e9e&quot; : elle annonce un changement dans sa vie &#8211; Purepeople"},"content":{"rendered":"<ol>\n<li><a href=\"https:\/\/news.google.com\/rss\/articles\/CBMi-gFBVV95cUxOSUp2RUpUZ3M0enhTbkxwUjBNSnR5dFd0LTJxTVE1N3JQM00wQlBQWF95Wi1WaTRvRkZGOTkzd3VZLWplUm04bzVkYkxVcGNMcTlUcUUxVVJhQXhfMERwSm5ENktvcUNNckFPNlROLXB5eGFKejVrS00yU2FsOHRzMmlhUmFfRU5RX0xqeVpldUpjdFlyS29QdVRfcE5FNmtLR1JzcjNyeWVJeVFwTWtMZTlnN3dBUzNCd09VUGdoX2FYbjNQalJwY1VkbTRCTHdFMld6TjdGWEdvLVA3dlcySGQxVHF3eTBlUGZfVFVYckhnZFpFUWZiSVZB?oc=5\" target=\"_blank\" rel=\"nofollow noopener\">A deux semaines de la rentr\u00e9e, la nouvelle pr\u00e9sentatrice de T\u00e9l\u00e9matin enfin \u00ab\u00a0lib\u00e9r\u00e9e\u00a0\u00bb : elle annonce un changement dans sa vie<\/a>&nbsp;&nbsp;Purepeople<\/li>\n<li><a href=\"https:\/\/news.google.com\/rss\/articles\/CBMi8AFBVV95cUxOMzlMWXlNUkpnSjM5OFk3MWxjQlFpLW1XMTdDeTRnaDF4TzRtQzBiNGZNVmN2RHN5cFdaZUlFUFNQdGs1akVsVlRtMVJlSHYwQzJZaEF1Z2t1elFyMHdmNVkyNWdDbFZ3ZTlIYlNJb1B1QUxSeXMwUUc4VFZCemZuN1B4MVNpTDBLWkpfODNkSmYwSjRjUEVwaDZRTmxGXzdBRFA3SExUU1pPNEN4a2pVVlZQbDI1OEZQWnQybzVpNjNWV2FZd1J2MjhLanNTQlc4OVhOcDlUTXNGRmgzWUF6TTlYWDd1ZEEwX0M0TEx6LUI?oc=5\" target=\"_blank\" rel=\"nofollow noopener\">M\u00e9lanie Taravant victime d\u2019un accident en vacances : avant sa rentr\u00e9e sur T\u00e9l\u00e9matin, elle donne de ses nouvelles !<\/a>&nbsp;&nbsp;Gala<\/li>\n<li><a href=\"https:\/\/news.google.com\/rss\/articles\/CBMi_gFBVV95cUxONFV6dnZjaEJyU29DNDJ2RHg4bnl5d0RTNFhpTGVGOHJycjZLUmZhY1RhWlpLVXNiRXFfa2JzbTctSmF5UlVQMFZBbVpvSmlMNTZ2SEw4eEhCbVdmcENIcTZCbTRmQWdfc1l3X2RPaXdScFVXSEo2VjFzOWFUSm9XTlFPd2FnaWtLYjVTNEdtT2pKellLcXM1YzRueGhabGYzN3VSRi1PNXpzYV85X1ZaeE8ya3lDdnNrak5OdkpaYk5aTFMxZ1VRT3pLc3BnUTUwZnFYUWl1UmxQOWtwNDhxQXlrZEIzRHRwam1rX0FZbkhXVWRGNVZGVTJlLWZOZw?oc=5\" target=\"_blank\" rel=\"nofollow noopener\">\u00ab\u00a0Je retrouve mes deux jambes\u00a0\u00bb : M\u00e9lanie Taravant donne des nouvelles suite \u00e0 son accident, juste avant son arriv\u00e9e dans T\u00e9l\u00e9matin<\/a>&nbsp;&nbsp;programme-tv.net<\/li>\n<li><a href=\"https:\/\/news.google.com\/rss\/articles\/CBMijgJBVV95cUxNZ3ZEa3dlNF85TU1pZExXWHpxR05acC0tcldDcEJxZWpubHBidG9wQUJacGM4LWNyUkxvS1IwLTZYQWpnSGYwUU96T1MzY3RLTWliNDlFLVJRSlZnX3AzR3VTLVljUkUxVlppSUJ0ZmdOcmpQdFUzaThnMHZXLV9PYzktb2RBN2VJeG5QV0pEY3pXU3NCdU4tRFFFMzBnZ1VSN3JteE5PMW5EdlFGZzZXSzlzdU5hRnFCcmFGTVJWZjdDa0k2blBabEhoVzJ2THZtUVFvUW4tbllqbEI5QThFZzBSam0wMXdUU3N6b21vSjRrQ2NwSjdORUtRNUZ6a0lsUktYTWRjS296UkN3RFE?oc=5\" target=\"_blank\" rel=\"nofollow noopener\">Les matinales Bonjour ! et T\u00e9l\u00e9matin sur TF1 et France 2 annoncent un changement d&rsquo;horaires pour la rentr\u00e9e<\/a>&nbsp;&nbsp;T\u00e9l\u00e9 7 Jours<\/li>\n<li><a href=\"https:\/\/news.google.com\/rss\/articles\/CBMiuAFBVV95cUxQc2tjWVVZWHZwaVVhWGp1bkRJZFFvM2dkNmExVUJvcjJzb2lFQzItUFFBQ3AzRUJLd05mVU0wdlJ2bEVMczdzRTg3dDdmSUozcm81X3FJNUFHUG9hd2tPc3BzbU9rNHZIbUdvaFdUZ3ZzWnBrOTIzYVhGbFZYcDEtM3FBV3BDTFE1bm1PZDdwWndyMEF6Vms4NEM1WEpGbndLWXV0V0hzcFJySnFiTHNWX1JmQmR4Vl8w?oc=5\" target=\"_blank\" rel=\"nofollow noopener\">Quels changements pour la rentr\u00e9e \u00e0 la t\u00e9l\u00e9vision et en radio ? (vid\u00e9o)<\/a>&nbsp;&nbsp;Soirmag<\/li>\n<\/ol>\n","protected":false},"excerpt":{"rendered":"A deux semaines de la rentr\u00e9e, la nouvelle pr\u00e9sentatrice de T\u00e9l\u00e9matin enfin \u00ab\u00a0lib\u00e9r\u00e9e\u00a0\u00bb : elle annonce un changement&hellip;\n","protected":false},"author":2,"featured_media":1445,"comment_status":"","ping_status":"","sticky":false,"template":"","format":"standard","meta":{"footnotes":""},"categories":[1356],"tags":[58,59,1011,27,252,1364],"class_list":{"0":"post-331517","1":"post","2":"type-post","3":"status-publish","4":"format-standard","5":"has-post-thumbnail","7":"category-television","8":"tag-divertissement","9":"tag-entertainment","10":"tag-fr","11":"tag-france","12":"tag-television","13":"tag-tv"},"share_on_mastodon":{"url":"https:\/\/pubeurope.com\/@fr\/115060994529080182","error":""},"_links":{"self":[{"href":"https:\/\/www.europesays.com\/fr\/wp-json\/wp\/v2\/posts\/331517","targetHints":{"allow":["GET"]}}],"collection":[{"href":"https:\/\/www.europesays.com\/fr\/wp-json\/wp\/v2\/posts"}],"about":[{"href":"https:\/\/www.europesays.com\/fr\/wp-json\/wp\/v2\/types\/post"}],"author":[{"embeddable":true,"href":"https:\/\/www.europesays.com\/fr\/wp-json\/wp\/v2\/users\/2"}],"replies":[{"embeddable":true,"href":"https:\/\/www.europesays.com\/fr\/wp-json\/wp\/v2\/comments?post=331517"}],"version-history":[{"count":0,"href":"https:\/\/www.europesays.com\/fr\/wp-json\/wp\/v2\/posts\/331517\/revisions"}],"wp:featuredmedia":[{"embeddable":true,"href":"https:\/\/www.europesays.com\/fr\/wp-json\/wp\/v2\/media\/1445"}],"wp:attachment":[{"href":"https:\/\/www.europesays.com\/fr\/wp-json\/wp\/v2\/media?parent=331517"}],"wp:term":[{"taxonomy":"category","embeddable":true,"href":"https:\/\/www.europesays.com\/fr\/wp-json\/wp\/v2\/categories?post=331517"},{"taxonomy":"post_tag","embeddable":true,"href":"https:\/\/www.europesays.com\/fr\/wp-json\/wp\/v2\/tags?post=331517"}],"curies":[{"name":"wp","href":"https:\/\/api.w.org\/{rel}","templated":true}]}}