{"id":331522,"date":"2025-08-20T12:05:09","date_gmt":"2025-08-20T12:05:09","guid":{"rendered":"https:\/\/www.europesays.com\/fr\/331522\/"},"modified":"2025-08-20T12:05:09","modified_gmt":"2025-08-20T12:05:09","slug":"lintrigante-flambee-des-cas-dhepatites-a-majoritairement-localises-dans-le-7e-arrondissement-de-lyon","status":"publish","type":"post","link":"https:\/\/www.europesays.com\/fr\/331522\/","title":{"rendered":"l&rsquo;intrigante flamb\u00e9e des cas d&rsquo;h\u00e9patites A \u00ab\u00a0majoritairement localis\u00e9s\u00a0\u00bb dans le 7e arrondissement de Lyon"},"content":{"rendered":"<p>Les autorit\u00e9s de sant\u00e9 \u00e9voquent, ce mardi 19 ao\u00fbt dans un communiqu\u00e9, \u00ab\u00a0une augmentation du nombre d\u2019infections aigu\u00ebs par le virus de l\u2019h\u00e9patite A\u00a0\u00bb dans le Rh\u00f4ne avec 73 cas recens\u00e9s. Des investigations sont en cours alors que les cas sont \u00ab\u00a0majoritairement localis\u00e9s\u00a0\u00bb \u00e0 Lyon, dans le 7e arrondissement.<\/p>\n<p>73 cas d\u00e9clar\u00e9s entre le 1er janvier et le 31 juillet 2025. Dans un communiqu\u00e9, la direction g\u00e9n\u00e9rale de la Sant\u00e9 (DGS) a \u00e9voqu\u00e9 ce mardi 19 ao\u00fbt \u00ab\u00a0une augmentation du nombre d\u2019infections aigu\u00ebs par le virus de l\u2019h\u00e9patite A (VHA)\u00a0\u00bb dans le d\u00e9partement du Rh\u00f4ne.<\/p>\n<p>\u00c0 la m\u00eame p\u00e9riode l&rsquo;an dernier et en 2023, seuls 16 cas avaient \u00e9t\u00e9 d\u00e9tect\u00e9s par les autorit\u00e9s sanitaires, \u00ab\u00a0soit une augmentation de 356%\u00a0\u00bb.<\/p>\n<blockquote class=\"embed embed_quote\"><p>\u00ab\u00a0L\u2019augmentation du nombre de cas dans le Rh\u00f4ne est encore plus \u00e9vidente depuis le d\u00e9but du mois de juillet 2025 avec 57 cas signal\u00e9s (34 cas en juillet et 23 cas entre le 1er et le 13 ao\u00fbt)\u00a0\u00bb, s&rsquo;alarme la direction g\u00e9n\u00e9rale de la Sant\u00e9.<\/p><\/blockquote>\n<p>La crainte d&rsquo;une amplification \u00ab\u00a0dans les prochaines semaines\u00a0\u00bb<\/p>\n<p>Dans le d\u00e9tail, la DGS s&rsquo;interroge aussi sur cette augmentation car les cas d\u00e9tect\u00e9s sont \u00ab\u00a0majoritairement\u00a0\u00bb localis\u00e9s dans la ville de Lyon et plus pr\u00e9cis\u00e9ment au niveau du 7e arrondissement. Les cas \u00ab\u00a0sont des adultes, en majorit\u00e9 \u00e2g\u00e9s de moins de 65 ans\u00a0\u00bb et aucun cas p\u00e9diatrique n&rsquo;a \u00e9t\u00e9 enregistr\u00e9 \u00ab\u00a0\u00e0 ce stade\u00a0\u00bb.<\/p>\n<p>\u00ab\u00a0\u00c0 ce stade, aucune hypoth\u00e8se permettant d\u2019expliquer la recrudescence n\u2019a \u00e9t\u00e9 identifi\u00e9e\u00a0\u00bb, poursuivent les autorit\u00e9s de sant\u00e9.<\/p>\n<p>Des investigations sont justement en cours afin de comprendre pourquoi l&rsquo;arrondissement lyonnais regroupe la majorit\u00e9 des cas. D&rsquo;autant que cette augmentation \u00ab\u00a0laisse \u00e0 penser que la circulation du virus y est actuellement tr\u00e8s active et pourrait s\u2019amplifier dans les prochaines semaines\u00a0\u00bb.<\/p>\n<blockquote class=\"embed embed_quote\"><p>\u00ab\u00a0Le virus \u00e9tant pr\u00e9sent dans les mati\u00e8res f\u00e9cales des personnes atteintes, la maladie se transmet par l\u2019interm\u00e9diaire des mains ou d\u2019aliments contamin\u00e9s\u00a0\u00bb, note la DGS.<\/p><\/blockquote>\n<p>Selon <a href=\"https:\/\/sante.gouv.fr\/soins-et-maladies\/maladies\/hepatites-virales\/article\/l-hepatite-a\" target=\"_blank\" class=\"external_link\" rel=\"nofollow noopener\">le minist\u00e8re de la Sant\u00e9<\/a>, l&rsquo;h\u00e9patite A \u00ab\u00a0se manifeste par une fi\u00e8vre, une fatigue importante accompagn\u00e9e de naus\u00e9es et des douleurs abdominales suivies d\u2019une jaunisse\u00a0\u00bb, et les \u00ab\u00a0d\u00e9c\u00e8s sont exceptionnels\u00a0\u00bb.<\/p>\n<p>Toute personne pr\u00e9sentant \u00ab\u00a0des sympt\u00f4mes compatibles\u00a0\u00bb est appel\u00e9e \u00e0 demander aupr\u00e8s des professionnels de sant\u00e9 \u00ab\u00a0un bilan h\u00e9patique ainsi qu\u2019une s\u00e9rologie\u00a0\u00bb. Cette maladie est \u00e0 <a href=\"https:\/\/www.formulaires.service-public.fr\/gf\/cerfa_12614_02.do\" target=\"_blank\" class=\"external_link\" rel=\"nofollow noopener\">signalement obligatoire<\/a> aupr\u00e8s de l&rsquo;ARS d&rsquo;Auvergne-Rh\u00f4ne-Alpes. Les autorit\u00e9s rappellent que la vaccination contre le VHA \u00ab\u00a0constitue une mesure de pr\u00e9vention efficace\u00a0\u00bb.<\/p>\n","protected":false},"excerpt":{"rendered":"Les autorit\u00e9s de sant\u00e9 \u00e9voquent, ce mardi 19 ao\u00fbt dans un communiqu\u00e9, \u00ab\u00a0une augmentation du nombre d\u2019infections aigu\u00ebs&hellip;\n","protected":false},"author":2,"featured_media":331523,"comment_status":"","ping_status":"","sticky":false,"template":"","format":"standard","meta":{"footnotes":""},"categories":[10],"tags":[1011,27,72,71],"class_list":{"0":"post-331522","1":"post","2":"type-post","3":"status-publish","4":"format-standard","5":"has-post-thumbnail","7":"category-sante","8":"tag-fr","9":"tag-france","10":"tag-health","11":"tag-sante"},"share_on_mastodon":{"url":"https:\/\/pubeurope.com\/@fr\/115061006368056607","error":""},"_links":{"self":[{"href":"https:\/\/www.europesays.com\/fr\/wp-json\/wp\/v2\/posts\/331522","targetHints":{"allow":["GET"]}}],"collection":[{"href":"https:\/\/www.europesays.com\/fr\/wp-json\/wp\/v2\/posts"}],"about":[{"href":"https:\/\/www.europesays.com\/fr\/wp-json\/wp\/v2\/types\/post"}],"author":[{"embeddable":true,"href":"https:\/\/www.europesays.com\/fr\/wp-json\/wp\/v2\/users\/2"}],"replies":[{"embeddable":true,"href":"https:\/\/www.europesays.com\/fr\/wp-json\/wp\/v2\/comments?post=331522"}],"version-history":[{"count":0,"href":"https:\/\/www.europesays.com\/fr\/wp-json\/wp\/v2\/posts\/331522\/revisions"}],"wp:featuredmedia":[{"embeddable":true,"href":"https:\/\/www.europesays.com\/fr\/wp-json\/wp\/v2\/media\/331523"}],"wp:attachment":[{"href":"https:\/\/www.europesays.com\/fr\/wp-json\/wp\/v2\/media?parent=331522"}],"wp:term":[{"taxonomy":"category","embeddable":true,"href":"https:\/\/www.europesays.com\/fr\/wp-json\/wp\/v2\/categories?post=331522"},{"taxonomy":"post_tag","embeddable":true,"href":"https:\/\/www.europesays.com\/fr\/wp-json\/wp\/v2\/tags?post=331522"}],"curies":[{"name":"wp","href":"https:\/\/api.w.org\/{rel}","templated":true}]}}