{"id":331524,"date":"2025-08-20T12:06:10","date_gmt":"2025-08-20T12:06:10","guid":{"rendered":"https:\/\/www.europesays.com\/fr\/331524\/"},"modified":"2025-08-20T12:06:10","modified_gmt":"2025-08-20T12:06:10","slug":"mercato-psg-loffre-ridicule-quenvisage-manchester-city-pour-donnarumma","status":"publish","type":"post","link":"https:\/\/www.europesays.com\/fr\/331524\/","title":{"rendered":"Mercato PSG, l\u2019offre ridicule qu\u2019envisage Manchester City pour Donnarumma"},"content":{"rendered":"<p>\u00c0 Paris, l\u2019avenir de Gianluigi Donnarumma semble de plus en plus incertain. <a href=\"https:\/\/www.goal.com\/fr\/listes\/donnarumma-dit-adieu-au-psg-dans-un-message-poignant\/bltf234140d42bc1761\" target=\"_self\" rel=\"noopener\">L\u2019arriv\u00e9e de Lucas Chevalier a boulevers\u00e9 la hi\u00e9rarchie des gardiens et pouss\u00e9 l\u2019Italien \u00e0 envisager un d\u00e9part d\u00e8s cet \u00e9t\u00e9<\/a>. Probl\u00e8me : son contrat court jusqu\u2019en 2026 et ses exigences salariales restent tr\u00e8s \u00e9lev\u00e9es. Une \u00e9quation complexe pour le PSG, qui cherche \u00e0 all\u00e9ger sa masse salariale, et une aubaine pour Manchester City, persuad\u00e9 de pouvoir obtenir une ristourne sur le transfert.<\/p>\n<p>Recommended external contentVideoWe need your consent to show you content our Editorial team embedded from Video. You can toggle this (and all other embeds from Video across goal.com) on with one click only and deactivate as well.Always display Video contentI confirm that I would like to see external content. Personal identifiable data could be transferred to Third parties. <a href=\"https:\/\/www.goal.com\/fr\/l%C3%A9gal\/politique-priv%C3%A9e\" target=\"_blank\" rel=\"noreferrer noopener\">Read more about it in our privacy policy<\/a>.<\/p>\n","protected":false},"excerpt":{"rendered":"\u00c0 Paris, l\u2019avenir de Gianluigi Donnarumma semble de plus en plus incertain. L\u2019arriv\u00e9e de Lucas Chevalier a boulevers\u00e9&hellip;\n","protected":false},"author":2,"featured_media":331525,"comment_status":"","ping_status":"","sticky":false,"template":"","format":"standard","meta":{"footnotes":""},"categories":[9],"tags":[45483,1011,27,30055,66,16663,1434,91,70,60,28401],"class_list":{"0":"post-331524","1":"post","2":"type-post","3":"status-publish","4":"format-standard","5":"has-post-thumbnail","7":"category-sports","8":"tag-ederson","9":"tag-fr","10":"tag-france","11":"tag-g-donnarumma","12":"tag-ligue-1","13":"tag-manchester-city","14":"tag-mercato","15":"tag-paris-saint-germain","16":"tag-premier-league","17":"tag-sports","18":"tag-transfers"},"share_on_mastodon":{"url":"https:\/\/pubeurope.com\/@fr\/115061010615102652","error":""},"_links":{"self":[{"href":"https:\/\/www.europesays.com\/fr\/wp-json\/wp\/v2\/posts\/331524","targetHints":{"allow":["GET"]}}],"collection":[{"href":"https:\/\/www.europesays.com\/fr\/wp-json\/wp\/v2\/posts"}],"about":[{"href":"https:\/\/www.europesays.com\/fr\/wp-json\/wp\/v2\/types\/post"}],"author":[{"embeddable":true,"href":"https:\/\/www.europesays.com\/fr\/wp-json\/wp\/v2\/users\/2"}],"replies":[{"embeddable":true,"href":"https:\/\/www.europesays.com\/fr\/wp-json\/wp\/v2\/comments?post=331524"}],"version-history":[{"count":0,"href":"https:\/\/www.europesays.com\/fr\/wp-json\/wp\/v2\/posts\/331524\/revisions"}],"wp:featuredmedia":[{"embeddable":true,"href":"https:\/\/www.europesays.com\/fr\/wp-json\/wp\/v2\/media\/331525"}],"wp:attachment":[{"href":"https:\/\/www.europesays.com\/fr\/wp-json\/wp\/v2\/media?parent=331524"}],"wp:term":[{"taxonomy":"category","embeddable":true,"href":"https:\/\/www.europesays.com\/fr\/wp-json\/wp\/v2\/categories?post=331524"},{"taxonomy":"post_tag","embeddable":true,"href":"https:\/\/www.europesays.com\/fr\/wp-json\/wp\/v2\/tags?post=331524"}],"curies":[{"name":"wp","href":"https:\/\/api.w.org\/{rel}","templated":true}]}}