{"id":331526,"date":"2025-08-20T12:07:11","date_gmt":"2025-08-20T12:07:11","guid":{"rendered":"https:\/\/www.europesays.com\/fr\/331526\/"},"modified":"2025-08-20T12:07:11","modified_gmt":"2025-08-20T12:07:11","slug":"larcom-epingle-quotidien-apres-la-diffusion-sans-autorisation-dun-enfant-mineur-et-des-propos-moqueurs","status":"publish","type":"post","link":"https:\/\/www.europesays.com\/fr\/331526\/","title":{"rendered":"L\u2019Arcom \u00e9pingle \u00ab\u00a0Quotidien\u00a0\u00bb apr\u00e8s la diffusion sans autorisation \u00ab\u00a0d\u2019un enfant mineur\u00a0\u00bb et des \u00ab\u00a0propos moqueurs\u00a0\u00bb"},"content":{"rendered":"<p>Mieux vaut tard que jamais\u00a0: l\u2019<a href=\"https:\/\/www.20minutes.fr\/dossier\/csa\" class=\"c-link c-link--is-underlined\" target=\"_blank\" rel=\"noopener\">Arcom <\/a>a publi\u00e9, jeudi 14\u00a0ao\u00fbt 2025, <a href=\"https:\/\/www.arcom.fr\/se-documenter\/espace-juridique\/decisions\/emission-quotidien-diffusee-le-13-septembre-2024-intervention-aupres-de-tmc\" rel=\"nofollow noopener\" target=\"_blank\" class=\"c-link c-link--is-underlined\">un communiqu\u00e9<\/a> dans lequel elle indique avoir \u00e9t\u00e9 saisie \u00e0 propos d\u2019une chronique contrevenant \u00e0 la loi et diffus\u00e9e dans <a href=\"https:\/\/www.20minutes.fr\/television\/quotidien\/\" class=\"c-link c-link--is-underlined\" target=\"_blank\" rel=\"noopener\">Quotidien <\/a>(<a href=\"https:\/\/www.20minutes.fr\/television\/tmc\/\" class=\"c-link c-link--is-underlined\" target=\"_blank\" rel=\"noopener\">TMC<\/a>) le\u2026 13\u00a0septembre 2024, <a href=\"https:\/\/www.ozap.com\/actu\/l-arcom-epingle-quotidien-de-yann-barthes-sur-tmc-apres-la-diffusion-sans-autorisation-d-un-enfant-mineur-et-de-propos-moqueurs\/651235\" rel=\"nofollow noopener\" target=\"_blank\" class=\"c-link c-link--is-underlined\">rapporte PureM\u00e9dias<\/a>.<\/p>\n<\/p>\n<p>Elle y reproche \u00e0 l\u2019\u00e9mission pr\u00e9sent\u00e9e par <a href=\"https:\/\/www.20minutes.fr\/dossier\/yann_barthes\" class=\"c-link c-link--is-underlined\" target=\"_blank\" rel=\"noopener\">Yann Barth\u00e8s<\/a> la diffusion \u00ab\u00a0sans autorisation\u00a0\u00bb de \u00ab\u00a0l\u2019image d\u2019un enfant mineur, non prot\u00e9g\u00e9e et accompagn\u00e9e de propos moqueurs\u00a0\u00bb. Pour autant, le r\u00e9gulateur de l\u2019audiovisuel ne pr\u00e9cise pas de quel extrait il s\u2019agit pr\u00e9cis\u00e9ment\u2026<\/p>\n<p>Respect de la vie priv\u00e9e<\/p>\n<p>Si la s\u00e9quence incrimin\u00e9e a rapidement \u00e9t\u00e9 retir\u00e9e et que des excuses ont \u00e9t\u00e9 formul\u00e9es par la cha\u00eene, l\u2019Arcom \u00ab\u00a0a n\u00e9anmoins consid\u00e9r\u00e9 que la s\u00e9quence m\u00e9connaissait les stipulations de l\u2019article\u00a02-3-4 de sa convention\u00a0\u00bb qui impose aux cha\u00eenes le respect la <a href=\"https:\/\/www.20minutes.fr\/dossier\/vie_privee\" class=\"c-link c-link--is-underlined\" target=\"_blank\" rel=\"noopener\">vie priv\u00e9e<\/a>.<\/p>\n<p>Elle a donc \u00ab\u00a0demand\u00e9 \u00e0 l\u2019\u00e9diteur du service de faire preuve de la plus grande vigilance, \u00e0 l\u2019avenir\u00a0\u00bb, dans la \u00ab\u00a0captation de l\u2019image de <a href=\"https:\/\/www.20minutes.fr\/dossier\/enfant\" class=\"c-link c-link--is-underlined\" target=\"_blank\" rel=\"noopener\">personnes mineures<\/a> dans un contexte pouvant contribuer \u00e0 engendrer du <a href=\"https:\/\/www.20minutes.fr\/dossier\/harcelement_scolaire\" class=\"c-link c-link--is-underlined\" target=\"_blank\" rel=\"noopener\">harc\u00e8lement scolaire<\/a>\u00a0\u00bb.<\/p>\n<p><a href=\"https:\/\/www.20minutes.fr\/television\/quotidien\/\" class=\"c-link c-btn c-btn--primary\" target=\"_blank\" rel=\"noopener\">Notre dossier \u00ab Quotidien \u00bb<\/a><\/p>\n<p>PureM\u00e9dias note que ce genre de rappel \u00e0 l\u2019ordre demeure rare pour Quotidien. Yann Barth\u00e8s s\u2019enorgueillissait d\u2019ailleurs, lors de son audition devant la commission d\u2019enqu\u00eate parlementaire sur les <a href=\"https:\/\/www.20minutes.fr\/dossier\/tnt\" class=\"c-link c-link--is-underlined\" target=\"_blank\" rel=\"noopener\">fr\u00e9quences de la TNT<\/a>, en mars\u00a02025, de n\u2019avoir connu \u00ab\u00a0aucun d\u00e9rapage, aucune mise en garde, aucune proc\u00e9dure de sanction\u00a0\u00bb.<\/p>\n","protected":false},"excerpt":{"rendered":"Mieux vaut tard que jamais\u00a0: l\u2019Arcom a publi\u00e9, jeudi 14\u00a0ao\u00fbt 2025, un communiqu\u00e9 dans lequel elle indique avoir&hellip;\n","protected":false},"author":2,"featured_media":331527,"comment_status":"","ping_status":"","sticky":false,"template":"","format":"standard","meta":{"footnotes":""},"categories":[8],"tags":[46891,58,4739,847,59,1011,27,17930,13478,1404,10378,252,8648,3171,133,1405],"class_list":{"0":"post-331526","1":"post","2":"type-post","3":"status-publish","4":"format-standard","5":"has-post-thumbnail","7":"category-divertissement","8":"tag-arcom-ex-csa","9":"tag-divertissement","10":"tag-emission-de-television","11":"tag-enfant","12":"tag-entertainment","13":"tag-fr","14":"tag-france","15":"tag-harcelement-scolaire","16":"tag-image","17":"tag-quotidien","18":"tag-sanction","19":"tag-television","20":"tag-tmc","21":"tag-tnt","22":"tag-video","23":"tag-yann-barthes"},"share_on_mastodon":{"url":"https:\/\/pubeurope.com\/@fr\/115061014119239291","error":""},"_links":{"self":[{"href":"https:\/\/www.europesays.com\/fr\/wp-json\/wp\/v2\/posts\/331526","targetHints":{"allow":["GET"]}}],"collection":[{"href":"https:\/\/www.europesays.com\/fr\/wp-json\/wp\/v2\/posts"}],"about":[{"href":"https:\/\/www.europesays.com\/fr\/wp-json\/wp\/v2\/types\/post"}],"author":[{"embeddable":true,"href":"https:\/\/www.europesays.com\/fr\/wp-json\/wp\/v2\/users\/2"}],"replies":[{"embeddable":true,"href":"https:\/\/www.europesays.com\/fr\/wp-json\/wp\/v2\/comments?post=331526"}],"version-history":[{"count":0,"href":"https:\/\/www.europesays.com\/fr\/wp-json\/wp\/v2\/posts\/331526\/revisions"}],"wp:featuredmedia":[{"embeddable":true,"href":"https:\/\/www.europesays.com\/fr\/wp-json\/wp\/v2\/media\/331527"}],"wp:attachment":[{"href":"https:\/\/www.europesays.com\/fr\/wp-json\/wp\/v2\/media?parent=331526"}],"wp:term":[{"taxonomy":"category","embeddable":true,"href":"https:\/\/www.europesays.com\/fr\/wp-json\/wp\/v2\/categories?post=331526"},{"taxonomy":"post_tag","embeddable":true,"href":"https:\/\/www.europesays.com\/fr\/wp-json\/wp\/v2\/tags?post=331526"}],"curies":[{"name":"wp","href":"https:\/\/api.w.org\/{rel}","templated":true}]}}