{"id":331532,"date":"2025-08-20T12:10:11","date_gmt":"2025-08-20T12:10:11","guid":{"rendered":"https:\/\/www.europesays.com\/fr\/331532\/"},"modified":"2025-08-20T12:10:11","modified_gmt":"2025-08-20T12:10:11","slug":"feu-vert-pour-la-prise-de-la-ville-israel-ordonne-le-rappel-de-60-000-reservistes","status":"publish","type":"post","link":"https:\/\/www.europesays.com\/fr\/331532\/","title":{"rendered":"Feu vert pour la prise de la ville, Isra\u00ebl ordonne le rappel de 60.000 r\u00e9servistes"},"content":{"rendered":"<p>Le plan se met en marche. Mercredi, le ministre isra\u00e9lien de la D\u00e9fense, Isra\u00ebl Katz, a ordonn\u00e9 le rappel de <a href=\"https:\/\/www.20minutes.fr\/monde\/israel\/4134199-20250117-cessez-feu-gaza-israel-abandonne-siens-encore-moins-civils-assure-soldat-reserviste\" class=\"c-link c-link--is-underlined\" rel=\"nofollow noopener\" target=\"_blank\">60.000 r\u00e9servistes<\/a>. La veille, il avait donn\u00e9 son feu vert \u00e0 la prise de la ville <a href=\"https:\/\/www.20minutes.fr\/monde\/gaza\/\" class=\"c-link c-link--is-underlined\" rel=\"nofollow noopener\" target=\"_blank\">de Gaza<\/a>, chef-lieu et plus grande cit\u00e9 de l\u2019enclave palestinienne, suivant <a href=\"https:\/\/www.20minutes.fr\/monde\/israel\/4167392-20250810-israel-faut-retenir-annonces-netanyahou-plan-israelien-gaza\" class=\"c-link c-link--is-underlined\" rel=\"nofollow noopener\" target=\"_blank\">le plan approuv\u00e9 d\u00e9but ao\u00fbt<\/a> par le cabinet de s\u00e9curit\u00e9 pr\u00e9sid\u00e9 par le Premier ministre, <a href=\"https:\/\/www.20minutes.fr\/dossier\/benyamin_netanyahou\" class=\"c-link c-link--is-underlined\" rel=\"nofollow noopener\" target=\"_blank\">Benyamin Netanyahou.<\/a><\/p>\n<\/p>\n<p>Ce dernier pr\u00e9voit de s\u2019emparer de Gaza-ville et de camps de r\u00e9fugi\u00e9s voisins, de prendre le contr\u00f4le s\u00e9curitaire de l\u2019ensemble du territoire palestinien, lib\u00e9rer les otages et d\u00e9sarmer <a href=\"https:\/\/www.20minutes.fr\/monde\/hamas\/\" class=\"c-link c-link--is-underlined\" rel=\"nofollow noopener\" target=\"_blank\">le Hamas<\/a>.<\/p>\n<p>Depuis plus d\u2019une semaine, les frappes et les op\u00e9rations au sol se sont intensifi\u00e9es dans la zone, consid\u00e9r\u00e9e comme les derniers bastions du mouvement islamiste palestinien. \u00ab\u00a0La division 99 est sur le point d\u2019achever la conqu\u00eate du quartier de Zeitoun\u00a0\u00bb, \u00e0 Gaza-ville, la \u00ab\u00a0prochaine cible\u00a0\u00bb \u00e9tant celui voisin de Sabra, indique site isra\u00e9lien Walla. En plus de 22 mois de guerre, l\u2019arm\u00e9e isra\u00e9lienne s\u2019est empar\u00e9e d\u2019environ 75\u00a0% du territoire palestinien.<\/p>\n<p>Proposition de tr\u00eave<\/p>\n<p>Cette d\u00e9cision d\u2019Isra\u00ebl Katz intervient deux jours apr\u00e8s que le Hamas a annonc\u00e9 avoir <a href=\"https:\/\/www.20minutes.fr\/monde\/israel\/4168467-20250819-gaza-hamas-accepte-nouvelle-proposition-cessez-feu-gaza-israel\" class=\"c-link c-link--is-underlined\" rel=\"nofollow noopener\" target=\"_blank\">accept\u00e9 une nouvelle proposition des m\u00e9diateurs,<\/a> Egypte, Qatar et Etats-Unis, pour une tr\u00eave de 60 jours assortie de la lib\u00e9ration des otages en deux \u00e9tapes.<\/p>\n<p>Isra\u00ebl n\u2019a pas r\u00e9agi formellement jusque-l\u00e0, mais une source gouvernementale a affirm\u00e9 que le gouvernement Netanyahou n\u2019avait \u00ab\u00a0pas chang\u00e9\u00a0\u00bb de politique et continuait <a href=\"https:\/\/www.20minutes.fr\/monde\/4168230-20250817-guerre-gaza-milliers-israeliens-rue-appeler-liberation-otages\" class=\"c-link c-link--is-underlined\" rel=\"nofollow noopener\" target=\"_blank\">\u00ab\u00a0d\u2019exiger la lib\u00e9ration\u00a0\u00bb de tous les otages <\/a>\u00ab\u00a0conform\u00e9ment aux principes fix\u00e9s par le cabinet pour mettre fin \u00e0 la guerre\u00a0\u00bb. \u00ab\u00a0Nous sommes dans la phase d\u00e9cisive finale contre le Hamas et nous ne laisserons aucun otage derri\u00e8re nous\u00a0\u00bb, a-t-elle ajout\u00e9.<\/p>\n<p><a href=\"https:\/\/www.20minutes.fr\/monde\/gaza\/\" class=\"c-link c-btn c-btn--primary\" rel=\"nofollow noopener\" target=\"_blank\">Retrouvez ici tous nos articles sur la guerre \u00e0 Gaza<\/a><\/p>\n<p>Saluant la r\u00e9ponse \u00ab\u00a0tr\u00e8s positive\u00a0\u00bb du Hamas,<a href=\"https:\/\/www.20minutes.fr\/monde\/israel\/4162183-20250706-gaza-nouveau-cycle-negociations-debutera-dimanche-qatar\" class=\"c-link c-link--is-underlined\" rel=\"nofollow noopener\" target=\"_blank\"> le Qatar<\/a> avait soulign\u00e9 plus t\u00f4t que la proposition reprenait \u00ab\u00a0presque int\u00e9gralement\u00a0\u00bb un plan am\u00e9ricain accept\u00e9 pr\u00e9c\u00e9demment par Isra\u00ebl. Le texte se base sur un pr\u00e9c\u00e9dent plan de <a href=\"https:\/\/www.20minutes.fr\/monde\/etats-unis\/4166898-20250806-guerre-ukraine-steve-witkoff-milliardaire-devenu-envoye-special-donald-trump\" class=\"c-link c-link--is-underlined\" rel=\"nofollow noopener\" target=\"_blank\">l\u2019\u00e9missaire am\u00e9ricain Steve Witkoff\u00a0<\/a>: la lib\u00e9ration de dix otages vivants et des d\u00e9pouilles de 18 otages d\u00e9c\u00e9d\u00e9s en \u00e9change d\u2019une tr\u00eave de 60 jours, et de n\u00e9gociations pour mettre fin \u00e0 la guerre, selon la radio publique isra\u00e9lienne Kan.<\/p>\n<p>Deux pr\u00e9c\u00e9dentes tr\u00eaves en novembre\u00a02023 et d\u00e9but\u00a02025 avaient permis le retour d\u2019otages vivants et morts en \u00e9change de la lib\u00e9ration de prisonniers palestiniens.<\/p>\n","protected":false},"excerpt":{"rendered":"Le plan se met en marche. Mercredi, le ministre isra\u00e9lien de la D\u00e9fense, Isra\u00ebl Katz, a ordonn\u00e9 le&hellip;\n","protected":false},"author":2,"featured_media":331533,"comment_status":"","ping_status":"","sticky":false,"template":"","format":"standard","meta":{"footnotes":""},"categories":[5],"tags":[47,11,34748,952,3259,1011,27,665,3519,14,664,74,12,3518,28],"class_list":{"0":"post-331532","1":"post","2":"type-post","3":"status-publish","4":"format-standard","5":"has-post-thumbnail","7":"category-international","8":"tag-actualite","9":"tag-actualites","10":"tag-armee-israelienne","11":"tag-benyamin-netanyahou","12":"tag-conflit-israelo-palestinien","13":"tag-fr","14":"tag-france","15":"tag-gaza","16":"tag-hamas","17":"tag-international","18":"tag-israel","19":"tag-monde","20":"tag-news","21":"tag-palestine","22":"tag-world"},"share_on_mastodon":{"url":"https:\/\/pubeurope.com\/@fr\/115061025941620026","error":""},"_links":{"self":[{"href":"https:\/\/www.europesays.com\/fr\/wp-json\/wp\/v2\/posts\/331532","targetHints":{"allow":["GET"]}}],"collection":[{"href":"https:\/\/www.europesays.com\/fr\/wp-json\/wp\/v2\/posts"}],"about":[{"href":"https:\/\/www.europesays.com\/fr\/wp-json\/wp\/v2\/types\/post"}],"author":[{"embeddable":true,"href":"https:\/\/www.europesays.com\/fr\/wp-json\/wp\/v2\/users\/2"}],"replies":[{"embeddable":true,"href":"https:\/\/www.europesays.com\/fr\/wp-json\/wp\/v2\/comments?post=331532"}],"version-history":[{"count":0,"href":"https:\/\/www.europesays.com\/fr\/wp-json\/wp\/v2\/posts\/331532\/revisions"}],"wp:featuredmedia":[{"embeddable":true,"href":"https:\/\/www.europesays.com\/fr\/wp-json\/wp\/v2\/media\/331533"}],"wp:attachment":[{"href":"https:\/\/www.europesays.com\/fr\/wp-json\/wp\/v2\/media?parent=331532"}],"wp:term":[{"taxonomy":"category","embeddable":true,"href":"https:\/\/www.europesays.com\/fr\/wp-json\/wp\/v2\/categories?post=331532"},{"taxonomy":"post_tag","embeddable":true,"href":"https:\/\/www.europesays.com\/fr\/wp-json\/wp\/v2\/tags?post=331532"}],"curies":[{"name":"wp","href":"https:\/\/api.w.org\/{rel}","templated":true}]}}