{"id":331534,"date":"2025-08-20T12:11:09","date_gmt":"2025-08-20T12:11:09","guid":{"rendered":"https:\/\/www.europesays.com\/fr\/331534\/"},"modified":"2025-08-20T12:11:09","modified_gmt":"2025-08-20T12:11:09","slug":"un-homme-en-garde-a-vue-pour-meurtres","status":"publish","type":"post","link":"https:\/\/www.europesays.com\/fr\/331534\/","title":{"rendered":"un homme en garde \u00e0 vue pour \u00abmeurtres\u00bb"},"content":{"rendered":"<p>Un homme a \u00e9t\u00e9 plac\u00e9 ce matin en garde \u00e0 vue pour \u00abmeurtres en concours\u00bb dans les locaux de la brigade criminelle de la police judiciaire de Paris, selon le Parquet de Cr\u00e9teil.<\/p>\n<p class=\"fig-paragraph\">Un homme a \u00e9t\u00e9 plac\u00e9 en garde \u00e0 vue mercredi matin pour \u00abmeurtres\u00bb apr\u00e8s la d\u00e9couverte de quatre corps dans la Seine le 13 ao\u00fbt dans la ville de Choisy-le-Roi (Val-de-Marne), a indiqu\u00e9 le parquet de Cr\u00e9teil.<\/p>\n<p class=\"fig-paragraph\">\u00abUn homme a \u00e9t\u00e9 plac\u00e9 ce matin en garde \u00e0 vue pour meurtres\u00bb dans les locaux de la brigade criminelle de la police judiciaire de Paris, a indiqu\u00e9 cette source, confirmant une information de nos confr\u00e8res du<a href=\"https:\/\/www.leparisien.fr\/val-de-marne-94\/cadavres-dans-la-seine-a-choisy-le-roi-un-homme-en-garde-a-vue-20-08-2025-OWVHI5ICDNCR5KHNG6DR5OOB6I.php\" target=\"_blank\" rel=\"sponsored noopener\" data-gtm-custom-categorie=\"navigation\" data-gtm-custom-action=\"crossclick\" data-gtm-custom-label=\"Contextuel\" data-gtm-event=\"customEventSPE\">\u00a0Parisien<\/a>.<\/p>\n<p>                                    <a class=\"fig-a11y-skip a11y-hidden\" href=\"#fig-a11y-skip-main-inarticle\"><br \/>\n        Passer la publicit\u00e9<br \/>\n    <\/a><\/p>\n<p class=\"fig-paragraph\">Le parquet avait ouvert pr\u00e9c\u00e9demment deux enqu\u00eates pour homicide volontaire apr\u00e8s la d\u00e9couverte de traces de violences sur deux des corps.<\/p>\n<p class=\"fig-paragraph\">Mercredi, un corps flottant dans la Seine avait \u00e9t\u00e9 rep\u00e9r\u00e9 par un passant pr\u00e8s du pont de Choisy, qui relie cette ville de banlieue \u00e0 Cr\u00e9teil. En inspectant la zone, les sapeurs-pompiers et les forces de l\u2019ordre avaient d\u00e9couvert trois autres corps immerg\u00e9s.<\/p>\n<p class=\"fig-paragraph\">Un premier corps, rest\u00e9 immerg\u00e9 moins longtemps, avait pu \u00eatre identifi\u00e9. Il s\u2019agit d\u2019\u00abun homme, \u00e2g\u00e9 d\u2019une quarantaine d\u2019ann\u00e9es et domicili\u00e9 dans le Val-de-Marne\u00bb.<\/p>\n<p class=\"fig-paragraph\">D\u00e8s jeudi dernier \u00abdes l\u00e9sions de violences ont conduit \u00e0 retenir l\u2019hypoth\u00e8se d\u2019un d\u00e9c\u00e8s d\u2019origine criminelle\u00bb et une enqu\u00eate pour homicide volontaire avait \u00e9t\u00e9 confi\u00e9e \u00e0 la brigade criminelle de la police judiciaire parisienne.<\/p>\n<p class=\"fig-paragraph\">Quant aux trois autres cadavres, y compris celui pour lequel la deuxi\u00e8me enqu\u00eate a \u00e9t\u00e9 ouverte, \u00abeu \u00e9gard \u00e0 l\u2019\u00e9tat tr\u00e8s d\u00e9grad\u00e9 des corps retrouv\u00e9s, du fait de leur immersion dans l\u2019eau, il \u00e9tait seulement possible de d\u00e9terminer que les d\u00e9funts \u00e9taient trois hommes, adultes, sans plus de pr\u00e9cision\u00bb.<\/p>\n<p>                                    <a class=\"fig-a11y-skip a11y-hidden\" href=\"#fig-a11y-skip-main-inarticle_mtf\"><br \/>\n        Passer la publicit\u00e9<br \/>\n    <\/a><\/p>\n<p class=\"fig-paragraph\">\u00abDe nombreux examens techniques (notamment m\u00e9dico-l\u00e9gaux) et investigations sont en cours afin notamment d\u2019\u00e9tablir l\u2019identit\u00e9 des trois d\u00e9funts non identifi\u00e9s, mais aussi les circonstances et la date de d\u00e9c\u00e8s de l\u2019ensemble des corps retrouv\u00e9s\u00bb, avait ajout\u00e9 le minist\u00e8re public en fin de semaine.<\/p>\n","protected":false},"excerpt":{"rendered":"Un homme a \u00e9t\u00e9 plac\u00e9 ce matin en garde \u00e0 vue pour \u00abmeurtres en concours\u00bb dans les locaux&hellip;\n","protected":false},"author":2,"featured_media":331535,"comment_status":"","ping_status":"","sticky":false,"template":"","format":"standard","meta":{"footnotes":""},"categories":[4],"tags":[11,1011,27,5353,12,25],"class_list":{"0":"post-331534","1":"post","2":"type-post","3":"status-publish","4":"format-standard","5":"has-post-thumbnail","7":"category-france","8":"tag-actualites","9":"tag-fr","10":"tag-france","11":"tag-la-seine","12":"tag-news","13":"tag-republique-francaise"},"share_on_mastodon":{"url":"https:\/\/pubeurope.com\/@fr\/115061029869194737","error":""},"_links":{"self":[{"href":"https:\/\/www.europesays.com\/fr\/wp-json\/wp\/v2\/posts\/331534","targetHints":{"allow":["GET"]}}],"collection":[{"href":"https:\/\/www.europesays.com\/fr\/wp-json\/wp\/v2\/posts"}],"about":[{"href":"https:\/\/www.europesays.com\/fr\/wp-json\/wp\/v2\/types\/post"}],"author":[{"embeddable":true,"href":"https:\/\/www.europesays.com\/fr\/wp-json\/wp\/v2\/users\/2"}],"replies":[{"embeddable":true,"href":"https:\/\/www.europesays.com\/fr\/wp-json\/wp\/v2\/comments?post=331534"}],"version-history":[{"count":0,"href":"https:\/\/www.europesays.com\/fr\/wp-json\/wp\/v2\/posts\/331534\/revisions"}],"wp:featuredmedia":[{"embeddable":true,"href":"https:\/\/www.europesays.com\/fr\/wp-json\/wp\/v2\/media\/331535"}],"wp:attachment":[{"href":"https:\/\/www.europesays.com\/fr\/wp-json\/wp\/v2\/media?parent=331534"}],"wp:term":[{"taxonomy":"category","embeddable":true,"href":"https:\/\/www.europesays.com\/fr\/wp-json\/wp\/v2\/categories?post=331534"},{"taxonomy":"post_tag","embeddable":true,"href":"https:\/\/www.europesays.com\/fr\/wp-json\/wp\/v2\/tags?post=331534"}],"curies":[{"name":"wp","href":"https:\/\/api.w.org\/{rel}","templated":true}]}}