{"id":331538,"date":"2025-08-20T12:13:12","date_gmt":"2025-08-20T12:13:12","guid":{"rendered":"https:\/\/www.europesays.com\/fr\/331538\/"},"modified":"2025-08-20T12:13:12","modified_gmt":"2025-08-20T12:13:12","slug":"saint-etienne-adidas-et-free-ferment-en-centre-ville-lhecatombe-commerciale-continue","status":"publish","type":"post","link":"https:\/\/www.europesays.com\/fr\/331538\/","title":{"rendered":"Saint-\u00c9tienne. Adidas et Free ferment en centre-ville\u00a0: l\u2019h\u00e9catombe commerciale continue"},"content":{"rendered":"<p>\u00c9t\u00e9 noir pour le commerce du centre-ville de Saint-\u00c9tienne. Depuis fin juin-d\u00e9but juillet, on avait d\u00e9j\u00e0 recens\u00e9 les fermetures successives de Gant rue Michelet, Nashville Hot Chicken place Jean-Jaur\u00e8s, Richard Traiteur rue du Grand-Moulin, Moonbo place de l\u2019H\u00f4tel-de-Ville, My Lovers by Jeffy Pop rue Alsace-Lorraine ou encore la boulangerie de Saint-Jacques rue Pointe-Cadet. Une v\u00e9ritable h\u00e9catombe.<\/p>\n<p>Et voici que deux nouvelles enseignes viennent de s\u2019ajouter \u00e0 la (triste) liste. Au 3 place du Peuple, c\u2019est l\u2019op\u00e9rateur Free qui a baiss\u00e9 le rideau le 8\u00a0ao\u00fbt. Sur la devanture, l\u2019enseigne invite ses clients \u00e0 se rendre d\u00e9sormais dans ses boutiques de Centre-Deux ou de Villars.<\/p>\n<p>  La marque allemande avait d\u00e9m\u00e9nag\u00e9 en 2019<\/p>\n<p>Non loin de l\u00e0, dans ce qui reste pourtant (mais pour combien de temps encore\u00a0?) une des art\u00e8res commer\u00e7antes les plus dynamiques de la ville, \u00e0 savoir la rue Alsace-Lorraine, Adidas s\u2019appr\u00eate lui aussi \u00e0 faire ses valises. Une grande op\u00e9ration de liquidation a d\u00e9but\u00e9 ce mercredi 20\u00a0ao\u00fbt et se poursuivra jusqu\u2019\u00e0 la fermeture, pr\u00e9vue le lundi 20\u00a0octobre.<\/p>\n<p>  Adidas va-t-il d\u00e9m\u00e9nager \u00e0 Steel\u00a0?<\/p>\n<p>C\u2019est donc encore une enseigne nationale qui quitte le centre-ville st\u00e9phanois, apr\u00e8s la Fnac, H\u00a0&amp;\u00a0M ou encore Zara. Et en attendant le Sephora de la place Dorian, comme cela se murmure depuis de nombreux mois\u00a0?<\/p>\n<p>La rumeur de la fermeture d\u2019Adidas courait, elle aussi, depuis un certain temps. Comme souvent malheureusement, ce n\u2019en \u00e9tait donc pas une. L\u2019enseigne va-t-elle, comme H &amp; M et Zara, rejoindre le centre commercial Steel au Pont-de-l\u2019\u00c2ne\u00a0? Il y a quelques mois, un responsable du magasin nous avait indiqu\u00e9 que c\u2019\u00e9tait une option \u00e0 l\u2019\u00e9tude.<\/p>\n<p>  Le local repris par une boutique de pr\u00eat-\u00e0-porter<\/p>\n<p>Petit motif de consolation\u00a0: d\u2019apr\u00e8s nos informations, le local d\u2019Adidas devrait \u00eatre repris dans la foul\u00e9e par <a href=\"https:\/\/www.leprogres.fr\/economie\/2025\/06\/20\/pourquoi-cette-boutique-a-quitte-steel-pour-s-installer-en-centre-ville\" target=\"_blank\" rel=\"nofollow noopener\">la boutique de pr\u00eat-\u00e0-porter f\u00e9minin Noir de monde<\/a>, qui s\u2019est install\u00e9e dans un local temporaire rue Michelet en juin dernier.<\/p>\n<p>Il n\u2019emp\u00eache que le centre-ville s\u2019appr\u00eate encore \u00e0 perdre une de ses locomotives commerciales. L\u2019h\u00e9morragie semble sans fin.<\/p>\n","protected":false},"excerpt":{"rendered":"\u00c9t\u00e9 noir pour le commerce du centre-ville de Saint-\u00c9tienne. Depuis fin juin-d\u00e9but juillet, on avait d\u00e9j\u00e0 recens\u00e9 les&hellip;\n","protected":false},"author":2,"featured_media":331539,"comment_status":"","ping_status":"","sticky":false,"template":"","format":"standard","meta":{"footnotes":""},"categories":[9653],"tags":[1111,11,2430,4406,33,7539,1777,674,1011,27,3367,12,25,4001,7538],"class_list":{"0":"post-331538","1":"post","2":"type-post","3":"status-publish","4":"format-standard","5":"has-post-thumbnail","7":"category-saint-etienne","8":"tag-actu","9":"tag-actualites","10":"tag-auvergne-rhone-alpes","11":"tag-commerce-et-services","12":"tag-economie","13":"tag-edition-loire-sud","14":"tag-eu","15":"tag-europe","16":"tag-fr","17":"tag-france","18":"tag-loire","19":"tag-news","20":"tag-republique-francaise","21":"tag-saint-etienne","22":"tag-saint-etienne-ville"},"share_on_mastodon":{"url":"https:\/\/pubeurope.com\/@fr\/115061037762503608","error":""},"_links":{"self":[{"href":"https:\/\/www.europesays.com\/fr\/wp-json\/wp\/v2\/posts\/331538","targetHints":{"allow":["GET"]}}],"collection":[{"href":"https:\/\/www.europesays.com\/fr\/wp-json\/wp\/v2\/posts"}],"about":[{"href":"https:\/\/www.europesays.com\/fr\/wp-json\/wp\/v2\/types\/post"}],"author":[{"embeddable":true,"href":"https:\/\/www.europesays.com\/fr\/wp-json\/wp\/v2\/users\/2"}],"replies":[{"embeddable":true,"href":"https:\/\/www.europesays.com\/fr\/wp-json\/wp\/v2\/comments?post=331538"}],"version-history":[{"count":0,"href":"https:\/\/www.europesays.com\/fr\/wp-json\/wp\/v2\/posts\/331538\/revisions"}],"wp:featuredmedia":[{"embeddable":true,"href":"https:\/\/www.europesays.com\/fr\/wp-json\/wp\/v2\/media\/331539"}],"wp:attachment":[{"href":"https:\/\/www.europesays.com\/fr\/wp-json\/wp\/v2\/media?parent=331538"}],"wp:term":[{"taxonomy":"category","embeddable":true,"href":"https:\/\/www.europesays.com\/fr\/wp-json\/wp\/v2\/categories?post=331538"},{"taxonomy":"post_tag","embeddable":true,"href":"https:\/\/www.europesays.com\/fr\/wp-json\/wp\/v2\/tags?post=331538"}],"curies":[{"name":"wp","href":"https:\/\/api.w.org\/{rel}","templated":true}]}}