{"id":331540,"date":"2025-08-20T12:14:30","date_gmt":"2025-08-20T12:14:30","guid":{"rendered":"https:\/\/www.europesays.com\/fr\/331540\/"},"modified":"2025-08-20T12:14:30","modified_gmt":"2025-08-20T12:14:30","slug":"premiere-ligue-preparation-le-dfco-affine-ses-reperes-face-a-saint-etienne","status":"publish","type":"post","link":"https:\/\/www.europesays.com\/fr\/331540\/","title":{"rendered":"Premi\u00e8re Ligue (pr\u00e9paration). Le DFCO affine ses rep\u00e8res face \u00e0 Saint-Etienne"},"content":{"rendered":"<p>Apr\u00e8s s\u2019\u00eatre impos\u00e9es face \u00e0 \u00c9vian Thonon (3-0) et Marseille (1-0), les Dijonnaises disputent ce mercredi \u00e0 17\u00a0heures une troisi\u00e8me rencontre de pr\u00e9saison au stade Salif-Keita \u00e0 Saint-\u00c9tienne face aux locales, pensionnaires de D1 Ark\u00e9ma. Le curseur monte encore d\u2019un cran pour les Bourguignonnes. \u00ab\u00a0On rentre dans une deuxi\u00e8me phase, on va jouer une formation qui conna\u00eet bien le championnat et son niveau, cela va \u00eatre un autre type d\u2019adversit\u00e9 que ce que l\u2019on a eu jusqu\u2019\u00e0 pr\u00e9sent\u00a0\u00bb, souligne Pierre-Alain Picard, l\u2019entra\u00eeneur du DFCO.<\/p>\n<p>Solides sur le plan d\u00e9fensif avec aucun but encaiss\u00e9 en deux matches, les Dijonnaises ont pour objectif de trouver leurs rep\u00e8res en attaque\u00a0: \u00ab\u00a0Il faut encore que les joueuses progressent dans les trente derniers m\u00e8tres pour se projeter en nombre et se cr\u00e9er plus de situations et d\u2019occasions, que l\u2019on soit plus tranchant dans la surface adverse\u00a0\u00bb, confie Pierre-Alain Picard.<\/p>\n<p>  Declercq et Terchoun absentes<\/p>\n<p>Lors de ce d\u00e9placement \u00e0 Saint-Etienne, le tacticien du DFCO retrouvera face \u00e0 lui, sur le banc de l\u2019ASSE, S\u00e9bastien Joseph, l\u2019ancien entra\u00eeneur des Dijonnaises\u00a0pour un joli clin d\u2019\u0153il\u00a0: \u00ab\u00a0On a travaill\u00e9 ensemble et on s\u2019appr\u00e9cie. C\u2019est diff\u00e9rent de se retrouver lors d\u2019un match de pr\u00e9paration, ce n\u2019est pas le m\u00eame enjeu que pour une rencontre officielle\u00a0\u00bb, d\u00e9clare Pierre-Alain Picard.<\/p>\n<p>Le technicien annonce qu\u2019il sera priv\u00e9 des attaquantes L\u00e9a Declercq et Meriame Terchoun\u00a0: \u00ab\u00a0L\u00e9a est toujours en phase de reprise, elle effectue un retour tr\u00e8s progressif pour ne pas prendre de risques. Meriame est revenue tard de l\u2019Euro donc elle a repris r\u00e9cemment, l\u2019id\u00e9e c\u2019est qu\u2019elles jouent plut\u00f4t le match de samedi (face \u00e0 Nantes \u00e0 Fontainebleau, NDLR) que celui de ce mercredi.\u00a0\u00bb<\/p>\n","protected":false},"excerpt":{"rendered":"Apr\u00e8s s\u2019\u00eatre impos\u00e9es face \u00e0 \u00c9vian Thonon (3-0) et Marseille (1-0), les Dijonnaises disputent ce mercredi \u00e0 17\u00a0heures&hellip;\n","protected":false},"author":2,"featured_media":331541,"comment_status":"","ping_status":"","sticky":false,"template":"","format":"standard","meta":{"footnotes":""},"categories":[9653],"tags":[1111,11,2430,13715,2930,8587,8588,1777,674,107,63,1011,27,12,25,4001,517],"class_list":{"0":"post-331540","1":"post","2":"type-post","3":"status-publish","4":"format-standard","5":"has-post-thumbnail","7":"category-saint-etienne","8":"tag-actu","9":"tag-actualites","10":"tag-auvergne-rhone-alpes","11":"tag-dfco-feminin-dijon-football-cote-dor-feminin","12":"tag-dijon","13":"tag-dijon-ville","14":"tag-edition-dijon-et-son-agglomeration","15":"tag-eu","16":"tag-europe","17":"tag-fil-info","18":"tag-football","19":"tag-fr","20":"tag-france","21":"tag-news","22":"tag-republique-francaise","23":"tag-saint-etienne","24":"tag-sport"},"share_on_mastodon":{"url":"https:\/\/pubeurope.com\/@fr\/115061041601363901","error":""},"_links":{"self":[{"href":"https:\/\/www.europesays.com\/fr\/wp-json\/wp\/v2\/posts\/331540","targetHints":{"allow":["GET"]}}],"collection":[{"href":"https:\/\/www.europesays.com\/fr\/wp-json\/wp\/v2\/posts"}],"about":[{"href":"https:\/\/www.europesays.com\/fr\/wp-json\/wp\/v2\/types\/post"}],"author":[{"embeddable":true,"href":"https:\/\/www.europesays.com\/fr\/wp-json\/wp\/v2\/users\/2"}],"replies":[{"embeddable":true,"href":"https:\/\/www.europesays.com\/fr\/wp-json\/wp\/v2\/comments?post=331540"}],"version-history":[{"count":0,"href":"https:\/\/www.europesays.com\/fr\/wp-json\/wp\/v2\/posts\/331540\/revisions"}],"wp:featuredmedia":[{"embeddable":true,"href":"https:\/\/www.europesays.com\/fr\/wp-json\/wp\/v2\/media\/331541"}],"wp:attachment":[{"href":"https:\/\/www.europesays.com\/fr\/wp-json\/wp\/v2\/media?parent=331540"}],"wp:term":[{"taxonomy":"category","embeddable":true,"href":"https:\/\/www.europesays.com\/fr\/wp-json\/wp\/v2\/categories?post=331540"},{"taxonomy":"post_tag","embeddable":true,"href":"https:\/\/www.europesays.com\/fr\/wp-json\/wp\/v2\/tags?post=331540"}],"curies":[{"name":"wp","href":"https:\/\/api.w.org\/{rel}","templated":true}]}}