{"id":331542,"date":"2025-08-20T12:17:18","date_gmt":"2025-08-20T12:17:18","guid":{"rendered":"https:\/\/www.europesays.com\/fr\/331542\/"},"modified":"2025-08-20T12:17:18","modified_gmt":"2025-08-20T12:17:18","slug":"proligue-le-cnosf-met-fin-aux-espoirs-de-nancy","status":"publish","type":"post","link":"https:\/\/www.europesays.com\/fr\/331542\/","title":{"rendered":"Proligue | Le CNOSF met fin aux espoirs de Nancy"},"content":{"rendered":"<p>                <img loading=\"lazy\" decoding=\"async\" class=\"size-large wp-image-322679\" src=\"https:\/\/www.europesays.com\/fr\/wp-content\/uploads\/2025\/08\/Raphael-NEEL-HEUDE-Nancy-Handball-Credit-Mylene-CASADO-1024x678.jpg\" alt=\"\" width=\"1024\" height=\"678\"\/>Raphae\u0308l NEEL-HEUDE &#8211; Nancy Handball &#8211; Cre\u0301dit Myle\u0300ne CASADO<\/p>\n<p style=\"text-align: justify;\"><strong>Le couperet est tomb\u00e9 ce mardi. Le CNOSF a rejet\u00e9 la demande de conciliation formul\u00e9e par Nancy Handball, qui esp\u00e9rait encore sauver sa place en Proligue. Apr\u00e8s l\u2019avis d\u00e9favorable de la CNACG en juin et le rejet de son appel par la FFHB d\u00e9but juillet, le club lorrain vient de voir s\u2019\u00e9teindre son ultime recours administratif.<\/strong><\/p>\n<p style=\"text-align: justify;\">Sportivement maintenu la saison pass\u00e9e, Nancy paye aujourd\u2019hui une sanction purement administrative, li\u00e9e \u00e0 ses garanties financi\u00e8res jug\u00e9es insuffisantes. Les efforts consentis ces derniers mois \u2013 soutien exceptionnel de la M\u00e9tropole du Grand Nancy, budget en exc\u00e9dent \u2013 n\u2019ont pas suffi \u00e0 convaincre les instances et le CNOSF comme le confirme ce matin le <strong>R\u00e9publicain Lorrain<\/strong>. Pendant ce temps, d\u2019autres clubs comme Angers ou Saintes ont \u00e9t\u00e9 rep\u00each\u00e9s pour compl\u00e9ter un championnat qui comptera finalement quinze \u00e9quipes, sans les Lorrains.<\/p>\n<p style=\"text-align: justify;\">Derri\u00e8re cette d\u00e9cision, c\u2019est l\u2019avenir m\u00eame du club qui est en jeu. Le dossier va d\u00e9sormais \u00eatre examin\u00e9 par le tribunal de commerce, avec la perspective d\u2019un d\u00e9p\u00f4t de bilan de la SASP. Pour les joueurs et le staff, d\u00e9j\u00e0 fragilis\u00e9s par des salaires impay\u00e9s depuis juin, le constat est amer : Nancy Handball se retrouve aujourd\u2019hui au bord du pr\u00e9cipice, malgr\u00e9 ses r\u00e9sultats sportifs sur le terrain.<\/p>\n","protected":false},"excerpt":{"rendered":"Raphae\u0308l NEEL-HEUDE &#8211; Nancy Handball &#8211; Cre\u0301dit Myle\u0300ne CASADO Le couperet est tomb\u00e9 ce mardi. Le CNOSF a&hellip;\n","protected":false},"author":2,"featured_media":331543,"comment_status":"","ping_status":"","sticky":false,"template":"","format":"standard","meta":{"footnotes":""},"categories":[9635],"tags":[1111,11,1777,674,1011,27,775,10116,1702,12,10120,25],"class_list":{"0":"post-331542","1":"post","2":"type-post","3":"status-publish","4":"format-standard","5":"has-post-thumbnail","7":"category-nancy","8":"tag-actu","9":"tag-actualites","10":"tag-eu","11":"tag-europe","12":"tag-fr","13":"tag-france","14":"tag-grand-est","15":"tag-grand-nancy-handball","16":"tag-nancy","17":"tag-news","18":"tag-proligue","19":"tag-republique-francaise"},"share_on_mastodon":{"url":"https:\/\/pubeurope.com\/@fr\/115061053482356881","error":""},"_links":{"self":[{"href":"https:\/\/www.europesays.com\/fr\/wp-json\/wp\/v2\/posts\/331542","targetHints":{"allow":["GET"]}}],"collection":[{"href":"https:\/\/www.europesays.com\/fr\/wp-json\/wp\/v2\/posts"}],"about":[{"href":"https:\/\/www.europesays.com\/fr\/wp-json\/wp\/v2\/types\/post"}],"author":[{"embeddable":true,"href":"https:\/\/www.europesays.com\/fr\/wp-json\/wp\/v2\/users\/2"}],"replies":[{"embeddable":true,"href":"https:\/\/www.europesays.com\/fr\/wp-json\/wp\/v2\/comments?post=331542"}],"version-history":[{"count":0,"href":"https:\/\/www.europesays.com\/fr\/wp-json\/wp\/v2\/posts\/331542\/revisions"}],"wp:featuredmedia":[{"embeddable":true,"href":"https:\/\/www.europesays.com\/fr\/wp-json\/wp\/v2\/media\/331543"}],"wp:attachment":[{"href":"https:\/\/www.europesays.com\/fr\/wp-json\/wp\/v2\/media?parent=331542"}],"wp:term":[{"taxonomy":"category","embeddable":true,"href":"https:\/\/www.europesays.com\/fr\/wp-json\/wp\/v2\/categories?post=331542"},{"taxonomy":"post_tag","embeddable":true,"href":"https:\/\/www.europesays.com\/fr\/wp-json\/wp\/v2\/tags?post=331542"}],"curies":[{"name":"wp","href":"https:\/\/api.w.org\/{rel}","templated":true}]}}