{"id":331546,"date":"2025-08-20T12:19:14","date_gmt":"2025-08-20T12:19:14","guid":{"rendered":"https:\/\/www.europesays.com\/fr\/331546\/"},"modified":"2025-08-20T12:19:14","modified_gmt":"2025-08-20T12:19:14","slug":"le-groupe-rouge-et-noir-rct-rugby-club-toulonnais","status":"publish","type":"post","link":"https:\/\/www.europesays.com\/fr\/331546\/","title":{"rendered":"le groupe Rouge et Noir \u2013 RCT \u2013 Rugby Club Toulonnais"},"content":{"rendered":"<p id=\"block-93686919-3937-4085-9a2d-8673f93564e6\">Ce vendredi 22 ao\u00fbt, le <strong>Rugby Club Toulonnais<\/strong> se d\u00e9placera au <strong>Stade Aim\u00e9 Giral<\/strong> <strong>\u00e0 19h30<\/strong>, pour le premier <strong>match de pr\u00e9paration<\/strong> de la <strong>saison 2025-2026<\/strong> ! L\u2019occasion de voir pour la premi\u00e8re fois notre nouveau maillot domicile !<\/p>\n<p><a href=\"https:\/\/rctstore.com\/fr\/141-collection-rct-nike-25-26\" target=\"_blank\" rel=\"noopener nofollow\"><img decoding=\"async\" loading=\"lazy\" width=\"750\" height=\"200\" src=\"https:\/\/www.europesays.com\/fr\/wp-content\/uploads\/2025\/08\/BANNIERE_MAILLOT_HOME_650x200.png\" alt=\"\" class=\"wp-image-96967\"  \/><\/a><\/p>\n<p id=\"block-3a508de8-f50a-4ce0-9e4d-783709f018c6\">Ainsi, d\u00e9couvrez le groupe concoct\u00e9 par <strong>Pierre Mignoni<\/strong> et son staff pour cette rencontre :<\/p>\n<p id=\"block-c9858175-38d7-417c-82f8-b8759dd29b8f\"><strong>Avants<\/strong><br \/>Brian <strong>Alainu\u2019uese<\/strong>, L\u00e9o <strong>Ametlla<\/strong>, Daniel <strong>Brennan<\/strong>, Jules <strong>Coulon<\/strong>, Pierre <strong>Damond<\/strong>, Louis <strong>Fritsch<\/strong>, Lohann <strong>Gill<\/strong>, Micka\u00ebl <strong>Ivaldi<\/strong>, Zach <strong>Mercer<\/strong>, Nikoloz <strong>Narmania<\/strong>, Jo\u00e9 <strong>Quere-Karaba<\/strong>, Swan <strong>Rebbadj<\/strong>, Mikheili <strong>Shioshvili<\/strong>, Jeremy <strong>Toevalu<\/strong>, Patrick <strong>Tuifua <\/strong>et Fabio <strong>Zingone<\/strong>. <\/p>\n<p id=\"block-372cac25-057c-4777-ab6b-bafcac78c5b0\"><strong>Trois-quarts<\/strong><br \/>Oliver <strong>Cowie<\/strong>, Gael <strong>Dr\u00e9an<\/strong>, Mathis <strong>Fert\u00e9<\/strong>, Antoine <strong>Frisch<\/strong>, Mat\u00e9o <strong>Garcia<\/strong>, Matt\u00e9o <strong>Gracieux<\/strong>, Enzo <strong>Herv\u00e9<\/strong>, Clovis <strong>Le Bail<\/strong>, Barnab\u00e9 <strong>Mechentel<\/strong>, Rayan <strong>Rebbadj<\/strong>, J\u00e9r\u00e9my <strong>Sinzelle<\/strong>, Mathieu <strong>Smaili <\/strong>et Setariki <strong>Tuicuvu<\/strong>. <\/p>\n<p><a href=\"https:\/\/tickets.rctoulon.com\/fr\/catalogue\/match-rct-castres-olympique\" target=\"_blank\" rel=\"noopener nofollow\"><img decoding=\"async\" loading=\"lazy\" width=\"750\" height=\"200\" src=\"https:\/\/www.europesays.com\/fr\/wp-content\/uploads\/2025\/08\/TOULON_CASTRES_650x200.png\" alt=\"\" class=\"wp-image-96966\"  \/><\/a><\/p>\n","protected":false},"excerpt":{"rendered":"Ce vendredi 22 ao\u00fbt, le Rugby Club Toulonnais se d\u00e9placera au Stade Aim\u00e9 Giral \u00e0 19h30, pour le&hellip;\n","protected":false},"author":2,"featured_media":331547,"comment_status":"","ping_status":"","sticky":false,"template":"","format":"standard","meta":{"footnotes":""},"categories":[9619],"tags":[1111,11,1777,674,1011,27,12,882,25,2310],"class_list":{"0":"post-331546","1":"post","2":"type-post","3":"status-publish","4":"format-standard","5":"has-post-thumbnail","7":"category-toulon","8":"tag-actu","9":"tag-actualites","10":"tag-eu","11":"tag-europe","12":"tag-fr","13":"tag-france","14":"tag-news","15":"tag-provence-alpes-cote-dazur","16":"tag-republique-francaise","17":"tag-toulon"},"share_on_mastodon":{"url":"https:\/\/pubeurope.com\/@fr\/115061061421594385","error":""},"_links":{"self":[{"href":"https:\/\/www.europesays.com\/fr\/wp-json\/wp\/v2\/posts\/331546","targetHints":{"allow":["GET"]}}],"collection":[{"href":"https:\/\/www.europesays.com\/fr\/wp-json\/wp\/v2\/posts"}],"about":[{"href":"https:\/\/www.europesays.com\/fr\/wp-json\/wp\/v2\/types\/post"}],"author":[{"embeddable":true,"href":"https:\/\/www.europesays.com\/fr\/wp-json\/wp\/v2\/users\/2"}],"replies":[{"embeddable":true,"href":"https:\/\/www.europesays.com\/fr\/wp-json\/wp\/v2\/comments?post=331546"}],"version-history":[{"count":0,"href":"https:\/\/www.europesays.com\/fr\/wp-json\/wp\/v2\/posts\/331546\/revisions"}],"wp:featuredmedia":[{"embeddable":true,"href":"https:\/\/www.europesays.com\/fr\/wp-json\/wp\/v2\/media\/331547"}],"wp:attachment":[{"href":"https:\/\/www.europesays.com\/fr\/wp-json\/wp\/v2\/media?parent=331546"}],"wp:term":[{"taxonomy":"category","embeddable":true,"href":"https:\/\/www.europesays.com\/fr\/wp-json\/wp\/v2\/categories?post=331546"},{"taxonomy":"post_tag","embeddable":true,"href":"https:\/\/www.europesays.com\/fr\/wp-json\/wp\/v2\/tags?post=331546"}],"curies":[{"name":"wp","href":"https:\/\/api.w.org\/{rel}","templated":true}]}}