{"id":331548,"date":"2025-08-20T12:20:15","date_gmt":"2025-08-20T12:20:15","guid":{"rendered":"https:\/\/www.europesays.com\/fr\/331548\/"},"modified":"2025-08-20T12:20:15","modified_gmt":"2025-08-20T12:20:15","slug":"on-a-un-coeur-de-ville-magnifique-un-commercant-defend-le-centre-ville-de-montpellier-et-suscite-la-polemique","status":"publish","type":"post","link":"https:\/\/www.europesays.com\/fr\/331548\/","title":{"rendered":"\u00ab\u00a0On a un c\u0153ur de ville magnifique\u00a0\u00bb\u00a0: un commer\u00e7ant d\u00e9fend le centre-ville de Montpellier et suscite la pol\u00e9mique"},"content":{"rendered":"<p>\n                                                                Le pr\u00e9sident de l\u2019association de commer\u00e7ants Pari Jeu de Paume, Laurent Roy, a d\u00e9fendu dans une lettre publi\u00e9e sur les r\u00e9seaux sociaux, une position inhabituelle louant les qualit\u00e9s du centre-ville de Montpellier. Il justifie son opinion apr\u00e8s avoir re\u00e7u de nombreuses critiques d\u2019opposants. Ceux-ci pr\u00e9f\u00e9rant insister sur les fermetures de magasins, l\u2019ins\u00e9curit\u00e9 et les travaux.\n                            <\/p>\n<p class=\"txt-question\">Pourquoi avoir d\u00e9cid\u00e9 d\u2019\u00e9crire cette lettre qui met en avant l\u2019\u00c9cusson sur les r\u00e9seaux sociaux\u00a0?<\/p>\n<p>Les r\u00e9seaux sociaux sont devenus une esp\u00e8ce de pot-pourri de v\u00e9rit\u00e9s\u00a0ou\u00a0de fausses informations. On est dans une p\u00e9riode o\u00f9\u00a0c\u2019est tr\u00e8s difficile pour le commerce en c\u0153ur de ville.\u00a0On se porte tr\u00e8s tr\u00e8s mal, bon nombre de commer\u00e7ants sont en train de dispara\u00eetre. Ce n\u2019est pas normal qu\u2019il y ait autant de fermetures. Ce ph\u00e9nom\u00e8ne-l\u00e0 se d\u00e9roule dans toutes les villes de France, que ce soit au niveau de la propret\u00e9, de l\u2019ins\u00e9curit\u00e9, des fermetures de magasins.<\/p>\n<p>Il y a des choix politiques qui ont \u00e9t\u00e9 faits, on est pour ou\u00a0on est contre, mais il faut qu\u2019on avance en tant que commer\u00e7ant avec les choix de la municipalit\u00e9 en cours. On tient une position qui est compl\u00e8tement apolitique, c\u2019est-\u00e0-dire qu\u2019on invite ni \u00e0 voter pour Micha\u00ebl Delafosse, ni \u00e0 voter pour d\u2019autres. \u00c7a ne sert \u00e0 rien d\u2019\u00eatre violent contre la municipalit\u00e9 parce que le travail va s\u2019effectuer en corr\u00e9lation avec.<\/p>\n<p class=\"txt-question\">Vous vous attendiez \u00e0 avoir autant de r\u00e9actions\u00a0?<\/p>\n<p>Franchement non. Je regardais encore mardi matin, la lettre avait \u00e9t\u00e9 vue\u00a054\u00a0000 fois en l\u2019espace de 48\u00a0heures. Il y a\u00a0un peu plus de 2\u00a0000 interactions.<\/p>\n<p>\u00ab\u00a0Ce n\u2019est pas notre r\u00f4le de donner une consigne de vote\u00a0\u00bb<\/p>\n<p class=\"txt-question\">Comment vous avez r\u00e9agi \u00e0 toutes ces critiques\u00a0?<\/p>\n<p>Le mieux, c\u2019est de ne pas r\u00e9agir.\u00a0J\u2019en ai lu un\u00a0peu. Quand on me sort que je suis le meilleur ami de l\u2019\u00e9lu Boris Bellanger, je ne connais pas sa vie perso, faut arr\u00eater. Je prends aussi dans la tronche qu\u2019on est en p\u00e9riode pr\u00e9\u00e9lectorale. C\u2019est faux, c\u2019est \u00e0 partir de septembre. On me dit aussi que je fais partie du conseil municipal. Par cette lettre, j\u2019ai juste cherch\u00e9 \u00e0 alerter sur cette p\u00e9riode qui va arriver. C\u2019est une p\u00e9riode horrible qu\u2019on conna\u00eet \u00e0 chaque fois qu\u2019il y a des \u00e9lections.<\/p>\n<p class=\"txt-question\">\u00c7a dessert les commer\u00e7ants\u00a0?<\/p>\n<p>Bien \u00e9videmment. Lorsqu\u2019on r\u00e9p\u00e8te \u00e0 tout bout de champ qu\u2019il y a de l\u2019ins\u00e9curit\u00e9, qu\u2019\u00e0 partir de 20\u00a0h, on ne peut plus se balader dans les rues, que le tram est archi bond\u00e9 et qu\u2019on se fait voler son sac toutes les deux minutes, vous avez envie de venir en centre-ville\u00a0? Non\u00a0!<\/p>\n<p>On a un c\u0153ur de ville\u00a0magnifique. Oui, il y a des travaux, des transformations. On verra ce que l\u2019avenir nous dira lorsque tous ces travaux seront termin\u00e9s et ce que le cours de la vie reprendra. \u00c7a pourra \u00eatre trop tard pour certains, \u00eatre tr\u00e8s dur pour d\u2019autres, mais les associations de commer\u00e7ants doivent \u00eatre l\u00e0 pour accompagner aussi ces probl\u00e9matiques. On n\u2019a pas besoin de lanceurs d\u2019alertes comme Leana Attika.<\/p>\n<p class=\"txt-question\">C\u2019est un choix de l\u2019avoir cit\u00e9\u00a0?<\/p>\n<p>C\u2019est un choix. Leana Attika, c\u2019est\u00a0quelqu\u2019un qui se cache derri\u00e8re un pseudo. Quand on cr\u00e9e des alertes comme \u00e7a sur les r\u00e9seaux sociaux, on se base sur des choses vraies, pas sur des mensonges. On a balanc\u00e9 des trucs en\u00a0disant que j\u2019avais touch\u00e9 5\u00a0000\u00a0euros de la part de la Ville. Ce n\u2019est pas moi qui aie touch\u00e9 5\u00a0000\u00a0euros, c\u2019est l\u2019association pour tout ce qu\u2019on organise.\u00a0Les personnes qui ont un int\u00e9r\u00eat politique ont comment\u00e9, \u00e7a fait partie du jeu. C\u2019est comme \u00e7a dans toute \u00e9lection municipale.<\/p>\n<p class=\"txt-question\">Est-ce que vous allez donner une consigne de vote pour les prochaines \u00e9lections\u00a0?<\/p>\n<p>Non, chaque commer\u00e7ant est totalement libre. Ce n\u2019est pas notre r\u00f4le de donner une consigne de vote. Dans une m\u00eame association de commer\u00e7ants, on peut avoir des gens de droite, de gauche\u00a0ou des extr\u00eames. Il y a du bon et du mauvais partout.<\/p>\n<p>\u00a0<\/p>\n<p>    Les opposants d\u00e9noncent \u00ab\u00a0une transformation sans vision\u00a0\u00bb<\/p>\n<p>Emmen\u00e9s par l\u2019influenceuse politique\u00a0Leana Attika, les opposants ont imm\u00e9diatement r\u00e9pliqu\u00e9 avec une lettre en retour. \u00ab\u00a0\u00c0 vous, d\u00e9fenseurs aveugles, perroquets du discours officiel, optimistes de service\u00a0: Montpellier n\u2019est pas ce d\u00e9cor de carte postale que vous d\u00e9crivez \u00e0 longueur de posts. Montpellier n\u2019est pas cette ville paisible o\u00f9 il ferait bon fl\u00e2ner sans contrainte\u00a0\u00bb, r\u00e9pond-elle dans son post sur les r\u00e9seaux sociaux.<\/p>\n<p>\u00ab\u00a0Ce n\u2019est pas parce que l\u2019ins\u00e9curit\u00e9, la salet\u00e9 ou la vacance commerciale existent ailleurs qu\u2019il faut s\u2019y r\u00e9signer ici. Montpellier n\u2019a pas besoin d\u2019aveuglement, elle a besoin de lucidit\u00e9 et de courage\u00a0\u00bb, poursuit l\u2019influenceuse. \u00ab\u00a0Les travaux\u00a0? Ils ne sont pas de simples \u00ab\u00a0d\u00e9sagr\u00e9ments passagers\u00a0\u00bb. Ils \u00e9tranglent les commerces, compliquent la vie des riverains et font fuir la client\u00e8le. Et derri\u00e8re chaque chantier, ce n\u2019est pas un avenir radieux qui se dessine, mais un centre-ville qui se vide.\u00a0\u00bb<\/p>\n<p>Cit\u00e9 dans l\u2019article, Leana Attika (pseudonyme) a promis de r\u00e9pondre \u00e0 nos questions. \u00c0 suivre\u2026<\/p>\n","protected":false},"excerpt":{"rendered":"Le pr\u00e9sident de l\u2019association de commer\u00e7ants Pari Jeu de Paume, Laurent Roy, a d\u00e9fendu dans une lettre publi\u00e9e&hellip;\n","protected":false},"author":2,"featured_media":331549,"comment_status":"","ping_status":"","sticky":false,"template":"","format":"standard","meta":{"footnotes":""},"categories":[9599],"tags":[1111,11,1777,674,1011,27,2208,12,2680,25],"class_list":{"0":"post-331548","1":"post","2":"type-post","3":"status-publish","4":"format-standard","5":"has-post-thumbnail","7":"category-montpellier","8":"tag-actu","9":"tag-actualites","10":"tag-eu","11":"tag-europe","12":"tag-fr","13":"tag-france","14":"tag-montpellier","15":"tag-news","16":"tag-occitanie","17":"tag-republique-francaise"},"share_on_mastodon":{"url":"https:\/\/pubeurope.com\/@fr\/115061065288082785","error":""},"_links":{"self":[{"href":"https:\/\/www.europesays.com\/fr\/wp-json\/wp\/v2\/posts\/331548","targetHints":{"allow":["GET"]}}],"collection":[{"href":"https:\/\/www.europesays.com\/fr\/wp-json\/wp\/v2\/posts"}],"about":[{"href":"https:\/\/www.europesays.com\/fr\/wp-json\/wp\/v2\/types\/post"}],"author":[{"embeddable":true,"href":"https:\/\/www.europesays.com\/fr\/wp-json\/wp\/v2\/users\/2"}],"replies":[{"embeddable":true,"href":"https:\/\/www.europesays.com\/fr\/wp-json\/wp\/v2\/comments?post=331548"}],"version-history":[{"count":0,"href":"https:\/\/www.europesays.com\/fr\/wp-json\/wp\/v2\/posts\/331548\/revisions"}],"wp:featuredmedia":[{"embeddable":true,"href":"https:\/\/www.europesays.com\/fr\/wp-json\/wp\/v2\/media\/331549"}],"wp:attachment":[{"href":"https:\/\/www.europesays.com\/fr\/wp-json\/wp\/v2\/media?parent=331548"}],"wp:term":[{"taxonomy":"category","embeddable":true,"href":"https:\/\/www.europesays.com\/fr\/wp-json\/wp\/v2\/categories?post=331548"},{"taxonomy":"post_tag","embeddable":true,"href":"https:\/\/www.europesays.com\/fr\/wp-json\/wp\/v2\/tags?post=331548"}],"curies":[{"name":"wp","href":"https:\/\/api.w.org\/{rel}","templated":true}]}}