{"id":331550,"date":"2025-08-20T12:21:11","date_gmt":"2025-08-20T12:21:11","guid":{"rendered":"https:\/\/www.europesays.com\/fr\/331550\/"},"modified":"2025-08-20T12:21:11","modified_gmt":"2025-08-20T12:21:11","slug":"montpellier-toulon-la-billetterie-va-ouvrir-ce-jeudi","status":"publish","type":"post","link":"https:\/\/www.europesays.com\/fr\/331550\/","title":{"rendered":"Montpellier &#8211; Toulon : La billetterie va ouvrir ce jeudi !"},"content":{"rendered":"<p>Le Rugby Club Toulonnais d\u00e9butera sa saison 2025 \/ 2026 sur la pelouse de Montpellier, \u00e0 l\u2019occasion de la premi\u00e8re journ\u00e9e du Top 14.<\/p>\n<p>Le match se jouera le samedi 6 septembre \u00e0 19h00, au Septeo Stadium de Montpellier.<\/p>\n<p>A noter que la billetterie pour cette rencontre ouvrira au grand public ce jeudi 21 ao\u00fbt \u00e0 15h00.<\/p>\n<p>Ainsi, les supporters Varois qui souhaitent r\u00e9server leurs billets pour encourager les Rouge et Noir pourront le faire d\u00e8s jeudi apr\u00e8s-midi via la billetterie en ligne du club de Montpellier.<\/p>\n<p>La billetterie du club de Montpellier est <a href=\"https:\/\/store.montpellier-rugby.com\/fr\/user\/login?destination=\/fr\/product\/900\" rel=\"nofollow noopener\" target=\"_blank\">disponible ici<\/a>.<\/p>\n","protected":false},"excerpt":{"rendered":"Le Rugby Club Toulonnais d\u00e9butera sa saison 2025 \/ 2026 sur la pelouse de Montpellier, \u00e0 l\u2019occasion de&hellip;\n","protected":false},"author":2,"featured_media":245467,"comment_status":"","ping_status":"","sticky":false,"template":"","format":"standard","meta":{"footnotes":""},"categories":[9599],"tags":[1111,11,1777,674,1011,27,2208,12,2680,25],"class_list":{"0":"post-331550","1":"post","2":"type-post","3":"status-publish","4":"format-standard","5":"has-post-thumbnail","7":"category-montpellier","8":"tag-actu","9":"tag-actualites","10":"tag-eu","11":"tag-europe","12":"tag-fr","13":"tag-france","14":"tag-montpellier","15":"tag-news","16":"tag-occitanie","17":"tag-republique-francaise"},"share_on_mastodon":{"url":"https:\/\/pubeurope.com\/@fr\/115061069086425121","error":""},"_links":{"self":[{"href":"https:\/\/www.europesays.com\/fr\/wp-json\/wp\/v2\/posts\/331550","targetHints":{"allow":["GET"]}}],"collection":[{"href":"https:\/\/www.europesays.com\/fr\/wp-json\/wp\/v2\/posts"}],"about":[{"href":"https:\/\/www.europesays.com\/fr\/wp-json\/wp\/v2\/types\/post"}],"author":[{"embeddable":true,"href":"https:\/\/www.europesays.com\/fr\/wp-json\/wp\/v2\/users\/2"}],"replies":[{"embeddable":true,"href":"https:\/\/www.europesays.com\/fr\/wp-json\/wp\/v2\/comments?post=331550"}],"version-history":[{"count":0,"href":"https:\/\/www.europesays.com\/fr\/wp-json\/wp\/v2\/posts\/331550\/revisions"}],"wp:featuredmedia":[{"embeddable":true,"href":"https:\/\/www.europesays.com\/fr\/wp-json\/wp\/v2\/media\/245467"}],"wp:attachment":[{"href":"https:\/\/www.europesays.com\/fr\/wp-json\/wp\/v2\/media?parent=331550"}],"wp:term":[{"taxonomy":"category","embeddable":true,"href":"https:\/\/www.europesays.com\/fr\/wp-json\/wp\/v2\/categories?post=331550"},{"taxonomy":"post_tag","embeddable":true,"href":"https:\/\/www.europesays.com\/fr\/wp-json\/wp\/v2\/tags?post=331550"}],"curies":[{"name":"wp","href":"https:\/\/api.w.org\/{rel}","templated":true}]}}