{"id":331551,"date":"2025-08-20T12:23:11","date_gmt":"2025-08-20T12:23:11","guid":{"rendered":"https:\/\/www.europesays.com\/fr\/331551\/"},"modified":"2025-08-20T12:23:11","modified_gmt":"2025-08-20T12:23:11","slug":"deux-jeunes-surpris-en-train-de-trafiquer-la-plaque-dimmatriculation-dune-voiture","status":"publish","type":"post","link":"https:\/\/www.europesays.com\/fr\/331551\/","title":{"rendered":"Deux jeunes surpris en train de trafiquer la plaque d&rsquo;immatriculation d&rsquo;une voiture"},"content":{"rendered":"<p>Deux hommes de 18 ans ont \u00e9t\u00e9 surpris par des policiers en train de modifier les plaques d&rsquo;immatriculation d&rsquo;une voiture au sous-sol d&rsquo;un immeuble quartier Saint-Sever \u00e0 Rouen ce mercredi. L&rsquo;un d&rsquo;eux avait interdiction de se rendre en Seine-Maritime.<\/p>\n<p>Deux jeunes arr\u00eat\u00e9s dans la nuit du mardi 19 au mercredi 20 ao\u00fbt alors qu&rsquo;ils \u00e9taient en train de <strong>trafiquer les plaques d&rsquo;immatriculation<\/strong> d&rsquo;une voiture. Vers 2h15 du matin, les policiers ont \u00e9t\u00e9 appel\u00e9s par un riverain qui avait entendu un grand bruit et vu deux individus rentrer dans le sous-sol d&rsquo;un immeuble par un garage,\u00a0rue Jacques Fourr\u00e9, <strong>quartier Saint-Sever \u00e0 Rouen.<\/strong><\/p>\n<p>Ils changeaient des lettres de la plaque d&rsquo;immatriculation<\/p>\n<p>Au deuxi\u00e8me sous-sol d&rsquo;un immeuble, les agents ont retrouv\u00e9 ces deux individus dans le v\u00e9hicule, moteur tournant. Les plaques avaient \u00e9t\u00e9 enlev\u00e9es au moyen d&rsquo;une visseuse \u00e9lectrique, et les deux hommes \u00e9taient <strong>en train de maquiller les R du num\u00e9ro d&rsquo;immatriculation pour en faire des B<\/strong>.<\/p>\n<p>Plac\u00e9s en garde \u00e0 vue, ils sont <strong>rest\u00e9s tr\u00e8s \u00e9vasifs<\/strong> sur leur pr\u00e9sence et leurs intentions. <strong>\u00c2g\u00e9s de 18 ans,<\/strong> originaires de Oissel et de l&rsquo;Eure. L&rsquo;un d&rsquo;eux faisait l&rsquo;objet d&rsquo;une fiche de recherches car il a <strong>interdiction de para\u00eetre en Seine-Maritime<\/strong>.<\/p>\n","protected":false},"excerpt":{"rendered":"Deux hommes de 18 ans ont \u00e9t\u00e9 surpris par des policiers en train de modifier les plaques d&rsquo;immatriculation&hellip;\n","protected":false},"author":2,"featured_media":331552,"comment_status":"","ping_status":"","sticky":false,"template":"","format":"standard","meta":{"footnotes":""},"categories":[9587],"tags":[1111,11,1777,674,1011,27,12,5161,25,9590],"class_list":{"0":"post-331551","1":"post","2":"type-post","3":"status-publish","4":"format-standard","5":"has-post-thumbnail","7":"category-rouen","8":"tag-actu","9":"tag-actualites","10":"tag-eu","11":"tag-europe","12":"tag-fr","13":"tag-france","14":"tag-news","15":"tag-normandie","16":"tag-republique-francaise","17":"tag-rouen"},"share_on_mastodon":{"url":"https:\/\/pubeurope.com\/@fr\/115061076972531569","error":""},"_links":{"self":[{"href":"https:\/\/www.europesays.com\/fr\/wp-json\/wp\/v2\/posts\/331551","targetHints":{"allow":["GET"]}}],"collection":[{"href":"https:\/\/www.europesays.com\/fr\/wp-json\/wp\/v2\/posts"}],"about":[{"href":"https:\/\/www.europesays.com\/fr\/wp-json\/wp\/v2\/types\/post"}],"author":[{"embeddable":true,"href":"https:\/\/www.europesays.com\/fr\/wp-json\/wp\/v2\/users\/2"}],"replies":[{"embeddable":true,"href":"https:\/\/www.europesays.com\/fr\/wp-json\/wp\/v2\/comments?post=331551"}],"version-history":[{"count":0,"href":"https:\/\/www.europesays.com\/fr\/wp-json\/wp\/v2\/posts\/331551\/revisions"}],"wp:featuredmedia":[{"embeddable":true,"href":"https:\/\/www.europesays.com\/fr\/wp-json\/wp\/v2\/media\/331552"}],"wp:attachment":[{"href":"https:\/\/www.europesays.com\/fr\/wp-json\/wp\/v2\/media?parent=331551"}],"wp:term":[{"taxonomy":"category","embeddable":true,"href":"https:\/\/www.europesays.com\/fr\/wp-json\/wp\/v2\/categories?post=331551"},{"taxonomy":"post_tag","embeddable":true,"href":"https:\/\/www.europesays.com\/fr\/wp-json\/wp\/v2\/tags?post=331551"}],"curies":[{"name":"wp","href":"https:\/\/api.w.org\/{rel}","templated":true}]}}