{"id":331553,"date":"2025-08-20T12:26:16","date_gmt":"2025-08-20T12:26:16","guid":{"rendered":"https:\/\/www.europesays.com\/fr\/331553\/"},"modified":"2025-08-20T12:26:16","modified_gmt":"2025-08-20T12:26:16","slug":"la-fete-de-lecole-du-velo","status":"publish","type":"post","link":"https:\/\/www.europesays.com\/fr\/331553\/","title":{"rendered":"La f\u00eate de l&rsquo;Ecole du v\u00e9lo"},"content":{"rendered":"<p class=\"c-accroche__description\">L&rsquo;Ecole du v\u00e9lo de Grenoble vous invite \u00e0 sa f\u00eate sur l&rsquo;anneau de vitesse au parc Paul Mistral.&#13;<br \/>En pr\u00e9sence des parrain et marraine Aur\u00e9lien Fontenoy et Nathalie Baillon.&#13;<\/p>\n<p>A partir de 17h : Show VTT trial avec Aur\u00e9lien Fontenoy, pr\u00e9sentation du v\u00e9lo voyage avec Nathalie Baillon, atelier diagnostic &#8211; r\u00e9paration, anim\u00e9 par les m\u00e9caniciens de l&rsquo;\u00e9cole du v\u00e9lo. Amenez votre v\u00e9lo !  Atelier pratique du v\u00e9lo avec des modules pour les enfants &#8211; \u00e0 partir de 3 ans. <\/p>\n","protected":false},"excerpt":{"rendered":"L&rsquo;Ecole du v\u00e9lo de Grenoble vous invite \u00e0 sa f\u00eate sur l&rsquo;anneau de vitesse au parc Paul Mistral.&#13;En&hellip;\n","protected":false},"author":2,"featured_media":301557,"comment_status":"","ping_status":"","sticky":false,"template":"","format":"standard","meta":{"footnotes":""},"categories":[9566],"tags":[1111,11,2430,1777,674,1011,27,2731,12,25],"class_list":{"0":"post-331553","1":"post","2":"type-post","3":"status-publish","4":"format-standard","5":"has-post-thumbnail","7":"category-grenoble","8":"tag-actu","9":"tag-actualites","10":"tag-auvergne-rhone-alpes","11":"tag-eu","12":"tag-europe","13":"tag-fr","14":"tag-france","15":"tag-grenoble","16":"tag-news","17":"tag-republique-francaise"},"share_on_mastodon":{"url":"https:\/\/pubeurope.com\/@fr\/115061088815919370","error":""},"_links":{"self":[{"href":"https:\/\/www.europesays.com\/fr\/wp-json\/wp\/v2\/posts\/331553","targetHints":{"allow":["GET"]}}],"collection":[{"href":"https:\/\/www.europesays.com\/fr\/wp-json\/wp\/v2\/posts"}],"about":[{"href":"https:\/\/www.europesays.com\/fr\/wp-json\/wp\/v2\/types\/post"}],"author":[{"embeddable":true,"href":"https:\/\/www.europesays.com\/fr\/wp-json\/wp\/v2\/users\/2"}],"replies":[{"embeddable":true,"href":"https:\/\/www.europesays.com\/fr\/wp-json\/wp\/v2\/comments?post=331553"}],"version-history":[{"count":0,"href":"https:\/\/www.europesays.com\/fr\/wp-json\/wp\/v2\/posts\/331553\/revisions"}],"wp:featuredmedia":[{"embeddable":true,"href":"https:\/\/www.europesays.com\/fr\/wp-json\/wp\/v2\/media\/301557"}],"wp:attachment":[{"href":"https:\/\/www.europesays.com\/fr\/wp-json\/wp\/v2\/media?parent=331553"}],"wp:term":[{"taxonomy":"category","embeddable":true,"href":"https:\/\/www.europesays.com\/fr\/wp-json\/wp\/v2\/categories?post=331553"},{"taxonomy":"post_tag","embeddable":true,"href":"https:\/\/www.europesays.com\/fr\/wp-json\/wp\/v2\/tags?post=331553"}],"curies":[{"name":"wp","href":"https:\/\/api.w.org\/{rel}","templated":true}]}}