{"id":331556,"date":"2025-08-20T12:28:09","date_gmt":"2025-08-20T12:28:09","guid":{"rendered":"https:\/\/www.europesays.com\/fr\/331556\/"},"modified":"2025-08-20T12:28:09","modified_gmt":"2025-08-20T12:28:09","slug":"si-vous-avez-lhabitude-de-jeter-ces-dechets-a-la-poubelle-il-faut-arreter","status":"publish","type":"post","link":"https:\/\/www.europesays.com\/fr\/331556\/","title":{"rendered":"si vous avez l&rsquo;habitude de jeter ces d\u00e9chets \u00e0 la poubelle, il faut arr\u00eater"},"content":{"rendered":"<p>            Par<br \/>\n        <strong><br \/>\n            <a href=\"https:\/\/actu.fr\/auteur\/redaction-rennes\" title=\"Consulter tous les articles de R\u00e9daction Rennes\" rel=\"nofollow noopener\" target=\"_blank\">R\u00e9daction Rennes<\/a><br \/>\n        <\/strong><\/p>\n<p>        Publi\u00e9 le<\/p>\n<p>            20 ao\u00fbt 2025 \u00e0 14h18        <\/p>\n<p>C\u2019est la M\u00e9tropole de Rennes, qui, par voie de communiqu\u00e9 de presse, alerte sur <strong>un geste<\/strong> devenu <strong>courant<\/strong> depuis <strong>plusieurs semaines.<\/strong><\/p>\n<p class=\" wall-content\"><strong>\u00ab\u2009Des v\u00eatements, linges<\/strong> et <strong>chaussures usag\u00e9s<\/strong> sont trop souvent d\u00e9poses dans les bacs jaunes ou les bornes jaunes d\u2019apport volontaire\u2009\u00bb, indique-t-elle.<\/p>\n<p>\u00ab\u2009Des dysfonctionnements\u2009\u00bb<\/p>\n<p class=\" wall-content\">Ce geste de tri engendre de <strong>\u00ab\u2009nombreux dysfonctionnements\u2009\u00bb<\/strong> <strong>dans le tri<\/strong> des emballages, assur\u00e9 par Paprec (au Rheu) pour Rennes M\u00e9tropole.<\/p>\n<blockquote class=\"ac-article-quote wall-content\">\n<p>Par exemple, certains textiles s&rsquo;enroulent dans les \u00e9quipements et g\u00e9n\u00e8rent des arr\u00eats techniques et une maintenance accrue qui porte pr\u00e9judice \u00e0 toute la fili\u00e8re de tri.<\/p>\n<p>    <strong>Rennes M\u00e9tropole<\/strong>\n            <\/p><\/blockquote>\n<p>Comment jeter ses textiles usag\u00e9s\u2009?<\/p>\n<p class=\" wall-content\">Pour rappel, les v\u00eatements, linges et chaussures propres et secs peuvent \u00eatre d\u00e9pos\u00e9s dans <strong>les bornes Le Relais<\/strong>. Il en existe 307 sur le territoire de la M\u00e9tropole. Pour les situer pr\u00e8s de chez vous, c\u2019est <a href=\"https:\/\/www.lerelais.org\/oudonner.php\" rel=\"nofollow noopener\" target=\"_blank\">ici<\/a>.\u00a0<a href=\"https:\/\/actu.fr\/bretagne\/rennes_35238\/rennes-le-relais-va-reprendre-ses-collectes-et-poursuit-les-discussions-pour-maintenir-son-activite-a-flot_62941511.html\" rel=\"nofollow noopener\" target=\"_blank\">Si la collecte de ces bornes a \u00e9t\u00e9 interrompue, celle-ci a repris le 24\u00a0juillet dernier<\/a>, rel\u00e8ve le communiqu\u00e9 de presse.<\/p>\n<p class=\" wall-content\">Si vous \u00eates en possession de <strong>v\u00eatements sales<\/strong> ou <strong>humides,<\/strong> alors il faut les jeter dans <strong>les ordures m\u00e9nag\u00e8res.<\/strong><\/p>\n<p class=\" wall-content\">Personnalisez votre actualit\u00e9 en ajoutant vos villes et m\u00e9dias en favori avec <a href=\"https:\/\/moncompte.actu.fr\" title=\"D\u00e9couvez Mon Actu\" rel=\"nofollow noopener\" data-trk=\"{&quot;cta&quot;:{&quot;action&quot;:&quot;https:\\\/\\\/moncompte.actu.fr&quot;,&quot;category&quot;:&quot;mon compte&quot;,&quot;from&quot;:&quot;article footer&quot;,&quot;name&quot;:&quot;Mon actu&quot;,&quot;type&quot;:&quot;cta&quot;}}\" target=\"_blank\">Mon Actu<\/a>.<\/p>\n","protected":false},"excerpt":{"rendered":"Par R\u00e9daction Rennes Publi\u00e9 le 20 ao\u00fbt 2025 \u00e0 14h18 C\u2019est la M\u00e9tropole de Rennes, qui, par voie&hellip;\n","protected":false},"author":2,"featured_media":331557,"comment_status":"","ping_status":"","sticky":false,"template":"","format":"standard","meta":{"footnotes":""},"categories":[2821],"tags":[1111,11,829,1777,674,1011,27,12,584,25,104],"class_list":{"0":"post-331556","1":"post","2":"type-post","3":"status-publish","4":"format-standard","5":"has-post-thumbnail","7":"category-rennes","8":"tag-actu","9":"tag-actualites","10":"tag-bretagne","11":"tag-eu","12":"tag-europe","13":"tag-fr","14":"tag-france","15":"tag-news","16":"tag-rennes","17":"tag-republique-francaise","18":"tag-societe"},"share_on_mastodon":{"url":"https:\/\/pubeurope.com\/@fr\/115061096669965363","error":""},"_links":{"self":[{"href":"https:\/\/www.europesays.com\/fr\/wp-json\/wp\/v2\/posts\/331556","targetHints":{"allow":["GET"]}}],"collection":[{"href":"https:\/\/www.europesays.com\/fr\/wp-json\/wp\/v2\/posts"}],"about":[{"href":"https:\/\/www.europesays.com\/fr\/wp-json\/wp\/v2\/types\/post"}],"author":[{"embeddable":true,"href":"https:\/\/www.europesays.com\/fr\/wp-json\/wp\/v2\/users\/2"}],"replies":[{"embeddable":true,"href":"https:\/\/www.europesays.com\/fr\/wp-json\/wp\/v2\/comments?post=331556"}],"version-history":[{"count":0,"href":"https:\/\/www.europesays.com\/fr\/wp-json\/wp\/v2\/posts\/331556\/revisions"}],"wp:featuredmedia":[{"embeddable":true,"href":"https:\/\/www.europesays.com\/fr\/wp-json\/wp\/v2\/media\/331557"}],"wp:attachment":[{"href":"https:\/\/www.europesays.com\/fr\/wp-json\/wp\/v2\/media?parent=331556"}],"wp:term":[{"taxonomy":"category","embeddable":true,"href":"https:\/\/www.europesays.com\/fr\/wp-json\/wp\/v2\/categories?post=331556"},{"taxonomy":"post_tag","embeddable":true,"href":"https:\/\/www.europesays.com\/fr\/wp-json\/wp\/v2\/tags?post=331556"}],"curies":[{"name":"wp","href":"https:\/\/api.w.org\/{rel}","templated":true}]}}