{"id":331560,"date":"2025-08-20T12:30:19","date_gmt":"2025-08-20T12:30:19","guid":{"rendered":"https:\/\/www.europesays.com\/fr\/331560\/"},"modified":"2025-08-20T12:30:19","modified_gmt":"2025-08-20T12:30:19","slug":"ismael-doukoure-signe-un-nouveau-bail-a-strasbourg","status":"publish","type":"post","link":"https:\/\/www.europesays.com\/fr\/331560\/","title":{"rendered":"Isma\u00ebl Doukour\u00e9 signe un nouveau bail \u00e0 Strasbourg"},"content":{"rendered":"<p>Comme attendu depuis quelques heures, <a href=\"https:\/\/www.footmercato.net\/joueur\/ismael-doukoure\/\" rel=\"nofollow noopener\" target=\"_blank\">Isma\u00ebl Doukour\u00e9<\/a> a prolong\u00e9 son contrat avec <a href=\"https:\/\/www.footmercato.net\/club\/rc-strasbourg-alsace\/\" rel=\"nofollow noopener\" target=\"_blank\">Strasbourg<\/a> de deux saisons. Le d\u00e9fenseur de 22 ans, homme cl\u00e9 de Liam Rosenior la saison pass\u00e9e (32 matchs toutes comp\u00e9titions confondues, 1 but et 1 passe d\u00e9cisive), est maintenant aux Alsaciens jusqu\u2019en 2028.<\/p>\n<p>            La suite apr\u00e8s cette publicit\u00e9<\/p>\n<p>Il devrait \u00eatre titulaire d\u00e8s demain contre Brondby en barrages aller de Ligue Europa Conf\u00e9rence. Ce feuilleton se termine l\u00e0. L\u2019ancien Valenciennois avait en effet \u00e9t\u00e9 \u00e9cart\u00e9 du groupe pour ne pas avoir prolong\u00e9 son engagement, qui se terminait en 2026. Il a repris l\u2019entra\u00eenement collectif ce mardi. <\/p>\n<p>\n    Pub. le 20\/08\/2025 13:39<br \/>\n            &#8211; MAJ le 20\/08\/2025 13:40\n    <\/p>\n","protected":false},"excerpt":{"rendered":"Comme attendu depuis quelques heures, Isma\u00ebl Doukour\u00e9 a prolong\u00e9 son contrat avec Strasbourg de deux saisons. Le d\u00e9fenseur&hellip;\n","protected":false},"author":2,"featured_media":150184,"comment_status":"","ping_status":"","sticky":false,"template":"","format":"standard","meta":{"footnotes":""},"categories":[2820],"tags":[1111,11,1777,674,1011,27,775,12,25,640],"class_list":{"0":"post-331560","1":"post","2":"type-post","3":"status-publish","4":"format-standard","5":"has-post-thumbnail","7":"category-strasbourg","8":"tag-actu","9":"tag-actualites","10":"tag-eu","11":"tag-europe","12":"tag-fr","13":"tag-france","14":"tag-grand-est","15":"tag-news","16":"tag-republique-francaise","17":"tag-strasbourg"},"share_on_mastodon":{"url":"https:\/\/pubeurope.com\/@fr\/115061104530873466","error":""},"_links":{"self":[{"href":"https:\/\/www.europesays.com\/fr\/wp-json\/wp\/v2\/posts\/331560","targetHints":{"allow":["GET"]}}],"collection":[{"href":"https:\/\/www.europesays.com\/fr\/wp-json\/wp\/v2\/posts"}],"about":[{"href":"https:\/\/www.europesays.com\/fr\/wp-json\/wp\/v2\/types\/post"}],"author":[{"embeddable":true,"href":"https:\/\/www.europesays.com\/fr\/wp-json\/wp\/v2\/users\/2"}],"replies":[{"embeddable":true,"href":"https:\/\/www.europesays.com\/fr\/wp-json\/wp\/v2\/comments?post=331560"}],"version-history":[{"count":0,"href":"https:\/\/www.europesays.com\/fr\/wp-json\/wp\/v2\/posts\/331560\/revisions"}],"wp:featuredmedia":[{"embeddable":true,"href":"https:\/\/www.europesays.com\/fr\/wp-json\/wp\/v2\/media\/150184"}],"wp:attachment":[{"href":"https:\/\/www.europesays.com\/fr\/wp-json\/wp\/v2\/media?parent=331560"}],"wp:term":[{"taxonomy":"category","embeddable":true,"href":"https:\/\/www.europesays.com\/fr\/wp-json\/wp\/v2\/categories?post=331560"},{"taxonomy":"post_tag","embeddable":true,"href":"https:\/\/www.europesays.com\/fr\/wp-json\/wp\/v2\/tags?post=331560"}],"curies":[{"name":"wp","href":"https:\/\/api.w.org\/{rel}","templated":true}]}}