{"id":331563,"date":"2025-08-20T12:32:11","date_gmt":"2025-08-20T12:32:11","guid":{"rendered":"https:\/\/www.europesays.com\/fr\/331563\/"},"modified":"2025-08-20T12:32:11","modified_gmt":"2025-08-20T12:32:11","slug":"nice-j-10-avant-la-prochaine-critical-mass","status":"publish","type":"post","link":"https:\/\/www.europesays.com\/fr\/331563\/","title":{"rendered":"NICE : J-10 avant la prochaine Critical Mass"},"content":{"rendered":"<p><strong>La Critical Mass, un mouvement festif et engag\u00e9, revient \u00e0 Nice le 29 ao\u00fbt.<\/strong><br \/>La Critical Mass, n\u00e9e en 1992 \u00e0 San Francisco, est un mouvement qui a su traverser les fronti\u00e8res et les ann\u00e9es. Initi\u00e9e par une cinquantaine de cyclistes, l\u2019id\u00e9e \u00e9tait simple : rouler ensemble dans la ville, sans parcours d\u00e9fini, sans leader, mais avec un objectif clair \u2014 rendre visible la pr\u00e9sence des cyclistes et revendiquer leur place dans un environnement urbain souvent domin\u00e9 par la voiture.<\/p>\n<p><strong>Un mouvement mondial<\/strong><\/p>\n<p>Tr\u00e8s vite, le concept a voyag\u00e9. Des centaines de villes dans le monde ont adopt\u00e9 ces rassemblements mensuels. Chaque \u00e9dition est unique, mais l\u2019esprit reste le m\u00eame : une c\u00e9l\u00e9bration de la mobilit\u00e9 douce, de la solidarit\u00e9 entre cyclistes, et de l\u2019envie de b\u00e2tir des villes plus s\u00fbres, respirables et humaines.<\/p>\n<p><strong>Un ton festif et engag\u00e9<\/strong><\/p>\n<p>Ce qui rend la Critical Mass si particuli\u00e8re, c\u2019est son ton festif. Loin d\u2019un cort\u00e8ge traditionnel, elle propose une autre forme d\u2019engagement : joyeux, spontan\u00e9, artistique. On y vient en famille, entre amis, parfois d\u00e9guis\u00e9, souvent avec son v\u00e9lo d\u00e9cor\u00e9. Le \u00ab bike lift \u00bb \u2014 ce geste collectif o\u00f9 l\u2019on soul\u00e8ve son v\u00e9lo \u2014 est devenu un symbole international d\u2019unit\u00e9 et de fiert\u00e9.<\/p>\n<p><strong>Un impact concret<\/strong><\/p>\n<p>Mais ce mouvement ne se limite pas \u00e0 l\u2019ambiance. Il a eu un impact concret : dans de nombreuses m\u00e9tropoles, il a contribu\u00e9 \u00e0 \u00e9veiller l\u2019opinion, \u00e0 influencer les politiques publiques, \u00e0 acc\u00e9l\u00e9rer la cr\u00e9ation d\u2019infrastructures cyclables et \u00e0 nourrir un imaginaire collectif autour du v\u00e9lo comme outil de transformation urbaine.<\/p>\n<p><strong>Une force vive apr\u00e8s 30 ans<\/strong><\/p>\n<p>Apr\u00e8s plus de 30 ans d\u2019existence, la Critical Mass reste une force vive. Elle prouve que l\u2019occupation joyeuse de l\u2019espace public peut \u00eatre une forme puissante d\u2019activisme. Que la rue n\u2019est pas r\u00e9serv\u00e9e aux moteurs. Et que rouler ensemble, une fois par mois, peut contribuer \u00e0 changer la ville pour de bon.<\/p>\n<p><strong>Prochain rendez-vous \u00e0 Nice<\/strong><\/p>\n<p>La prochaine \u00e9dition de la Critical Mass aura lieu le\u00a0<strong>vendredi 29 ao\u00fbt<\/strong>\u00a0\u00e0 Nice. Le rendez-vous est fix\u00e9 \u00e0\u00a0<strong>19H<\/strong>\u00a0\u00e0 Rauba Capeu, avec un d\u00e9part \u00e0\u00a0<strong>19H30<\/strong>. Pour plus d\u2019informations, consultez\u00a0<a href=\"http:\/\/url\/\" target=\"_blank\" rel=\"noopener nofollow\" data-saferedirecturl=\"https:\/\/www.google.com\/url?q=http:\/\/URL&amp;source=gmail&amp;ust=1755763218044000&amp;usg=AOvVaw0CZtoqJ9-Lyl4klAhq9pT9\">En savoir +<\/a>.<\/p>\n","protected":false},"excerpt":{"rendered":"La Critical Mass, un mouvement festif et engag\u00e9, revient \u00e0 Nice le 29 ao\u00fbt.La Critical Mass, n\u00e9e en&hellip;\n","protected":false},"author":2,"featured_media":331564,"comment_status":"","ping_status":"","sticky":false,"template":"","format":"standard","meta":{"footnotes":""},"categories":[2819],"tags":[1111,11,1777,674,1011,27,12,2401,882,25],"class_list":{"0":"post-331563","1":"post","2":"type-post","3":"status-publish","4":"format-standard","5":"has-post-thumbnail","7":"category-nice","8":"tag-actu","9":"tag-actualites","10":"tag-eu","11":"tag-europe","12":"tag-fr","13":"tag-france","14":"tag-news","15":"tag-nice","16":"tag-provence-alpes-cote-dazur","17":"tag-republique-francaise"},"share_on_mastodon":{"url":"https:\/\/pubeurope.com\/@fr\/115061112388058582","error":""},"_links":{"self":[{"href":"https:\/\/www.europesays.com\/fr\/wp-json\/wp\/v2\/posts\/331563","targetHints":{"allow":["GET"]}}],"collection":[{"href":"https:\/\/www.europesays.com\/fr\/wp-json\/wp\/v2\/posts"}],"about":[{"href":"https:\/\/www.europesays.com\/fr\/wp-json\/wp\/v2\/types\/post"}],"author":[{"embeddable":true,"href":"https:\/\/www.europesays.com\/fr\/wp-json\/wp\/v2\/users\/2"}],"replies":[{"embeddable":true,"href":"https:\/\/www.europesays.com\/fr\/wp-json\/wp\/v2\/comments?post=331563"}],"version-history":[{"count":0,"href":"https:\/\/www.europesays.com\/fr\/wp-json\/wp\/v2\/posts\/331563\/revisions"}],"wp:featuredmedia":[{"embeddable":true,"href":"https:\/\/www.europesays.com\/fr\/wp-json\/wp\/v2\/media\/331564"}],"wp:attachment":[{"href":"https:\/\/www.europesays.com\/fr\/wp-json\/wp\/v2\/media?parent=331563"}],"wp:term":[{"taxonomy":"category","embeddable":true,"href":"https:\/\/www.europesays.com\/fr\/wp-json\/wp\/v2\/categories?post=331563"},{"taxonomy":"post_tag","embeddable":true,"href":"https:\/\/www.europesays.com\/fr\/wp-json\/wp\/v2\/tags?post=331563"}],"curies":[{"name":"wp","href":"https:\/\/api.w.org\/{rel}","templated":true}]}}