{"id":331565,"date":"2025-08-20T12:33:15","date_gmt":"2025-08-20T12:33:15","guid":{"rendered":"https:\/\/www.europesays.com\/fr\/331565\/"},"modified":"2025-08-20T12:33:15","modified_gmt":"2025-08-20T12:33:15","slug":"forum-des-associations-et-du-benevolat","status":"publish","type":"post","link":"https:\/\/www.europesays.com\/fr\/331565\/","title":{"rendered":"Forum des associations et du b\u00e9n\u00e9volat"},"content":{"rendered":"<p>Samedi 06 septembre 2025<\/p>\n<p>de 09h00 \u00e0 13h00<\/p>\n<p>Samedi 6 septembre, de 9h \u00e0 13h, 56 associations luc\u00e9ennes seront pr\u00e9sentes \u00e0 Lig\u00e9ria pour pr\u00e9senter leurs activit\u00e9s au Th\u00e9\u00e2tre Lig\u00e9ria.<\/p>\n<p>C\u2019est l\u2019occasion pour les habitants de rencontrer les acteurs du tissu associatif local et de s\u2019inscrire aux activit\u00e9s, mais aussi de d\u00e9couvrir les services du CCAS, Info Jeunes et le P\u00f4le Parentalit\u00e9.<\/p>\n<p>Cette matin\u00e9e est aussi d\u00e9di\u00e9e aux b\u00e9n\u00e9voles et aux conseils de quartier, avec qui le public pourra \u00e9changer.<\/p>\n<p>Pendant toute la dur\u00e9e du Forum des associations et du b\u00e9n\u00e9volat, le parking du Th\u00e9\u00e2tre Lig\u00e9ria sera accessible et s\u00e9curis\u00e9 pour recevoir les visiteurs.<\/p>\n<p>\u00a0<\/p>\n<p><a href=\"https:\/\/www.europesays.com\/fr\/wp-content\/uploads\/2025\/08\/2025_forum_association-scaled.jpg\"><img loading=\"lazy\" decoding=\"async\" class=\" wp-image-50720 aligncenter colorbox-50719\" src=\"https:\/\/www.europesays.com\/fr\/wp-content\/uploads\/2025\/08\/2025_forum_association-scaled.jpg\" alt=\"\" width=\"607\" height=\"858\"\/><\/a><\/p>\n","protected":false},"excerpt":{"rendered":"Samedi 06 septembre 2025 de 09h00 \u00e0 13h00 Samedi 6 septembre, de 9h \u00e0 13h, 56 associations luc\u00e9ennes&hellip;\n","protected":false},"author":2,"featured_media":331566,"comment_status":"","ping_status":"","sticky":false,"template":"","format":"standard","meta":{"footnotes":""},"categories":[2818],"tags":[1111,11,1777,674,1011,27,766,12,2636,25],"class_list":{"0":"post-331565","1":"post","2":"type-post","3":"status-publish","4":"format-standard","5":"has-post-thumbnail","7":"category-nantes","8":"tag-actu","9":"tag-actualites","10":"tag-eu","11":"tag-europe","12":"tag-fr","13":"tag-france","14":"tag-nantes","15":"tag-news","16":"tag-pays-de-la-loire","17":"tag-republique-francaise"},"share_on_mastodon":{"url":"https:\/\/pubeurope.com\/@fr\/115061116360147260","error":""},"_links":{"self":[{"href":"https:\/\/www.europesays.com\/fr\/wp-json\/wp\/v2\/posts\/331565","targetHints":{"allow":["GET"]}}],"collection":[{"href":"https:\/\/www.europesays.com\/fr\/wp-json\/wp\/v2\/posts"}],"about":[{"href":"https:\/\/www.europesays.com\/fr\/wp-json\/wp\/v2\/types\/post"}],"author":[{"embeddable":true,"href":"https:\/\/www.europesays.com\/fr\/wp-json\/wp\/v2\/users\/2"}],"replies":[{"embeddable":true,"href":"https:\/\/www.europesays.com\/fr\/wp-json\/wp\/v2\/comments?post=331565"}],"version-history":[{"count":0,"href":"https:\/\/www.europesays.com\/fr\/wp-json\/wp\/v2\/posts\/331565\/revisions"}],"wp:featuredmedia":[{"embeddable":true,"href":"https:\/\/www.europesays.com\/fr\/wp-json\/wp\/v2\/media\/331566"}],"wp:attachment":[{"href":"https:\/\/www.europesays.com\/fr\/wp-json\/wp\/v2\/media?parent=331565"}],"wp:term":[{"taxonomy":"category","embeddable":true,"href":"https:\/\/www.europesays.com\/fr\/wp-json\/wp\/v2\/categories?post=331565"},{"taxonomy":"post_tag","embeddable":true,"href":"https:\/\/www.europesays.com\/fr\/wp-json\/wp\/v2\/tags?post=331565"}],"curies":[{"name":"wp","href":"https:\/\/api.w.org\/{rel}","templated":true}]}}